{"id":473834,"date":"2025-10-19T02:23:11","date_gmt":"2025-10-19T02:23:11","guid":{"rendered":"https:\/\/www.europesays.com\/fr\/473834\/"},"modified":"2025-10-19T02:23:11","modified_gmt":"2025-10-19T02:23:11","slug":"previsions-du-dimanche-19-octobre-2025-12","status":"publish","type":"post","link":"https:\/\/www.europesays.com\/fr\/473834\/","title":{"rendered":"pr\u00e9visions du dimanche 19 octobre 2025"},"content":{"rendered":"<p class=\"mb-4 text-lg md:leading-8 break-words\"><strong>M\u00e9t\u00e9o &#8211; Aujourd&rsquo;hui, le soleil sera dissimul\u00e9 derri\u00e8re des nuages. Des pluies \u00e9parses sont pr\u00e9vues. Les temp\u00e9ratures seront de 18\u00b0C la matin\u00e9e et de 20\u00b0C l&rsquo;apr\u00e8s-midi&#8230;<\/strong><\/p>\n<p class=\"mb-4 text-lg md:leading-8 break-words\">Marseille, o\u00f9 des nuages persisteront aujourd&rsquo;hui, continuera d&rsquo;attendre le soleil. Il va pleuvoir. Il fera 18\u00b0C en moyenne. Une l\u00e9g\u00e8re brise de sud-est soufflera. Les temp\u00e9ratures s&rsquo;\u00e9chelonneront entre 16\u00b0C et 20\u00b0C dans la matin\u00e9e. Le soleil aura du mal \u00e0 percer au milieu des nuages qui subsisteront dans l&rsquo;apr\u00e8s-midi. Les valeurs seront de 19\u00b0C au plus bas et de 20\u00b0C au plus haut. Le soir, toujours des nuages dans le ciel qui emp\u00eachent le soleil de faire son apparition. Des pluies \u00e9parses tomberont. Les temp\u00e9ratures afficheront entre 18 et 19\u00b0C. On pr\u00e9voit une nuit pluvieuse entre dimanche et lundi.<\/p>\n<p class=\"mb-4 text-lg md:leading-8 break-words\">Demain, Marseille sera travers\u00e9e par de l\u00e9g\u00e8res averses. Les valeurs seront comprises entre 17 et 19\u00b0C. Les temp\u00e9ratures tourneront autour des 18\u00b0C dans la matin\u00e9e. Un vent de sud-est soufflera \u00e0 27 km\/h. Les valeurs s&rsquo;\u00e9chelonneront entre 18 et 19\u00b0C durant l&rsquo;apr\u00e8s-midi. Le ciel va s&rsquo;\u00e9claircir au cours de la soir\u00e9e. Un vent de nord-est soufflera l\u00e9g\u00e8rement.<\/p>\n<p class=\"mb-4 text-lg md:leading-8 break-words\">Une am\u00e9lioration est pr\u00e9vue les jours qui suivent. Une m\u00e9t\u00e9o ensoleill\u00e9e, pour des temp\u00e9ratures de 18\u00b0C en moyenne, est attendue.<\/p>\n<p class=\"mb-4 text-lg md:leading-8 break-words\"><a href=\"https:\/\/www.20minutes.fr\/planete\/previsions-meteo\/4180176-20251019-meteo-marseille-previsions-dimanche-19-octobre-2025?at_medium=RSS%20feed&amp;at_campaign=ynews&amp;utm_source=yahoo&amp;utm_medium=rss&amp;utm_campaign=news_feed&amp;utm_content=read_more_link&quot;\" rel=\"nofollow noopener\" target=\"_blank\" data-ylk=\"slk:Lire la suite sur 20minutes;elm:context_link;itc:0;sec:content-canvas\" class=\"link \">Lire la suite sur 20minutes<\/a><\/p>\n","protected":false},"excerpt":{"rendered":"M\u00e9t\u00e9o &#8211; Aujourd&rsquo;hui, le soleil sera dissimul\u00e9 derri\u00e8re des nuages. Des pluies \u00e9parses sont pr\u00e9vues. Les temp\u00e9ratures seront&hellip;\n","protected":false},"author":2,"featured_media":473835,"comment_status":"","ping_status":"","sticky":false,"template":"","format":"standard","meta":{"footnotes":""},"categories":[2814],"tags":[1111,11,1777,674,1011,27,51394,6172,884,2487,12,882,25],"class_list":{"0":"post-473834","1":"post","2":"type-post","3":"status-publish","4":"format-standard","5":"has-post-thumbnail","7":"category-marseille","8":"tag-actu","9":"tag-actualites","10":"tag-eu","11":"tag-europe","12":"tag-fr","13":"tag-france","14":"tag-la-matinee","15":"tag-le-soleil","16":"tag-marseille","17":"tag-meteo","18":"tag-news","19":"tag-provence-alpes-cote-dazur","20":"tag-republique-francaise"},"share_on_mastodon":{"url":"https:\/\/pubeurope.com\/@fr\/115398456356874581","error":""},"_links":{"self":[{"href":"https:\/\/www.europesays.com\/fr\/wp-json\/wp\/v2\/posts\/473834","targetHints":{"allow":["GET"]}}],"collection":[{"href":"https:\/\/www.europesays.com\/fr\/wp-json\/wp\/v2\/posts"}],"about":[{"href":"https:\/\/www.europesays.com\/fr\/wp-json\/wp\/v2\/types\/post"}],"author":[{"embeddable":true,"href":"https:\/\/www.europesays.com\/fr\/wp-json\/wp\/v2\/users\/2"}],"replies":[{"embeddable":true,"href":"https:\/\/www.europesays.com\/fr\/wp-json\/wp\/v2\/comments?post=473834"}],"version-history":[{"count":0,"href":"https:\/\/www.europesays.com\/fr\/wp-json\/wp\/v2\/posts\/473834\/revisions"}],"wp:featuredmedia":[{"embeddable":true,"href":"https:\/\/www.europesays.com\/fr\/wp-json\/wp\/v2\/media\/473835"}],"wp:attachment":[{"href":"https:\/\/www.europesays.com\/fr\/wp-json\/wp\/v2\/media?parent=473834"}],"wp:term":[{"taxonomy":"category","embeddable":true,"href":"https:\/\/www.europesays.com\/fr\/wp-json\/wp\/v2\/categories?post=473834"},{"taxonomy":"post_tag","embeddable":true,"href":"https:\/\/www.europesays.com\/fr\/wp-json\/wp\/v2\/tags?post=473834"}],"curies":[{"name":"wp","href":"https:\/\/api.w.org\/{rel}","templated":true}]}}