{"id":473836,"date":"2025-10-19T02:24:17","date_gmt":"2025-10-19T02:24:17","guid":{"rendered":"https:\/\/www.europesays.com\/fr\/473836\/"},"modified":"2025-10-19T02:24:17","modified_gmt":"2025-10-19T02:24:17","slug":"les-restaurateurs-furieux-contre-gregory-doucet-a-cause-de-la-fete-des-lumieres","status":"publish","type":"post","link":"https:\/\/www.europesays.com\/fr\/473836\/","title":{"rendered":"les restaurateurs furieux contre Gr\u00e9gory Doucet \u00e0 cause de la F\u00eate des Lumi\u00e8res"},"content":{"rendered":"<p>Durant le mandat, il y a eu des \u00e9pisodes de tension comme celui autour de la vid\u00e9osurveillance ou des terrasses, et puis des rabibochages m\u00e9diatis\u00e9s comme \u00e0 la rentr\u00e9e.<\/p>\n<p>Mais la relation semble avoir pris fin brutalement cette semaine avec <a href=\"https:\/\/www.lyonmag.com\/article\/147475\/fete-des-lumieres-l-umih-claque-la-porte-la-ville-de-lyon-campe-sur-ses-positions\" target=\"_blank\" rel=\"noopener nofollow\">le divorce r\u00e9clam\u00e9 par les professionnels<\/a>. Le tort de <a href=\"https:\/\/www.lyonmag.com\/profil-personnalite-lyonnaise\/504\/gregory-doucet\" target=\"_blank\" rel=\"noopener nofollow\">Gr\u00e9gory Doucet<\/a> ? Avoir pr\u00e9vu et maintenu un food court sur la place Bellecour durant la F\u00eate des Lumi\u00e8res en d\u00e9cembre prochain.<\/p>\n<p>Outre un communiqu\u00e9 cinglant, l&rsquo;UMIH peut aussi compter sur ses membres \u00e9minents pour tailler un costard aux \u00e9cologistes.<\/p>\n<p><strong>\u00ab\u00a0Doit-on en d\u00e9duire qu&rsquo;il faut penser le changement ?\u00a0\u00bb<\/strong><\/p>\n<p>A l&rsquo;instar de Geoffrey Clavel, vice-pr\u00e9sident du syndicat. \u00ab\u00a0Proposer des stands de restauration sur la plus grande place d&rsquo;Europe, \u00e0 136 euros les 4 jours &#8211; \u00e9lectricit\u00e9 incluse et communication \u00e0 profusion, pendant les 4 jours de la F\u00eate des Lumi\u00e8res de la Ville de Lyon, ce n&rsquo;est pas de la concurrence d\u00e9loyale. C&rsquo;est un doigt d&rsquo;honneur. Oui, c&rsquo;est un bon gros fuck \u00e0 tous les exploitants de restaurant, de caf\u00e9, de bar, de coffee shop et de brasserie de la Presqu&rsquo;\u00eele, qui ont achet\u00e9 des fonds de commerce au prix fort, qui paient des loyers \u00e9lev\u00e9s et des droits de terrasse toute l&rsquo;ann\u00e9e pour profiter, l\u00e9gitimement, une fois dans l&rsquo;ann\u00e9e de cet \u00e9v\u00e8nement\u00a0\u00bb, se plaint-il sur ses r\u00e9seaux sociaux.<\/p>\n<p>Selon lui, Gr\u00e9gory Doucet ne joint pas le geste \u00e0 la parole : \u00ab\u00a0Les mots d&rsquo;amour, c&rsquo;est bien. Les preuves d&rsquo;amour, c&rsquo;est mieux\u00a0\u00bb.<\/p>\n<p>Et Geoffrey Clavel de brandir la menace ultime en pleine campagne des municipales : \u00ab\u00a0Notre corporation est gravement bless\u00e9e, et ce, en grosse partie \u00e0 cause de vos tranch\u00e9es. Vous nous regardez agoniser et vous ne voulez pas changer le pansement. Doit-on en d\u00e9duire qu&rsquo;il faut penser le changement ?\u00a0\u00bb<\/p>\n<p>Le food court de la place Bellecour sera-t-il maintenu pour l&rsquo;\u00e9dition 2025, peut-\u00eatre la derni\u00e8re pour les \u00e9cologistes ?<\/p>\n<p>La municipalit\u00e9 conteste l\u2019id\u00e9e d\u2019une concurrence d\u00e9loyale : \u00ab\u00a0Contrairement \u00e0 ce qu\u2019indique le communiqu\u00e9 de l\u2019UMIH, le food court de la place Bellecour n\u2019oppose pas les restaurateurs lyonnais \u00e0 des acteurs ext\u00e9rieurs. L\u2019espace est op\u00e9r\u00e9 par Caf\u00e9 Cousu, prestataire lyonnais retenu \u00e0 l\u2019issue d\u2019un march\u00e9 public.\u00a0\u00bb La Ville de Lyon pr\u00e9cise aussi que les commer\u00e7ants s\u00e9lectionn\u00e9s \u00e9taient issus des 1er, 2e, 6e et 7e arrondissements et que l\u2019offre\u00a0\u00ab\u00a0compl\u00e9mentaire\u00a0\u00bb repose sur \u00ab\u00a0la provenance et la qualit\u00e9 des produits.\u00a0\u00bb<\/p>\n","protected":false},"excerpt":{"rendered":"Durant le mandat, il y a eu des \u00e9pisodes de tension comme celui autour de la vid\u00e9osurveillance ou&hellip;\n","protected":false},"author":2,"featured_media":473837,"comment_status":"","ping_status":"","sticky":false,"template":"","format":"standard","meta":{"footnotes":""},"categories":[1889],"tags":[1111,11,2813,2190,2430,1109,251,1112,2811,1777,674,118,1011,27,1922,1110,1114,2428,2810,12,241,316,25,2812,517,800],"class_list":{"0":"post-473836","1":"post","2":"type-post","3":"status-publish","4":"format-standard","5":"has-post-thumbnail","7":"category-lyon","8":"tag-actu","9":"tag-actualites","10":"tag-article","11":"tag-asvel","12":"tag-auvergne-rhone-alpes","13":"tag-breves","14":"tag-culture","15":"tag-depeches","16":"tag-economique","17":"tag-eu","18":"tag-europe","19":"tag-faits-divers","20":"tag-fr","21":"tag-france","22":"tag-info","23":"tag-informations","24":"tag-infos","25":"tag-lyon","26":"tag-lyonmag","27":"tag-news","28":"tag-ol","29":"tag-politique","30":"tag-republique-francaise","31":"tag-sociale","32":"tag-sport","33":"tag-transports"},"share_on_mastodon":{"url":"https:\/\/pubeurope.com\/@fr\/115398460371909492","error":""},"_links":{"self":[{"href":"https:\/\/www.europesays.com\/fr\/wp-json\/wp\/v2\/posts\/473836","targetHints":{"allow":["GET"]}}],"collection":[{"href":"https:\/\/www.europesays.com\/fr\/wp-json\/wp\/v2\/posts"}],"about":[{"href":"https:\/\/www.europesays.com\/fr\/wp-json\/wp\/v2\/types\/post"}],"author":[{"embeddable":true,"href":"https:\/\/www.europesays.com\/fr\/wp-json\/wp\/v2\/users\/2"}],"replies":[{"embeddable":true,"href":"https:\/\/www.europesays.com\/fr\/wp-json\/wp\/v2\/comments?post=473836"}],"version-history":[{"count":0,"href":"https:\/\/www.europesays.com\/fr\/wp-json\/wp\/v2\/posts\/473836\/revisions"}],"wp:featuredmedia":[{"embeddable":true,"href":"https:\/\/www.europesays.com\/fr\/wp-json\/wp\/v2\/media\/473837"}],"wp:attachment":[{"href":"https:\/\/www.europesays.com\/fr\/wp-json\/wp\/v2\/media?parent=473836"}],"wp:term":[{"taxonomy":"category","embeddable":true,"href":"https:\/\/www.europesays.com\/fr\/wp-json\/wp\/v2\/categories?post=473836"},{"taxonomy":"post_tag","embeddable":true,"href":"https:\/\/www.europesays.com\/fr\/wp-json\/wp\/v2\/tags?post=473836"}],"curies":[{"name":"wp","href":"https:\/\/api.w.org\/{rel}","templated":true}]}}