{"id":473838,"date":"2025-10-19T02:25:11","date_gmt":"2025-10-19T02:25:11","guid":{"rendered":"https:\/\/www.europesays.com\/fr\/473838\/"},"modified":"2025-10-19T02:25:11","modified_gmt":"2025-10-19T02:25:11","slug":"previsions-du-dimanche-19-octobre-2025-13","status":"publish","type":"post","link":"https:\/\/www.europesays.com\/fr\/473838\/","title":{"rendered":"pr\u00e9visions du dimanche 19 octobre 2025"},"content":{"rendered":"<p class=\"mb-4 text-lg md:leading-8 break-words\"><strong>M\u00e9t\u00e9o &#8211; La grisaille ne se disperse toujours pas, il va y avoir encore des nuages aujourd&rsquo;hui. Les temp\u00e9ratures seront de 13\u00b0C la matin\u00e9e et de 18\u00b0C l&rsquo;apr\u00e8s-midi&#8230;<\/strong><\/p>\n<p class=\"mb-4 text-lg md:leading-8 break-words\">Encore de la grisaille aujourd&rsquo;hui. Les nuages vont stationner sur Lyon. Les temp\u00e9ratures seront de 14\u00b0C. Une petite brise de sud soufflera. Le matin, toujours des nuages dans le ciel qui emp\u00eachent le soleil d&rsquo;appara\u00eetre. Le soleil peinera \u00e0 percer au milieu des nuages qui persisteront dans l&rsquo;apr\u00e8s-midi. En revanche, les temp\u00e9ratures vont enregistrer une hausse de plusieurs degr\u00e9s. Les valeurs seront comprises entre 16 et 19\u00b0C. Le ciel va l\u00e9g\u00e8rement se d\u00e9gager dans la soir\u00e9e avec des \u00e9claircies. Le ciel sera limpide dans la nuit de dimanche \u00e0 lundi.<\/p>\n<p class=\"mb-4 text-lg md:leading-8 break-words\">Les nuages \u00e0 pr\u00e9voir demain, \u00e0 Lyon, et un ciel encore maussade. Les valeurs s&rsquo;\u00e9chelonneront entre 12 et 16\u00b0C. Un l\u00e9ger vent de sud sera ressenti par les habitants. La matin\u00e9e va rester grise \u00e0 cause de nuages qui se maintiennent dans le ciel. De la pluie est attendue. De la bruine l\u00e9g\u00e8re va tomber tout au long de l&rsquo;apr\u00e8s-midi. Les temp\u00e9ratures afficheront entre 14 et 16\u00b0C. Pour demain soir, des pluies \u00e9parses vont tomber sur la ville. On pr\u00e9voit des valeurs d&rsquo;environ 13\u00b0C.<\/p>\n<p class=\"mb-4 text-lg md:leading-8 break-words\">Les jours suivants s&rsquo;annoncent similaires. On s&rsquo;attend \u00e0 des journ\u00e9es pluvieuses, accompagn\u00e9es par des temp\u00e9ratures dans les 15\u00b0C en moyenne.<\/p>\n<p class=\"mb-4 text-lg md:leading-8 break-words\"><a href=\"https:\/\/www.20minutes.fr\/planete\/previsions-meteo\/4180169-20251019-meteo-lyon-previsions-dimanche-19-octobre-2025?at_medium=RSS%20feed&amp;at_campaign=ynews&amp;utm_source=yahoo&amp;utm_medium=rss&amp;utm_campaign=news_feed&amp;utm_content=read_more_link&quot;\" rel=\"nofollow noopener\" target=\"_blank\" data-ylk=\"slk:Lire la suite sur 20minutes;elm:context_link;itc:0;sec:content-canvas\" class=\"link \">Lire la suite sur 20minutes<\/a><\/p>\n","protected":false},"excerpt":{"rendered":"M\u00e9t\u00e9o &#8211; La grisaille ne se disperse toujours pas, il va y avoir encore des nuages aujourd&rsquo;hui. Les&hellip;\n","protected":false},"author":2,"featured_media":473839,"comment_status":"","ping_status":"","sticky":false,"template":"","format":"standard","meta":{"footnotes":""},"categories":[1889],"tags":[1111,11,2430,1777,674,1011,27,51394,29508,2428,12,25],"class_list":{"0":"post-473838","1":"post","2":"type-post","3":"status-publish","4":"format-standard","5":"has-post-thumbnail","7":"category-lyon","8":"tag-actu","9":"tag-actualites","10":"tag-auvergne-rhone-alpes","11":"tag-eu","12":"tag-europe","13":"tag-fr","14":"tag-france","15":"tag-la-matinee","16":"tag-le-ciel","17":"tag-lyon","18":"tag-news","19":"tag-republique-francaise"},"share_on_mastodon":{"url":"https:\/\/pubeurope.com\/@fr\/115398464182766950","error":""},"_links":{"self":[{"href":"https:\/\/www.europesays.com\/fr\/wp-json\/wp\/v2\/posts\/473838","targetHints":{"allow":["GET"]}}],"collection":[{"href":"https:\/\/www.europesays.com\/fr\/wp-json\/wp\/v2\/posts"}],"about":[{"href":"https:\/\/www.europesays.com\/fr\/wp-json\/wp\/v2\/types\/post"}],"author":[{"embeddable":true,"href":"https:\/\/www.europesays.com\/fr\/wp-json\/wp\/v2\/users\/2"}],"replies":[{"embeddable":true,"href":"https:\/\/www.europesays.com\/fr\/wp-json\/wp\/v2\/comments?post=473838"}],"version-history":[{"count":0,"href":"https:\/\/www.europesays.com\/fr\/wp-json\/wp\/v2\/posts\/473838\/revisions"}],"wp:featuredmedia":[{"embeddable":true,"href":"https:\/\/www.europesays.com\/fr\/wp-json\/wp\/v2\/media\/473839"}],"wp:attachment":[{"href":"https:\/\/www.europesays.com\/fr\/wp-json\/wp\/v2\/media?parent=473838"}],"wp:term":[{"taxonomy":"category","embeddable":true,"href":"https:\/\/www.europesays.com\/fr\/wp-json\/wp\/v2\/categories?post=473838"},{"taxonomy":"post_tag","embeddable":true,"href":"https:\/\/www.europesays.com\/fr\/wp-json\/wp\/v2\/tags?post=473838"}],"curies":[{"name":"wp","href":"https:\/\/api.w.org\/{rel}","templated":true}]}}