{"id":473852,"date":"2025-10-19T02:35:20","date_gmt":"2025-10-19T02:35:20","guid":{"rendered":"https:\/\/www.europesays.com\/fr\/473852\/"},"modified":"2025-10-19T02:35:20","modified_gmt":"2025-10-19T02:35:20","slug":"laccord-sur-le-nucleaire-iranien-a-expire-teheran-dit-quil-ne-sy-conformera-plus","status":"publish","type":"post","link":"https:\/\/www.europesays.com\/fr\/473852\/","title":{"rendered":"L\u2019accord sur le nucl\u00e9aire iranien a expir\u00e9, T\u00e9h\u00e9ran dit qu\u2019il ne s\u2019y conformera plus"},"content":{"rendered":"<p>L\u2019Iran a affirm\u00e9 samedi 18\u00a0octobre ne plus \u00eatre tenu par les \u00ab\u00a0restrictions\u00a0\u00bb li\u00e9es \u00e0 son programme nucl\u00e9aire, tout en r\u00e9it\u00e9rant son \u00ab\u00a0engagement\u00a0\u00bb pour la diplomatie, le jour de l\u2019expiration d\u2019un accord international conclu il y a dix ans. Cet accord, sign\u00e9 en 2015 par l\u2019Iran, la France, le Royaume-Uni, l\u2019Allemagne, les \u00c9tats-Unis, la Russie et la Chine visait \u00e0 encadrer les activit\u00e9s nucl\u00e9aires de la R\u00e9publique islamique en \u00e9change de la lev\u00e9e des sanctions de l\u2019Onu qui pesaient fortement sur son \u00e9conomie.<\/p>\n<p>Sa date d\u2019expiration avait \u00e9t\u00e9 fix\u00e9e au 18\u00a0octobre 2025, soit dix ans exactement apr\u00e8s l\u2019ent\u00e9rinement du texte par l\u2019Onu, via la r\u00e9solution 2231. D\u00e9sormais, \u00ab\u00a0toutes les dispositions (de l\u2019accord), y compris les restrictions pr\u00e9vues pour le programme nucl\u00e9aire iranien et les m\u00e9canismes connexes, sont consid\u00e9r\u00e9es termin\u00e9es\u00a0\u00bb, a \u00e9crit la diplomatie iranienne dans un communiqu\u00e9 publi\u00e9 \u00e0 l\u2019occasion de l\u2019expiration du pacte.<\/p>\n<p>L\u2019accord plafonnait l\u2019enrichissement d\u2019uranium par l\u2019Iran, soup\u00e7onn\u00e9 de chercher \u00e0 se doter de l\u2019arme atomique, \u00e0 3,67\u00a0%. Il pr\u00e9voyait aussi une stricte supervision de ses activit\u00e9s nucl\u00e9aires par l\u2019Agence internationale de l\u2019\u00e9nergie atomique (AIEA), gendarme onusien du nucl\u00e9aire.<\/p>\n<p>R\u00e9tablissement des sanctions<\/p>\n<p>Mais en 2018, les \u00c9tats-Unis, sous le premier mandat du pr\u00e9sident Donald Trump, se sont retir\u00e9s de l\u2019accord et ont r\u00e9tabli leurs sanctions contre l\u2019Iran. En repr\u00e9sailles, l\u2019Iran s\u2019est progressivement affranchi de certains engagements contenus dans l\u2019accord. Selon l\u2019AIEA, l\u2019Iran est ainsi le seul pays non dot\u00e9 de l\u2019arme nucl\u00e9aire \u00e0 enrichir l\u2019uranium \u00e0 un niveau \u00e9lev\u00e9 (60\u00a0%), proche du seuil technique de 90\u00a0% n\u00e9cessaire \u00e0 la fabrication de la bombe atomique.<\/p>\n<p>T\u00e9h\u00e9ran a en outre suspendu en juillet toute coop\u00e9ration avec l\u2019AIEA apr\u00e8s la guerre de douze jours contre Isra\u00ebl.\u00a0Le conflit a \u00e9galement mis fin \u00e0 une s\u00e9rie de pourparlers indirects men\u00e9s depuis avril entre les \u00c9tats-Unis et l\u2019Iran sur le programme nucl\u00e9aire iranien. <a target=\"_self\" href=\"https:\/\/www.lanouvellerepublique.fr\/a-la-une\/nucleaire-l-iran-rappelle-ses-ambassadeurs-en-france-en-allemagne-et-au-royaume-uni-avant-le-retablissement-des-sanctions-1758956991\" rel=\"noopener\">\u00c0 l\u2019initiative de la France, du Royaume-Uni et de l\u2019Allemagne<\/a>, l\u2019Onu a r\u00e9tabli fin septembre ses sanctions contre l\u2019Iran, lev\u00e9es il y a dix ans.<\/p>\n<p>Les trois pays europ\u00e9ens reprochent notamment \u00e0 l\u2019Iran son manque de coop\u00e9ration avec l\u2019AIEA et demandent une reprise des n\u00e9gociations avec les \u00c9tats-Unis. \u00ab\u00a0Les efforts de l\u2019Iran pour relancer les \u00e9changes (avec l\u2019AIEA) ayant abouti \u00e0 l\u2019accord du\u00a0Caire ont \u00e9galement \u00e9t\u00e9 sabot\u00e9s par les actions irresponsables\u00a0des trois pays europ\u00e9ens\u00a0\u00bb, ajoute la diplomatie iranienne. Elle fait r\u00e9f\u00e9rence \u00e0 l\u2019accord conclu en septembre entre l\u2019Iran et l\u2019AIEA, pour d\u00e9finir la reprise de leur coop\u00e9ration.<\/p>\n","protected":false},"excerpt":{"rendered":"L\u2019Iran a affirm\u00e9 samedi 18\u00a0octobre ne plus \u00eatre tenu par les \u00ab\u00a0restrictions\u00a0\u00bb li\u00e9es \u00e0 son programme nucl\u00e9aire, tout&hellip;\n","protected":false},"author":2,"featured_media":473853,"comment_status":"","ping_status":"","sticky":false,"template":"","format":"standard","meta":{"footnotes":""},"categories":[1589],"tags":[328,11,73,1866,329,3019,74,12,1864,1865,1863,308],"class_list":{"0":"post-473852","1":"post","2":"type-post","3":"status-publish","4":"format-standard","5":"has-post-thumbnail","7":"category-etats-unis","8":"tag-a-la-une","9":"tag-actualites","10":"tag-etats-unis","11":"tag-etats-unis-damerique","12":"tag-france-monde","13":"tag-iran","14":"tag-monde","15":"tag-news","16":"tag-united-states","17":"tag-united-states-of-america","18":"tag-us","19":"tag-usa"},"share_on_mastodon":{"url":"https:\/\/pubeurope.com\/@fr\/115398503521706763","error":""},"_links":{"self":[{"href":"https:\/\/www.europesays.com\/fr\/wp-json\/wp\/v2\/posts\/473852","targetHints":{"allow":["GET"]}}],"collection":[{"href":"https:\/\/www.europesays.com\/fr\/wp-json\/wp\/v2\/posts"}],"about":[{"href":"https:\/\/www.europesays.com\/fr\/wp-json\/wp\/v2\/types\/post"}],"author":[{"embeddable":true,"href":"https:\/\/www.europesays.com\/fr\/wp-json\/wp\/v2\/users\/2"}],"replies":[{"embeddable":true,"href":"https:\/\/www.europesays.com\/fr\/wp-json\/wp\/v2\/comments?post=473852"}],"version-history":[{"count":0,"href":"https:\/\/www.europesays.com\/fr\/wp-json\/wp\/v2\/posts\/473852\/revisions"}],"wp:featuredmedia":[{"embeddable":true,"href":"https:\/\/www.europesays.com\/fr\/wp-json\/wp\/v2\/media\/473853"}],"wp:attachment":[{"href":"https:\/\/www.europesays.com\/fr\/wp-json\/wp\/v2\/media?parent=473852"}],"wp:term":[{"taxonomy":"category","embeddable":true,"href":"https:\/\/www.europesays.com\/fr\/wp-json\/wp\/v2\/categories?post=473852"},{"taxonomy":"post_tag","embeddable":true,"href":"https:\/\/www.europesays.com\/fr\/wp-json\/wp\/v2\/tags?post=473852"}],"curies":[{"name":"wp","href":"https:\/\/api.w.org\/{rel}","templated":true}]}}