{"id":473858,"date":"2025-10-19T02:38:21","date_gmt":"2025-10-19T02:38:21","guid":{"rendered":"https:\/\/www.europesays.com\/fr\/473858\/"},"modified":"2025-10-19T02:38:21","modified_gmt":"2025-10-19T02:38:21","slug":"treteaux-chantants-les-quatre-finalistes-brestois-des-quartiers-europe-et-saint-marc-sont-connus","status":"publish","type":"post","link":"https:\/\/www.europesays.com\/fr\/473858\/","title":{"rendered":"Tr\u00e9teaux chantants\u00a0: les quatre finalistes brestois des quartiers Europe et Saint-Marc sont connus"},"content":{"rendered":"<p>La deuxi\u00e8me s\u00e9lection brestoise des <a href=\"https:\/\/www.letelegramme.fr\/finistere\/brest-29200\/un-michel-fugain-vibrant-illuminera-la-scene-des-treteaux-chantants-a-la-brest-arena-6877342.php\" title=\"www.letelegramme.fr\" target=\"_blank\" rel=\"noopener\">Tr\u00e9teaux chantants<\/a> pour les quartiers Saint-Marc et Europe s\u2019est d\u00e9roul\u00e9e au Patronage la\u00efque du Pilier Rouge, ce samedi 18 octobre 2025, devant 217 personnes. L\u2019enjeu \u00e9tait de gagner sa place pour la finale brestoise du 18 novembre prochain.<\/p>\n<p>Comme le veut la tradition, le public a ouvert ce rendez-vous en reprenant la chanson de Nino Ferrer \u00ab\u00a0Le Sud\u00a0\u00bb. Le jury \u00e9tait compos\u00e9 de Jack et Estelle Slimani, S\u00e9verine Garreau et Michel Bescond. Les douze candidats, dont un duo, \u00e9taient accompagn\u00e9s, comme toujours, par Patrick P\u00e9ron au piano.<\/p>\n<p>Au final, apr\u00e8s le vote, c\u2019est Alain Le Bris qui l\u2019a emport\u00e9 haut la main, gr\u00e2ce \u00e0 une \u00e9blouissante interpr\u00e9tation du \u00ab\u00a0Bal des Laze\u00a0\u00bb de Michel Polnareff. Il sera accompagn\u00e9, pour la finale, de Maddy Maillard, deuxi\u00e8me avec son interpr\u00e9tation de \u00ab\u00a0Il pleut sur Bruxelles\u00a0\u00bb de Dalida. \u00c9galement qualifi\u00e9e gr\u00e2ce \u00e0 sa troisi\u00e8me position, B\u00e9atrice Thomain avec \u00ab\u00a0La Vie en Rose\u00a0\u00bb d\u2019Edith Piaf. Enfin, le quatri\u00e8me \u00e0 pouvoir se rendre \u00e0 la salle Georges-Vigier le 18 novembre prochain est Michel Le Lann, qui a interpr\u00e9t\u00e9 \u00ab\u00a0La go\u00e9lette\u00a0\u00bb des Goristes et d\u2019Yvon \u00c9tienne. Ce dernier, dynamique animateur des Tr\u00e9teaux, n\u2019a pas manqu\u00e9 de raconter une anecdote sur la cr\u00e9ation de cette chanson.<\/p>\n<p>\u00ab\u00a0Un homme malheureux\u00a0\u00bb \u00e0 Lamb\u00e9, heureux au Pilier-Rouge\u00a0!<\/p>\n<p>\u00ab\u00a0J\u2019aime bien chanter. Il y a deux ans, j\u2019avais \u00e9t\u00e9 en finale \u00e0 l\u2019Arena, a expliqu\u00e9 Alain Le Bris, le vainqueur du jour. Samedi, j\u2019\u00e9tais \u00e0 la s\u00e9lection \u00e0 Lamb\u00e9zellec, je devais interpr\u00e9ter \u00ab\u00a0Un homme heureux\u00a0\u00bb de William Sheller. Mais ce fut le blanc total. Heureusement, j\u2019ai pu m\u2019inscrire ici\u00a0\u00bb. L\u2019\u00e9v\u00e9nement a aussi \u00e9t\u00e9 l\u2019occasion d\u2019entendre des interpr\u00e8tes de Johnny Hallyday, de Serge Reggiani, mais aussi un chant Breton \u00ab\u00a0Ar Rozenn\u00a0\u00bb. Le Duo Medley a anim\u00e9 la fin d\u2019apr\u00e8s-midi avec un large \u00e9ventail de titres connus de tous.<\/p>\n<p><b>Pratique<\/b><\/p>\n<p class=\"note\">La prochaine s\u00e9lection de Brest M\u00e9tropole aura lieu le mardi 4 novembre \u00e0 Plougastel-Daoulas et la derni\u00e8re s\u00e9ance brestoise se d\u00e9roulera le samedi 15 novembre, pour les quartiers Quatre-Moulins et Saint-Pierre au Mac Orlan. La finale brestoise se tiendra le mardi 18 novembre prochain, salle Georges-Vigier. Entr\u00e9e gratuite. Pour s\u2019inscrire, contacter S\u00e9verine Garreau au service culture-animation. Courriel\u00a0: <a href=\"https:\/\/www.letelegramme.fr\/cdn-cgi\/l\/email-protection\" class=\"__cf_email__\" data-cfemail=\"3340564556415a5d561d54524141565246735e525a415a561e51415640471d5541\" target=\"_blank\" rel=\"noopener\">[email\u00a0protected]<\/a> ou t\u00e9l. 02\u00a098\u00a000\u00a080\u00a011.<\/p>\n","protected":false},"excerpt":{"rendered":"La deuxi\u00e8me s\u00e9lection brestoise des Tr\u00e9teaux chantants pour les quartiers Saint-Marc et Europe s\u2019est d\u00e9roul\u00e9e au Patronage la\u00efque&hellip;\n","protected":false},"author":2,"featured_media":473859,"comment_status":"","ping_status":"","sticky":false,"template":"","format":"standard","meta":{"footnotes":""},"categories":[1586],"tags":[11,3450,7265,46309,251,1777,674,1011,27,873,12,25,59732],"class_list":{"0":"post-473858","1":"post","2":"type-post","3":"status-publish","4":"format-standard","5":"has-post-thumbnail","7":"category-europe","8":"tag-actualites","9":"tag-brest","10":"tag-brest-leurope","11":"tag-brest-saint-marc","12":"tag-culture","13":"tag-eu","14":"tag-europe","15":"tag-fr","16":"tag-france","17":"tag-musique","18":"tag-news","19":"tag-republique-francaise","20":"tag-treteaux-chantants"},"share_on_mastodon":{"url":"https:\/\/pubeurope.com\/@fr\/115398515339506773","error":""},"_links":{"self":[{"href":"https:\/\/www.europesays.com\/fr\/wp-json\/wp\/v2\/posts\/473858","targetHints":{"allow":["GET"]}}],"collection":[{"href":"https:\/\/www.europesays.com\/fr\/wp-json\/wp\/v2\/posts"}],"about":[{"href":"https:\/\/www.europesays.com\/fr\/wp-json\/wp\/v2\/types\/post"}],"author":[{"embeddable":true,"href":"https:\/\/www.europesays.com\/fr\/wp-json\/wp\/v2\/users\/2"}],"replies":[{"embeddable":true,"href":"https:\/\/www.europesays.com\/fr\/wp-json\/wp\/v2\/comments?post=473858"}],"version-history":[{"count":0,"href":"https:\/\/www.europesays.com\/fr\/wp-json\/wp\/v2\/posts\/473858\/revisions"}],"wp:featuredmedia":[{"embeddable":true,"href":"https:\/\/www.europesays.com\/fr\/wp-json\/wp\/v2\/media\/473859"}],"wp:attachment":[{"href":"https:\/\/www.europesays.com\/fr\/wp-json\/wp\/v2\/media?parent=473858"}],"wp:term":[{"taxonomy":"category","embeddable":true,"href":"https:\/\/www.europesays.com\/fr\/wp-json\/wp\/v2\/categories?post=473858"},{"taxonomy":"post_tag","embeddable":true,"href":"https:\/\/www.europesays.com\/fr\/wp-json\/wp\/v2\/tags?post=473858"}],"curies":[{"name":"wp","href":"https:\/\/api.w.org\/{rel}","templated":true}]}}