{"id":473860,"date":"2025-10-19T02:39:16","date_gmt":"2025-10-19T02:39:16","guid":{"rendered":"https:\/\/www.europesays.com\/fr\/473860\/"},"modified":"2025-10-19T02:39:16","modified_gmt":"2025-10-19T02:39:16","slug":"le-plr-soutient-les-accords-avec-lunion-europeenne-et-se-dote-dune-copresidence","status":"publish","type":"post","link":"https:\/\/www.europesays.com\/fr\/473860\/","title":{"rendered":"Le PLR soutient les accords avec l\u2019Union europ\u00e9enne et se dote d\u2019une copr\u00e9sidence"},"content":{"rendered":"<p>Une salle comble. Une centaine d\u2019orateurs, dont le temps de parole a \u00e9t\u00e9 limit\u00e9 \u00e0 une minute chacun. Un pr\u00e9sident sortant en retrait. Thierry Burkart s\u2019appr\u00eate, samedi matin, \u00e0 c\u00e9der sa place \u00e0 la pr\u00e9sidence du PLR lors d\u2019une des plus grandes assembl\u00e9es des d\u00e9l\u00e9gu\u00e9s que le parti ait connu depuis le lancement de la campagne pour les f\u00e9d\u00e9rales de 2023. Toutes les sections cantonales ont envoy\u00e9 des repr\u00e9sentants au Stade de Suisse du Wankdorf pour d\u00e9battre des accords entre la Suisse et l\u2019Union europ\u00e9enne.<\/p>\n<p>Le lieu est plus coutumier des rencontres de football que des affrontements politiques. Mais ce terrain se r\u00e9v\u00e8le finalement tr\u00e8s appropri\u00e9: le match entre pro et anti-accords avec l\u2019Union europ\u00e9enne (UE) s\u2019annon\u00e7ait serr\u00e9. La salle choisie offre une vue plongeante sur la pelouse du club des Young Boys. Mais les d\u00e9l\u00e9gu\u00e9s n\u2019auront pas pu assister \u00e0 l\u2019entra\u00eenement de fin de matin\u00e9e, en pr\u00e9vision du match contre Saint-Gall de dimanche. Les footballeurs ne veulent pas d\u2019observateurs indiscrets et ont confin\u00e9 les lib\u00e9raux-radicaux dans leur salle entre 11 heures et 12 heures.<\/p>\n","protected":false},"excerpt":{"rendered":"Une salle comble. Une centaine d\u2019orateurs, dont le temps de parole a \u00e9t\u00e9 limit\u00e9 \u00e0 une minute chacun.&hellip;\n","protected":false},"author":2,"featured_media":473861,"comment_status":"","ping_status":"","sticky":false,"template":"","format":"standard","meta":{"footnotes":""},"categories":[1586],"tags":[11,1777,674,1779,1011,27,12,59411,6328,301,25,2582,1778,364],"class_list":{"0":"post-473860","1":"post","2":"type-post","3":"status-publish","4":"format-standard","5":"has-post-thumbnail","7":"category-europe","8":"tag-actualites","9":"tag-eu","10":"tag-europe","11":"tag-european-union","12":"tag-fr","13":"tag-france","14":"tag-news","15":"tag-plr","16":"tag-politique-federale","17":"tag-premium","18":"tag-republique-francaise","19":"tag-suisse-ue","20":"tag-ue","21":"tag-union-europeenne"},"share_on_mastodon":{"url":"https:\/\/pubeurope.com\/@fr\/115398519283835241","error":""},"_links":{"self":[{"href":"https:\/\/www.europesays.com\/fr\/wp-json\/wp\/v2\/posts\/473860","targetHints":{"allow":["GET"]}}],"collection":[{"href":"https:\/\/www.europesays.com\/fr\/wp-json\/wp\/v2\/posts"}],"about":[{"href":"https:\/\/www.europesays.com\/fr\/wp-json\/wp\/v2\/types\/post"}],"author":[{"embeddable":true,"href":"https:\/\/www.europesays.com\/fr\/wp-json\/wp\/v2\/users\/2"}],"replies":[{"embeddable":true,"href":"https:\/\/www.europesays.com\/fr\/wp-json\/wp\/v2\/comments?post=473860"}],"version-history":[{"count":0,"href":"https:\/\/www.europesays.com\/fr\/wp-json\/wp\/v2\/posts\/473860\/revisions"}],"wp:featuredmedia":[{"embeddable":true,"href":"https:\/\/www.europesays.com\/fr\/wp-json\/wp\/v2\/media\/473861"}],"wp:attachment":[{"href":"https:\/\/www.europesays.com\/fr\/wp-json\/wp\/v2\/media?parent=473860"}],"wp:term":[{"taxonomy":"category","embeddable":true,"href":"https:\/\/www.europesays.com\/fr\/wp-json\/wp\/v2\/categories?post=473860"},{"taxonomy":"post_tag","embeddable":true,"href":"https:\/\/www.europesays.com\/fr\/wp-json\/wp\/v2\/tags?post=473860"}],"curies":[{"name":"wp","href":"https:\/\/api.w.org\/{rel}","templated":true}]}}