{"id":473862,"date":"2025-10-19T02:40:18","date_gmt":"2025-10-19T02:40:18","guid":{"rendered":"https:\/\/www.europesays.com\/fr\/473862\/"},"modified":"2025-10-19T02:40:18","modified_gmt":"2025-10-19T02:40:18","slug":"benjamin-netanyahu-fixe-une-condition-pour-la-fin-de-la-guerre-contre-le-hamas","status":"publish","type":"post","link":"https:\/\/www.europesays.com\/fr\/473862\/","title":{"rendered":"Benjamin Netanyahu fixe une condition pour la fin de la guerre contre le Hamas"},"content":{"rendered":"<p>        <img decoding=\"async\" loading=\"lazy\" src=\"https:\/\/www.europesays.com\/fr\/wp-content\/uploads\/2025\/10\/3f9d1af_upload-1-7dzkhmdqxnr0-afp-20251016-78zy463-v1-highres-israelpalestinianconflict.jpg\"  width=\"728\" height=\"410\" alt=\"Benjamin Netanyahu, ici \u00e0 J\u00e9rusalem en isra\u00ebl, le 16\u00a0octobre 2025. \"\/>  <\/p>\n<p>ALEX KOLOMOISKY \/ AFP<\/p>\n<p>Benjamin Netanyahu, ici \u00e0 J\u00e9rusalem en isra\u00ebl, le 16\u00a0octobre 2025. <\/p>\n<p class=\"asset asset-text\">GAZA &#8211; C\u2019est un avertissement formul\u00e9 par Benjamin Netanyahu ce samedi 18\u00a0octobre. <a href=\"https:\/\/www.huffingtonpost.fr\/international\/video\/netanyahu-prend-la-parole-a-l-onu-face-a-une-salle-a-moitie-vide-et-semble-loin-de-chercher-l-apaisement_255295.html\" target=\"_blank\" rel=\"noopener\">Le Premier ministre isra\u00e9lien<\/a> a affirm\u00e9 que la guerre dans la bande de Gaza ne s\u2019arr\u00eatera d\u00e9finitivement qu\u2019avec <a href=\"https:\/\/www.huffingtonpost.fr\/international\/article\/le-hamas-deja-de-retour-a-gaza-trump-menace-de-le-desarmer_256001.html\" target=\"_blank\" rel=\"noopener\">le d\u00e9sarmement du Hamas<\/a> et la d\u00e9militarisation du territoire palestinien, pr\u00e9vue par la seconde phase de l\u2019accord de cessez-le-feu.<\/p>\n<p class=\"asset asset-text\">Cette seconde phase inclut \u00ab\u00a0le d\u00e9sarmement du Hamas, ou plus pr\u00e9cis\u00e9ment la d\u00e9militarisation de la bande de Gaza, et avant cela, la confiscation des armes du Hamas\u00a0\u00bb, a d\u00e9clar\u00e9 Benjamin Netanyahu sur la cha\u00eene t\u00e9l\u00e9vis\u00e9e Channel 14. \u00ab\u00a0Lorsque cela aura \u00e9t\u00e9 accompli avec succ\u00e8s &#8211; j\u2019esp\u00e8re de mani\u00e8re simple, mais sinon, \u00e0 la dure, &#8211; alors la guerre prendra fin\u00a0\u00bb, a-t-il ajout\u00e9, alors que le Hamas a rejet\u00e9 jusque-l\u00e0 tout d\u00e9sarmement.<\/p>\n<p class=\"asset asset-text\">L\u2019arm\u00e9e isra\u00e9lienne a de son c\u00f4t\u00e9 annonc\u00e9 que la Croix-Rouge \u00e9tait en route dans la soir\u00e9e pour r\u00e9cup\u00e9rer dans le sud de la bande de Gaza \u00ab\u00a0plusieurs\u00a0\u00bb corps d\u2019otages, apr\u00e8s l\u2019annonce par la branche arm\u00e9e du Hamas qu\u2019elle remettrait \u00e0 21h (heure fran\u00e7aise) les d\u00e9pouilles de deux otages, retrouv\u00e9es selon elle plus t\u00f4t dans la journ\u00e9e.<\/p>\n<p class=\"asset asset-text\">Le bureau de Benjamin Netanyahu a par ailleurs affirm\u00e9 que la r\u00e9ouverture du point de passage de Rafah entre la bande de Gaza et l\u2019\u00c9gypte, crucial pour l\u2019entr\u00e9e d\u2019aide humanitaire dans le territoire palestinien d\u00e9vast\u00e9, \u00ab\u00a0sera envisag\u00e9e en fonction de la mani\u00e8re dont le Hamas s\u2019acquittera de ses obligations en mati\u00e8re de restitution des otages et des corps des d\u00e9funts, et de mise en \u0153uvre du cadre convenu\u00a0\u00bb. Ce point de passage, dont l\u2019ouverture est r\u00e9clam\u00e9e par la communaut\u00e9 humanitaire, restera ferm\u00e9 \u00ab\u00a0jusqu\u2019\u00e0 nouvel ordre\u00a0\u00bb, a pr\u00e9cis\u00e9 le bureau.<\/p>\n<p class=\"asset asset-text\">Cette fermeture \u00ab\u00a0bloque l\u2019entr\u00e9e des \u00e9quipements sp\u00e9cialis\u00e9s n\u00e9cessaires\u00a0\u00bb pour rechercher les corps sous les d\u00e9combres et \u00ab\u00a0entra\u00eenera des retards importants dans la r\u00e9cup\u00e9ration et la remise des d\u00e9pouilles\u00a0\u00bb, a r\u00e9agi le Hamas dans un communiqu\u00e9.<\/p>\n","protected":false},"excerpt":{"rendered":"ALEX KOLOMOISKY \/ AFP Benjamin Netanyahu, ici \u00e0 J\u00e9rusalem en isra\u00ebl, le 16\u00a0octobre 2025. GAZA &#8211; C\u2019est un&hellip;\n","protected":false},"author":2,"featured_media":473863,"comment_status":"","ping_status":"","sticky":false,"template":"","format":"standard","meta":{"footnotes":""},"categories":[2],"tags":[11,3448,1011,27,665,3519,14,664,12,25],"class_list":{"0":"post-473862","1":"post","2":"type-post","3":"status-publish","4":"format-standard","5":"has-post-thumbnail","7":"category-actualites","8":"tag-actualites","9":"tag-benjamin-netanyahou","10":"tag-fr","11":"tag-france","12":"tag-gaza","13":"tag-hamas","14":"tag-international","15":"tag-israel","16":"tag-news","17":"tag-republique-francaise"},"share_on_mastodon":{"url":"https:\/\/pubeurope.com\/@fr\/115398523655354578","error":""},"_links":{"self":[{"href":"https:\/\/www.europesays.com\/fr\/wp-json\/wp\/v2\/posts\/473862","targetHints":{"allow":["GET"]}}],"collection":[{"href":"https:\/\/www.europesays.com\/fr\/wp-json\/wp\/v2\/posts"}],"about":[{"href":"https:\/\/www.europesays.com\/fr\/wp-json\/wp\/v2\/types\/post"}],"author":[{"embeddable":true,"href":"https:\/\/www.europesays.com\/fr\/wp-json\/wp\/v2\/users\/2"}],"replies":[{"embeddable":true,"href":"https:\/\/www.europesays.com\/fr\/wp-json\/wp\/v2\/comments?post=473862"}],"version-history":[{"count":0,"href":"https:\/\/www.europesays.com\/fr\/wp-json\/wp\/v2\/posts\/473862\/revisions"}],"wp:featuredmedia":[{"embeddable":true,"href":"https:\/\/www.europesays.com\/fr\/wp-json\/wp\/v2\/media\/473863"}],"wp:attachment":[{"href":"https:\/\/www.europesays.com\/fr\/wp-json\/wp\/v2\/media?parent=473862"}],"wp:term":[{"taxonomy":"category","embeddable":true,"href":"https:\/\/www.europesays.com\/fr\/wp-json\/wp\/v2\/categories?post=473862"},{"taxonomy":"post_tag","embeddable":true,"href":"https:\/\/www.europesays.com\/fr\/wp-json\/wp\/v2\/tags?post=473862"}],"curies":[{"name":"wp","href":"https:\/\/api.w.org\/{rel}","templated":true}]}}