{"id":473866,"date":"2025-10-19T02:42:12","date_gmt":"2025-10-19T02:42:12","guid":{"rendered":"https:\/\/www.europesays.com\/fr\/473866\/"},"modified":"2025-10-19T02:42:12","modified_gmt":"2025-10-19T02:42:12","slug":"finlande-france-a-quelle-heure-et-sur-quelle-chaine-tv-suivre-les-qualifications-de-leuro-feminin-de-handball","status":"publish","type":"post","link":"https:\/\/www.europesays.com\/fr\/473866\/","title":{"rendered":"Finlande-France\u00a0: \u00e0 quelle heure et sur quelle cha\u00eene TV suivre les qualifications de l\u2019Euro f\u00e9minin de handball\u00a0?"},"content":{"rendered":"<p class=\"paragraph text_align_left lp-f-body-02\">Apr\u00e8s leur <a href=\"https:\/\/www.leparisien.fr\/sports\/handball\/handball-on-avait-un-plan-les-bleues-debutent-les-qualifications-de-leuro-par-une-ecrasante-victoire-15-10-2025-TGWYIISL5NGTJOEG5WU5QJ6XYI.php\" target=\"_self\" rel=\"nofollow noopener\">belle victoire contre le Kosovo (43-12)<\/a> pour leur entr\u00e9e en lice dans les qualifications de l\u2019Euro f\u00e9minin, les Bleues se d\u00e9placent en Finlande pour continuer leur campagne \u00e0 un peu plus d\u2019un an du d\u00e9but de l\u2019Euro.<\/p>\n<p class=\"paragraph text_align_left lp-f-body-02\">Sans l\u2019habituelle capitaine <a href=\"https:\/\/www.leparisien.fr\/sports\/handball\/handball-estelle-nze-minko-capitaine-des-bleues-enceinte-et-absente-pour-le-prochain-mondial-11-09-2025-SKC3D2H6FFHGHHD4253Z2IZRYM.php\" rel=\"nofollow noopener\" target=\"_blank\">Estelle Nze Minko<\/a>, Chlo\u00e9 Valentini et Laura Flippes, les championnes du monde en titre devront continuer leur route dans ces qualifications avec en ligne de mire les futurs Championnats du monde en Allemagne et aux Pays-Bas dans un mois (du 26 novembre au 14 d\u00e9cembre) o\u00f9 elles visent un quatri\u00e8me sacre.<\/p>\n<p class=\"paragraph text_align_left lp-f-body-02\">De leur c\u00f4t\u00e9, les Finlandaises se sont inclin\u00e9es contre les Croates (25-17) lors de leur entr\u00e9e en lice dans ces \u00e9liminatoires.<\/p>\n<p class=\"paragraph text_align_left lp-f-body-02\"><b>Le coup d\u2019envoi du match Finlande-France est pr\u00e9vu \u00e0 15 heures ce dimanche 19 octobre. La rencontre sera \u00e0 suivre en direct \u00e0 la t\u00e9l\u00e9vision sur BeIN Sports 1.<\/b><\/p>\n","protected":false},"excerpt":{"rendered":"Apr\u00e8s leur belle victoire contre le Kosovo (43-12) pour leur entr\u00e9e en lice dans les qualifications de l\u2019Euro&hellip;\n","protected":false},"author":2,"featured_media":473867,"comment_status":"","ping_status":"","sticky":false,"template":"","format":"standard","meta":{"footnotes":""},"categories":[4],"tags":[11,1011,27,1792,12,25,60],"class_list":{"0":"post-473866","1":"post","2":"type-post","3":"status-publish","4":"format-standard","5":"has-post-thumbnail","7":"category-france","8":"tag-actualites","9":"tag-fr","10":"tag-france","11":"tag-handball","12":"tag-news","13":"tag-republique-francaise","14":"tag-sports"},"share_on_mastodon":{"url":"https:\/\/pubeurope.com\/@fr\/115398531178913344","error":""},"_links":{"self":[{"href":"https:\/\/www.europesays.com\/fr\/wp-json\/wp\/v2\/posts\/473866","targetHints":{"allow":["GET"]}}],"collection":[{"href":"https:\/\/www.europesays.com\/fr\/wp-json\/wp\/v2\/posts"}],"about":[{"href":"https:\/\/www.europesays.com\/fr\/wp-json\/wp\/v2\/types\/post"}],"author":[{"embeddable":true,"href":"https:\/\/www.europesays.com\/fr\/wp-json\/wp\/v2\/users\/2"}],"replies":[{"embeddable":true,"href":"https:\/\/www.europesays.com\/fr\/wp-json\/wp\/v2\/comments?post=473866"}],"version-history":[{"count":0,"href":"https:\/\/www.europesays.com\/fr\/wp-json\/wp\/v2\/posts\/473866\/revisions"}],"wp:featuredmedia":[{"embeddable":true,"href":"https:\/\/www.europesays.com\/fr\/wp-json\/wp\/v2\/media\/473867"}],"wp:attachment":[{"href":"https:\/\/www.europesays.com\/fr\/wp-json\/wp\/v2\/media?parent=473866"}],"wp:term":[{"taxonomy":"category","embeddable":true,"href":"https:\/\/www.europesays.com\/fr\/wp-json\/wp\/v2\/categories?post=473866"},{"taxonomy":"post_tag","embeddable":true,"href":"https:\/\/www.europesays.com\/fr\/wp-json\/wp\/v2\/tags?post=473866"}],"curies":[{"name":"wp","href":"https:\/\/api.w.org\/{rel}","templated":true}]}}