{"id":473874,"date":"2025-10-19T02:48:12","date_gmt":"2025-10-19T02:48:12","guid":{"rendered":"https:\/\/www.europesays.com\/fr\/473874\/"},"modified":"2025-10-19T02:48:12","modified_gmt":"2025-10-19T02:48:12","slug":"et-de-10-pour-rueda","status":"publish","type":"post","link":"https:\/\/www.europesays.com\/fr\/473874\/","title":{"rendered":"Et de 10 pour Rueda !"},"content":{"rendered":"<p>&#13;<\/p>\n<p><strong>Jos\u00e9 Antonio Rueda a priv\u00e9 Joel Kelso d&rsquo;une premi\u00e8re victoire \u00e0 domicile tandis qu&rsquo;Alvaro Carpe compl\u00e8te le podium loin derri\u00e8re. <\/strong><\/p>\n<p>Tout juste sacr\u00e9 champion du monde, Jos\u00e9 Antonio Rueda continue sur sa lanc\u00e9e. L&rsquo;Espagnol s&rsquo;est en effet adjug\u00e9 sa 10e victoire de l&rsquo;ann\u00e9e, rejoignant Joan Mir (2017), Marc Marquez (2010) ou encore Fausto Gresini (1987) qui l&rsquo;ont fait avant lui dans la cat\u00e9gorie d&rsquo;introduction. Seuls Valentino (11, 1997) et David Alonso (14, 2024) ont fait mieux jusqu&rsquo;\u00e0 pr\u00e9sent. <\/p>\n<p>Rueda s&rsquo;est impos\u00e9 devant Joel Kelso pourtant bien parti pour s&rsquo;offrir sa premi\u00e8re victoire en Moto3, sur ses terres. Loin derri\u00e8re les deux leaders figure Alvaro Carpe  qui s&rsquo;est impos\u00e9 au terme d&rsquo;une lutte serr\u00e9e pour la troisi\u00e8me position devant Joel Esteban, qui a parfaitement rempli son r\u00f4le de Dennis Foggia ce week-end, et Maximo Quiles, venu compl\u00e9ter le Top 5. <\/p>\n<p>Course compliqu\u00e9e pour Angel Piqueras, seulement 17e au passage sous le drapeau \u00e0 damier.<\/p>\n<p><strong>Classement <\/strong><\/p>\n<p><img decoding=\"async\" src=\"https:\/\/www.europesays.com\/fr\/wp-content\/uploads\/2025\/10\/Capture-d---e--cran-2025-10-19-a---03.47.14.png\" class=\"kg-image\" alt=\"\" loading=\"lazy\" width=\"850\" height=\"1450\"  \/>&#13;<br \/>\n           &#13;<br \/>\n&#13;<br \/>\n    &#13;<br \/>\n    &#13;<\/p>\n","protected":false},"excerpt":{"rendered":"&#13; Jos\u00e9 Antonio Rueda a priv\u00e9 Joel Kelso d&rsquo;une premi\u00e8re victoire \u00e0 domicile tandis qu&rsquo;Alvaro Carpe compl\u00e8te le&hellip;\n","protected":false},"author":2,"featured_media":473875,"comment_status":"","ping_status":"","sticky":false,"template":"","format":"standard","meta":{"footnotes":""},"categories":[1413],"tags":[1011,27,1457,1456,60],"class_list":{"0":"post-473874","1":"post","2":"type-post","3":"status-publish","4":"format-standard","5":"has-post-thumbnail","7":"category-moto","8":"tag-fr","9":"tag-france","10":"tag-moto","11":"tag-motocycle","12":"tag-sports"},"share_on_mastodon":{"url":"https:\/\/pubeurope.com\/@fr\/115398555343446818","error":""},"_links":{"self":[{"href":"https:\/\/www.europesays.com\/fr\/wp-json\/wp\/v2\/posts\/473874","targetHints":{"allow":["GET"]}}],"collection":[{"href":"https:\/\/www.europesays.com\/fr\/wp-json\/wp\/v2\/posts"}],"about":[{"href":"https:\/\/www.europesays.com\/fr\/wp-json\/wp\/v2\/types\/post"}],"author":[{"embeddable":true,"href":"https:\/\/www.europesays.com\/fr\/wp-json\/wp\/v2\/users\/2"}],"replies":[{"embeddable":true,"href":"https:\/\/www.europesays.com\/fr\/wp-json\/wp\/v2\/comments?post=473874"}],"version-history":[{"count":0,"href":"https:\/\/www.europesays.com\/fr\/wp-json\/wp\/v2\/posts\/473874\/revisions"}],"wp:featuredmedia":[{"embeddable":true,"href":"https:\/\/www.europesays.com\/fr\/wp-json\/wp\/v2\/media\/473875"}],"wp:attachment":[{"href":"https:\/\/www.europesays.com\/fr\/wp-json\/wp\/v2\/media?parent=473874"}],"wp:term":[{"taxonomy":"category","embeddable":true,"href":"https:\/\/www.europesays.com\/fr\/wp-json\/wp\/v2\/categories?post=473874"},{"taxonomy":"post_tag","embeddable":true,"href":"https:\/\/www.europesays.com\/fr\/wp-json\/wp\/v2\/tags?post=473874"}],"curies":[{"name":"wp","href":"https:\/\/api.w.org\/{rel}","templated":true}]}}