{"id":473876,"date":"2025-10-19T02:49:11","date_gmt":"2025-10-19T02:49:11","guid":{"rendered":"https:\/\/www.europesays.com\/fr\/473876\/"},"modified":"2025-10-19T02:49:11","modified_gmt":"2025-10-19T02:49:11","slug":"le-duel-fratricide-entre-les-pilotes-mclaren-se-poursuit-a-austin","status":"publish","type":"post","link":"https:\/\/www.europesays.com\/fr\/473876\/","title":{"rendered":"Le duel fratricide entre les pilotes McLaren se poursuit \u00e0 Austin"},"content":{"rendered":"<p class=\"lede\">L&rsquo;Afghanistan et le Pakistan se sont mis d&rsquo;accord dimanche sur un \u00ab\u00a0cessez-le-feu imm\u00e9diat\u00a0\u00bb apr\u00e8s des pourparlers samedi au Qatar pour tenter de ramener durablement le calme \u00e0 leur fronti\u00e8re, a annonc\u00e9 Doha. Les affrontements ont fait des dizaines de morts.<\/p>\n<p>Au cours de n\u00e9gociations entam\u00e9es samedi \u00e0 Doha, \u00ab\u00a0les deux parties se sont mises d&rsquo;accord sur un cessez-le-feu imm\u00e9diat et l&rsquo;instauration de m\u00e9canismes pour consolider une paix durable et la stabilit\u00e9\u00a0\u00bb, a annonc\u00e9 dimanche dans un communiqu\u00e9 publi\u00e9 sur le r\u00e9seau social X le minist\u00e8re qatari des affaires \u00e9trang\u00e8res.<\/p>\n<p>Les modalit\u00e9s de cet accord n&rsquo;ont pas \u00e9t\u00e9 d\u00e9voil\u00e9es, mais \u00ab\u00a0des r\u00e9unions de suivi auront lieu dans les prochains jours\u00a0\u00bb entre responsables afghans et pakistanais pour s&rsquo;assurer de sa mise en oeuvre, pr\u00e9cise Doha, saluant \u00ab\u00a0une \u00e9tape importante\u00a0\u00bb.<\/p>\n<p>Apr\u00e8s avoir assist\u00e9 aux pourparlers \u00e0 Doha, le ministre pakistanais de la d\u00e9fense, Khawaja Asif, a confirm\u00e9 sur X qu&rsquo;un accord de cessez-le-feu avait \u00e9t\u00e9 conclu et a d\u00e9clar\u00e9 que les deux parties se r\u00e9uniraient \u00e0 nouveau \u00e0 Istanbul le 25 octobre. \u00ab\u00a0Nous exprimons notre profonde gratitude aux deux pays fr\u00e8res, le Qatar et la Turquie\u00a0\u00bb, qui ont jou\u00e9 le r\u00f4le de m\u00e9diateur, a-t-il ajout\u00e9.<\/p>\n<p>Une premi\u00e8re tr\u00eave<\/p>\n<p>Kaboul a accus\u00e9 vendredi soir son voisin d&rsquo;avoir rompu la tr\u00eave apr\u00e8s des frappes ayant tu\u00e9 au moins dix civils, dont deux enfants et trois joueurs de cricket, dans la province de Paktika (est). Des sources de s\u00e9curit\u00e9 pakistanaises ont confirm\u00e9 des \u00ab\u00a0frappes a\u00e9riennes de pr\u00e9cision sur le sol afghan\u00a0\u00bb, visant une organisation arm\u00e9e.<\/p>\n<p>Le gouvernement taliban \u00ab\u00a0se r\u00e9serve le droit de r\u00e9pondre\u00a0\u00bb, avait assur\u00e9 son porte-parole, \u00ab\u00a0mais par respect pour l&rsquo;\u00e9quipe de n\u00e9gociateurs\u00a0\u00bb, les forces afghanes doivent \u00ab\u00a0s&rsquo;abstenir de toutes nouvelles actions\u00a0\u00bb.<\/p>\n<p>A l&rsquo;annonce du cessez-le-feu mercredi \u00e0 15h00 (heure en Suisse), Islamabad avait affirm\u00e9 qu&rsquo;il devait durer 48 heures, mais l&rsquo;Afghanistan avait estim\u00e9 qu&rsquo;il serait en vigueur jusqu&rsquo;\u00e0 sa violation par la partie adverse.<\/p>\n<p>La tr\u00eave a tenu deux jours, apr\u00e8s des affrontements ayant d\u00e9bord\u00e9 jusqu&rsquo;\u00e0 Kaboul, th\u00e9\u00e2tre d&rsquo;explosions, et ayant fait des dizaines de morts. Depuis les raids pakistanais de vendredi soir, le calme est revenu \u00e0 la fronti\u00e8re, d&rsquo;apr\u00e8s des correspondants de l&rsquo;AFP dans la r\u00e9gion.<\/p>\n<p>\u00ab\u00a0Atmosph\u00e8re de peur\u00a0\u00bb<\/p>\n<p>Samedi, des centaines de personnes ont particip\u00e9 aux fun\u00e9railles des civils tu\u00e9s dans le district d&rsquo;Urgun \u00e0 Paktika, selon un journaliste de l&rsquo;AFP sur place.<\/p>\n<p>\u00ab\u00a0Il y a aujourd&rsquo;hui une atmosph\u00e8re de peur et de panique\u00a0\u00bb, a t\u00e9moign\u00e9 aupr\u00e8s de l&rsquo;AFP Anwar Bidar, un travailleur ind\u00e9pendant d&rsquo;Urgun. \u00ab\u00a0J&rsquo;esp\u00e8re un cessez-le-feu temporaire dans les jours \u00e0 venir, mais l&rsquo;exp\u00e9rience nous a montr\u00e9 que le Pakistan attaque r\u00e9guli\u00e8rement les r\u00e9gions frontali\u00e8res et continuera de le faire\u00a0\u00bb.<\/p>\n<p>L&rsquo;escalade militaire s&rsquo;inscrit dans des tensions bilat\u00e9rales r\u00e9currentes, aliment\u00e9es par des questions migratoires et s\u00e9curitaires.<\/p>\n<p>Islamabad, confront\u00e9 \u00e0 une r\u00e9surgence d&rsquo;attaques contre ses forces de s\u00e9curit\u00e9, accuse inlassablement son voisin afghan \u00ab\u00a0d&rsquo;abriter\u00a0\u00bb des groupes \u00ab\u00a0terroristes\u00a0\u00bb, en t\u00eate desquels les talibans pakistanais (TTP), ce que Kaboul d\u00e9ment.<\/p>\n<p>Talibans pakistanais<\/p>\n<p>Kaboul doit \u00ab\u00a0reprendre le contr\u00f4le\u00a0\u00bb sur les combattants qui utilisent son sol \u00ab\u00a0pour perp\u00e9trer des attaques odieuses au Pakistan\u00a0\u00bb, a redit samedi le chef d&rsquo;\u00e9tat-major de l&rsquo;arm\u00e9e pakistanaise, Syed Asim Munir.<\/p>\n<p>\u00ab\u00a0Nous n&rsquo;avons jamais amen\u00e9, ni soutenu, le TTP ici\u00a0\u00bb, a de son c\u00f4t\u00e9 affirm\u00e9 le vice-ministre afghan de l&rsquo;Int\u00e9rieur, Mohammed Nabi Omari, lors d&rsquo;une c\u00e9r\u00e9monie publique \u00e0 Khost, autre r\u00e9gion frontali\u00e8re.<\/p>\n<p>La confrontation a d\u00e9but\u00e9 la semaine derni\u00e8re apr\u00e8s des explosions dans la capitale afghane, que les autorit\u00e9s des talibans avaient imput\u00e9es au voisin pakistanais. En repr\u00e9sailles, elles avaient d\u00e9clench\u00e9 \u00e0 la fronti\u00e8re une offensive, \u00e0 laquelle Islamabad avait promis une \u00ab\u00a0r\u00e9ponse muscl\u00e9e\u00a0\u00bb.<\/p>\n<p>La semaine derni\u00e8re, les premi\u00e8res d\u00e9flagrations \u00e0 Kaboul avaient eu lieu au moment o\u00f9 d\u00e9butait une visite in\u00e9dite du chef de la diplomatie talibane en Inde, l&rsquo;ennemi historique du Pakistan.<\/p>\n<p>Cet article a \u00e9t\u00e9 publi\u00e9 automatiquement. Sources : ats \/ afp<\/p>\n","protected":false},"excerpt":{"rendered":"L&rsquo;Afghanistan et le Pakistan se sont mis d&rsquo;accord dimanche sur un \u00ab\u00a0cessez-le-feu imm\u00e9diat\u00a0\u00bb apr\u00e8s des pourparlers samedi au&hellip;\n","protected":false},"author":2,"featured_media":473877,"comment_status":"","ping_status":"","sticky":false,"template":"","format":"standard","meta":{"footnotes":""},"categories":[1412],"tags":[1451,1452,1453,1454,1455,1011,27,60],"class_list":{"0":"post-473876","1":"post","2":"type-post","3":"status-publish","4":"format-standard","5":"has-post-thumbnail","7":"category-f1","8":"tag-f1","9":"tag-formula-1","10":"tag-formula1","11":"tag-formule-1","12":"tag-formule1","13":"tag-fr","14":"tag-france","15":"tag-sports"},"share_on_mastodon":{"url":"https:\/\/pubeurope.com\/@fr\/115398558744250170","error":""},"_links":{"self":[{"href":"https:\/\/www.europesays.com\/fr\/wp-json\/wp\/v2\/posts\/473876","targetHints":{"allow":["GET"]}}],"collection":[{"href":"https:\/\/www.europesays.com\/fr\/wp-json\/wp\/v2\/posts"}],"about":[{"href":"https:\/\/www.europesays.com\/fr\/wp-json\/wp\/v2\/types\/post"}],"author":[{"embeddable":true,"href":"https:\/\/www.europesays.com\/fr\/wp-json\/wp\/v2\/users\/2"}],"replies":[{"embeddable":true,"href":"https:\/\/www.europesays.com\/fr\/wp-json\/wp\/v2\/comments?post=473876"}],"version-history":[{"count":0,"href":"https:\/\/www.europesays.com\/fr\/wp-json\/wp\/v2\/posts\/473876\/revisions"}],"wp:featuredmedia":[{"embeddable":true,"href":"https:\/\/www.europesays.com\/fr\/wp-json\/wp\/v2\/media\/473877"}],"wp:attachment":[{"href":"https:\/\/www.europesays.com\/fr\/wp-json\/wp\/v2\/media?parent=473876"}],"wp:term":[{"taxonomy":"category","embeddable":true,"href":"https:\/\/www.europesays.com\/fr\/wp-json\/wp\/v2\/categories?post=473876"},{"taxonomy":"post_tag","embeddable":true,"href":"https:\/\/www.europesays.com\/fr\/wp-json\/wp\/v2\/tags?post=473876"}],"curies":[{"name":"wp","href":"https:\/\/api.w.org\/{rel}","templated":true}]}}