{"id":473878,"date":"2025-10-19T02:50:15","date_gmt":"2025-10-19T02:50:15","guid":{"rendered":"https:\/\/www.europesays.com\/fr\/473878\/"},"modified":"2025-10-19T02:50:15","modified_gmt":"2025-10-19T02:50:15","slug":"cyclisme-maillot-blanc-du-tour-de-france-et-vainqueur-sur-la-vuelta-pierre-latour-prend-sa-retraite-a-32-ans","status":"publish","type":"post","link":"https:\/\/www.europesays.com\/fr\/473878\/","title":{"rendered":"Cyclisme. Maillot blanc du Tour de France et vainqueur sur la Vuelta, Pierre Latour prend sa retraite \u00e0 32 ans"},"content":{"rendered":"<p>\u00ab Il devait mettre un terme \u00e0 sa carri\u00e8re professionnelle apr\u00e8s le Chrono des Nations. J\u2019ai l\u2019impression que c\u2019est d\u00e9j\u00e0 fait\u2026 \u00bb La pr\u00e9vision de Claude Latour, p\u00e8re de Pierre, apr\u00e8s son <a href=\"https:\/\/www.ledauphine.com\/sport\/2025\/10\/07\/le-cycliste-pierre-latour-percute-et-blesse-par-un-camion-a-l-entrainement-il-a-ete-bien-amoche-temoigne-son-pere\" target=\"_blank\" rel=\"noopener\">accident de la route<\/a> survenu le mardi 7 octobre dernier s&rsquo;est confirm\u00e9e. Le Dr\u00f4mois ne prendra pas le d\u00e9part ce dimanche de l&rsquo;\u00e9preuve aux Herbiers (Vend\u00e9e) et \u00ab\u00a0ne sera plus dans le peloton professionnel en 2026\u00a0\u00bb a\u00a0confirm\u00e9 le p\u00e8re, vendredi, \u00e0 <a href=\"https:\/\/www.francebleu.fr\/sports\/cyclisme\/cyclisme-le-coureur-romanais-pierre-latour-prend-sa-retraite-a-32-ans-6481427\" target=\"_blank\" rel=\"noopener\">Ici Dr\u00f4me-Ard\u00e8che<\/a>.<\/p>\n<p>Clap de fin, donc, pour le coureur de Romans-sur-Is\u00e8re, \u00e0 32 ans, apr\u00e8s onze ans chez les professionnels.\u00a0Apr\u00e8s avoir port\u00e9 les coureurs d&rsquo;AG2R La Mondiale de 2015 \u00e0 2020, le rouleur-grimpeur a rejoint en 2021 la formation vend\u00e9enne dirig\u00e9e par Jean-Ren\u00e9 Bernaudeau Total Direct \u00c9nergie (devenue TotalEnergies).<\/p>\n<p>  Des appr\u00e9hensions en descente lui auront co\u00fbt\u00e9 un plus grand palmar\u00e8s<\/p>\n<p>Tout au long de sa carri\u00e8re, <a href=\"https:\/\/www.ledauphine.com\/p\/pierre-latour\" target=\"_blank\" rel=\"noopener\">Pierre Latour<\/a> aura d\u00e9croch\u00e9 sept bouquets, dont le dernier le 30 mai 2025 apr\u00e8s un num\u00e9ro dans le final de la <a href=\"https:\/\/www.ledauphine.com\/sport\/2025\/05\/31\/une-victoire-pour-retrouver-l-envie-463-jours-apres-pierre-latour-a-leve-les-bras\" target=\"_blank\" rel=\"noopener\">2e \u00e9tape des Boucles de la Mayenne<\/a>. Ses principaux faits d&rsquo;armes restent ce maillot blanc remport\u00e9 sur le Tour de France en 2018, sa victoire sur le Tour d&rsquo;Espagne en 2016 et ses deux titres de champion de France du contre-la-montre en 2017 et 2018. Tant de r\u00e9sultats qui laissaient pr\u00e9sager d&rsquo;un avenir radieux pour celui qui a aussi pris la 3e place d&rsquo;un Tour de Catalogne (2018).<\/p>\n<p>Mais,\u00a0apr\u00e8s ces belles promesses sont venues les gal\u00e8res. Des appr\u00e9hensions en descente, n\u00e9es de chutes, qui lui auront sans doute co\u00fbter un palmar\u00e8s encore plus fourni. <\/p>\n<p>Encore en juin dernier, il disait ne pas savoir de quoi sera fait la suite &#8211; \u00ab\u00a0on verra plus tard\u00a0\u00bb, nous confiait Pierre Latour &#8211; la d\u00e9cision est cette fois act\u00e9e.\u00a0<\/p>\n","protected":false},"excerpt":{"rendered":"\u00ab Il devait mettre un terme \u00e0 sa carri\u00e8re professionnelle apr\u00e8s le Chrono des Nations. J\u2019ai l\u2019impression que&hellip;\n","protected":false},"author":2,"featured_media":473879,"comment_status":"","ping_status":"","sticky":false,"template":"","format":"standard","meta":{"footnotes":""},"categories":[1411],"tags":[1154,207,2730,2737,107,1701,1011,27,1479,2736,517,1947,60],"class_list":{"0":"post-473878","1":"post","2":"type-post","3":"status-publish","4":"format-standard","5":"has-post-thumbnail","7":"category-cyclisme","8":"tag-cycling","9":"tag-cyclisme","10":"tag-drome","11":"tag-edition-romans-nord-drome","12":"tag-fil-info","13":"tag-fil-info-sport","14":"tag-fr","15":"tag-france","16":"tag-romans","17":"tag-romans-sur-isere","18":"tag-sport","19":"tag-sport-national","20":"tag-sports"},"share_on_mastodon":{"url":"https:\/\/pubeurope.com\/@fr\/115398562524300882","error":""},"_links":{"self":[{"href":"https:\/\/www.europesays.com\/fr\/wp-json\/wp\/v2\/posts\/473878","targetHints":{"allow":["GET"]}}],"collection":[{"href":"https:\/\/www.europesays.com\/fr\/wp-json\/wp\/v2\/posts"}],"about":[{"href":"https:\/\/www.europesays.com\/fr\/wp-json\/wp\/v2\/types\/post"}],"author":[{"embeddable":true,"href":"https:\/\/www.europesays.com\/fr\/wp-json\/wp\/v2\/users\/2"}],"replies":[{"embeddable":true,"href":"https:\/\/www.europesays.com\/fr\/wp-json\/wp\/v2\/comments?post=473878"}],"version-history":[{"count":0,"href":"https:\/\/www.europesays.com\/fr\/wp-json\/wp\/v2\/posts\/473878\/revisions"}],"wp:featuredmedia":[{"embeddable":true,"href":"https:\/\/www.europesays.com\/fr\/wp-json\/wp\/v2\/media\/473879"}],"wp:attachment":[{"href":"https:\/\/www.europesays.com\/fr\/wp-json\/wp\/v2\/media?parent=473878"}],"wp:term":[{"taxonomy":"category","embeddable":true,"href":"https:\/\/www.europesays.com\/fr\/wp-json\/wp\/v2\/categories?post=473878"},{"taxonomy":"post_tag","embeddable":true,"href":"https:\/\/www.europesays.com\/fr\/wp-json\/wp\/v2\/tags?post=473878"}],"curies":[{"name":"wp","href":"https:\/\/api.w.org\/{rel}","templated":true}]}}