{"id":473880,"date":"2025-10-19T02:51:15","date_gmt":"2025-10-19T02:51:15","guid":{"rendered":"https:\/\/www.europesays.com\/fr\/473880\/"},"modified":"2025-10-19T02:51:15","modified_gmt":"2025-10-19T02:51:15","slug":"zaire-emery-psg-titulaire-face-au-bayer-leverkusen","status":"publish","type":"post","link":"https:\/\/www.europesays.com\/fr\/473880\/","title":{"rendered":"Za\u00efre-Emery (PSG) titulaire face au Bayer Leverkusen ?"},"content":{"rendered":"<p><img width=\"780\" height=\"470\" src=\"https:\/\/www.europesays.com\/fr\/wp-content\/uploads\/2025\/10\/Warren-Zaire-Emery-avec-le-PSG-pendant-un-match-de-la-Coupe-du-monde-des-clubs-le-20juin-2025-210903.jpeg\" class=\"attachment-jannah-image-post size-jannah-image-post wp-post-image\" alt=\"Warren Za\u00efre-Emery\" is_main_img=\"1\" decoding=\"async\" fetchpriority=\"high\"\/><\/p>\n<p>En grande forme lors du match nul contre le RC Strasbourg ce<br \/>\nvendredi (3-3), le milieu du PSG, Warren Za\u00efre-Emery, pourrait<br \/>\nencha\u00eener une nouvelle titularisation mardi face au Bayer<br \/>\nLeverkusen en Ligue des champions.<\/p>\n<p>Capitaine lors du match spectaculaire face au <strong>RC<br \/>\nStrasbourg<\/strong> ce vendredi soir en ouverture de la <strong>8e<br \/>\njourn\u00e9e de Ligue 1<\/strong>, <strong>Warren Za\u00efre-Emery<\/strong><br \/>\nretrouve une bonne forme. Une excellente nouvelle pour <strong>Luis<br \/>\nEnrique<\/strong> et le <strong>PSG<\/strong> dans ce<br \/>\n<strong><a href=\"https:\/\/canal-supporters.com\/le-calendrier-intense-du-psg-jusqua-la-mi-novembre\/\" title=\"\" target=\"_blank\" rel=\"noopener\">marathon de matchs<\/a><\/strong> jusqu\u2019\u00e0 la prochaine tr\u00eave<br \/>\ninternationale. Redescendu avec <strong>l\u2019\u00e9quipe de France<br \/>\nEspoirs<\/strong>, le milieu de 19 ans a retrouv\u00e9 des couleurs. Face<br \/>\nau <strong>RCSA<\/strong>, sa percussion et ses prises de balle ont<br \/>\nrappel\u00e9 sa meilleure p\u00e9riode du d\u00e9but de l\u2019\u00e8re <strong>Luis<br \/>\nEnrique<\/strong>.<\/p>\n<p>Za\u00efre-Emery,<br \/>\njoueur parisien le plus utilis\u00e9 cette saison<\/p>\n<p>Joueur le plus utilis\u00e9 de la saison chez les Rouge &amp; Bleu avec<br \/>\n765 minutes de jeu, devant <strong>Achraf Hakimi<\/strong> (744) et<br \/>\n<strong>Vitinha<\/strong> (742), <strong>Warren Za\u00efre-Emery<\/strong><br \/>\npourrait avoir l\u2019occasion de confirme son retour en forme ce mardi<br \/>\nen <strong>Ligue des champions<\/strong>. En effet, selon<br \/>\n<strong><a href=\"https:\/\/www.leparisien.fr\/sports\/football\/psg\/on-est-contents-de-le-voir-a-ce-niveau-pourquoi-warren-zaire-emery-revient-en-forme-au-bon-moment-18-10-2025-Z7UVX3JWDRABFHMFCOUX7AKOBA.php\" target=\"_blank\" rel=\"noopener\" title=\"\">Le<br \/>\nParisien<\/a><\/strong>, le Titi devrait profiter de la blessure<br \/>\nde <strong>Jo\u00e3o Neves<\/strong> et de l\u2019incertitude autour de<br \/>\n<strong>Fabian Ruiz<\/strong> pour encha\u00eener une deuxi\u00e8me<br \/>\ntitularisation de suite en <strong>C1<\/strong> face au<br \/>\n<strong><a href=\"https:\/\/canal-supporters.com\/ldc-avant-de-recevoir-le-psg-le-bayer-leverkusen-simpose-en-bundesliga\/\" title=\"\" target=\"_blank\" rel=\"noopener\">Bayer Leverkusen<\/a><\/strong> ce mardi (21h sur Canal<br \/>\nPlus Foot). \u00ab\u00a0Au <strong>Campus<\/strong>, le staff de<br \/>\n<strong>Luis Enrique<\/strong> ne cache pas sa satisfaction quant \u00e0<br \/>\nun \u00e9l\u00e9ment qui se montre \u00e0 l\u2019\u00e9coute de tout le monde, des conseils<br \/>\ndu coach comme de ses partenaires. Qui gr\u00e2ce \u00e0 un \u00e9tat d\u2019esprit<br \/>\nirr\u00e9prochable ne renonce jamais. \u2018C\u2019est non seulement un bon joueur<br \/>\nmais c\u2019est aussi un bon gar\u00e7on\u2019, note-t-on en<br \/>\ninterne.\u00a0\u00bb<\/p>\n<\/p>\n<p>Youtube :<br \/>\n<strong><a href=\"https:\/\/www.youtube.com\/@CanalSupportersParis\/videos\" target=\"_blank\" rel=\"noopener\" title=\"\">Canal Supporters<br \/>\nParis<\/a><\/strong><\/p>\n","protected":false},"excerpt":{"rendered":"En grande forme lors du match nul contre le RC Strasbourg ce vendredi (3-3), le milieu du PSG,&hellip;\n","protected":false},"author":2,"featured_media":473881,"comment_status":"","ping_status":"","sticky":false,"template":"","format":"standard","meta":{"footnotes":""},"categories":[1410],"tags":[59734,59735,81,787,14700,63,1011,27,87,447,32051,91,92,93,60,796,96,1620,59736],"class_list":{"0":"post-473880","1":"post","2":"type-post","3":"status-publish","4":"format-standard","5":"has-post-thumbnail","7":"category-football","8":"tag-bayer-leverkusen-psg","9":"tag-bayer-psg","10":"tag-canal-supporters","11":"tag-cs","12":"tag-fabian-ruiz","13":"tag-football","14":"tag-fr","15":"tag-france","16":"tag-joao-neves","17":"tag-ligue-des-champions","18":"tag-milieu-psg","19":"tag-paris-saint-germain","20":"tag-paris-sg","21":"tag-psg","22":"tag-sports","23":"tag-uefa-champions-league","24":"tag-une","25":"tag-warren-zaire-emery","26":"tag-zaire-emery-psg"},"share_on_mastodon":{"url":"https:\/\/pubeurope.com\/@fr\/115398566957043864","error":""},"_links":{"self":[{"href":"https:\/\/www.europesays.com\/fr\/wp-json\/wp\/v2\/posts\/473880","targetHints":{"allow":["GET"]}}],"collection":[{"href":"https:\/\/www.europesays.com\/fr\/wp-json\/wp\/v2\/posts"}],"about":[{"href":"https:\/\/www.europesays.com\/fr\/wp-json\/wp\/v2\/types\/post"}],"author":[{"embeddable":true,"href":"https:\/\/www.europesays.com\/fr\/wp-json\/wp\/v2\/users\/2"}],"replies":[{"embeddable":true,"href":"https:\/\/www.europesays.com\/fr\/wp-json\/wp\/v2\/comments?post=473880"}],"version-history":[{"count":0,"href":"https:\/\/www.europesays.com\/fr\/wp-json\/wp\/v2\/posts\/473880\/revisions"}],"wp:featuredmedia":[{"embeddable":true,"href":"https:\/\/www.europesays.com\/fr\/wp-json\/wp\/v2\/media\/473881"}],"wp:attachment":[{"href":"https:\/\/www.europesays.com\/fr\/wp-json\/wp\/v2\/media?parent=473880"}],"wp:term":[{"taxonomy":"category","embeddable":true,"href":"https:\/\/www.europesays.com\/fr\/wp-json\/wp\/v2\/categories?post=473880"},{"taxonomy":"post_tag","embeddable":true,"href":"https:\/\/www.europesays.com\/fr\/wp-json\/wp\/v2\/tags?post=473880"}],"curies":[{"name":"wp","href":"https:\/\/api.w.org\/{rel}","templated":true}]}}