{"id":473885,"date":"2025-10-19T02:54:15","date_gmt":"2025-10-19T02:54:15","guid":{"rendered":"https:\/\/www.europesays.com\/fr\/473885\/"},"modified":"2025-10-19T02:54:15","modified_gmt":"2025-10-19T02:54:15","slug":"au-salon-bigouden-du-livre-nono-et-alain-goutal-exposent-leur-bretagne","status":"publish","type":"post","link":"https:\/\/www.europesays.com\/fr\/473885\/","title":{"rendered":"Au Salon bigouden du livre, Nono et\u00a0Alain Goutal exposent leur Bretagne"},"content":{"rendered":"<p>Nono et Alain Goutal, c\u2019est en premier lieu une belle amiti\u00e9 qui perdure depuis des d\u00e9cennies. \u00ab\u00a0On a commenc\u00e9 \u00e0 bosser ensemble en 1972 au Comit\u00e9 r\u00e9gional d\u2019information nucl\u00e9aire (Crin), contre le projet de centrale nucl\u00e9aire \u00e0 Erdeven\u00a0\u00bb, retrace l\u2019embl\u00e9matique affichiste du Kreiz Breizh. Rien d\u2019\u00e9tonnant donc \u00e0 ce que ces deux copains se retrouvent dans le Pays bigouden pour d\u00e9voiler leurs derniers projets en avant-premi\u00e8re.<\/p>\n<p>\u00ab\u00a0Je me suis l\u00e2ch\u00e9\u00a0!\u00a0\u00bb<\/p>\n<p><a href=\"https:\/\/www.letelegramme.fr\/culture-loisirs\/livres\/nono-dessiner-la-bretagne-cest-dessiner-lodeur-du-beurre-6857711.php\" target=\"_blank\" rel=\"nofollow noopener\">Apr\u00e8s sa \u00ab\u00a0Nonographie\u00a0\u00bb<\/a>, publi\u00e9e cet \u00e9t\u00e9, le dessinateur de presse du T\u00e9l\u00e9gramme s\u2019attaque une fois encore \u00e0 son sujet de pr\u00e9dilection\u00a0: la Bretagne\u00a0! Dans son ouvrage, Nono brosse ainsi le portrait de 100 Bretons typiques. La baigneuse toute saison, le militant \u00e9colo, la Bigoud\u00e8ne, l\u2019ancien ministre, l\u2019ex-Parisien\u2026 Chaque caricature est accompagn\u00e9e de plusieurs commentaires, pr\u00e9sentant ses caract\u00e9ristiques les plus saillantes, le tout de fa\u00e7on dr\u00f4le et intelligente. Autour du go\u00e9land mazout\u00e9, on retrouvera ainsi le nom de six p\u00e9troliers ayant provoqu\u00e9 des mar\u00e9es noires en Bretagne. \u00ab\u00a0Je ne voulais pas un livre chiant \u00e0 lire, mais au contraire tr\u00e8s facile \u00e0 prendre en main, en essayant de dire beaucoup de choses en quelques mots\u00a0\u00bb, commente le dessinateur, qui confie s\u2019\u00eatre \u00ab\u00a0l\u00e2ch\u00e9\u00a0\u00bb et beaucoup amus\u00e9 dans cet exercice. Avec \u00ab\u00a0Bande de Bretons\u00a0!\u00a0\u00bb, Nono &#8211; qui s\u2019est transform\u00e9 en \u00ab\u00a0ethnonologue \u00e0 la sauce armoricaine\u00a0\u00bb &#8211; livre avant tout un v\u00e9ritable cri d\u2019amour \u00e0 sa Bretagne natale et la population qui la compose. Parmi ces 100 portraits, le lecteur pourra s\u2019amuser \u00e0 se reconna\u00eetre dans certains personnages croqu\u00e9s, mais aussi \u00e0 deviner certaines c\u00e9l\u00e9brit\u00e9s bien connues de nos contr\u00e9es\u2026<\/p>\n<p>Les Festo\u00f9 Noz s\u2019affichent<\/p>\n<p><a href=\"https:\/\/www.letelegramme.fr\/cotes-d-armor\/guingamp-22200\/je-nai-jamais-change-ma-ligne-de-vue-car-cest-ma-liberte-alain-goutal-fidele-a-lesprit-charlie-6738103.php\" target=\"_blank\" rel=\"nofollow noopener\">Pour Alain Goutal<\/a>, direction le Centre-Bretagne (mais pas que) o\u00f9 l\u2019homme compose depuis plus de 50 ans les affiches des fest-Noz et Fest-Deiz du coin. Sur un total de 500 r\u00e9alisations, l\u2019auteur de bande dessin\u00e9e en a s\u00e9lectionn\u00e9 50 pour composer un recueil, intitul\u00e9 \u00ab\u00a0Festo\u00f9 Noz\u00a0\u00bb. \u00c0 travers les \u0153uvres de s\u00e9rigraphie pr\u00e9sent\u00e9es, Alain Goutal retrace tout un pan d\u2019histoire de ce mouvement culturel, encore bien vivant de nos jours. L\u00e0 aussi, les lecteurs reconna\u00eetront sur les 120 pages de l\u2019album des visages embl\u00e9matiques de la musique bretonne. \u00ab\u00a0Le petit jeu serait m\u00eame de trouver les affiches o\u00f9 n\u2019apparaissent pas les fr\u00e8res Morvan\u00a0\u00bb, s\u2019amuse l\u2019artiste.<\/p>\n<p>Lui comme Nono seront pr\u00e9sents ce dimanche 19 octobre 2025, pour la deuxi\u00e8me et derni\u00e8re journ\u00e9e du Salon bigouden du livre, \u00e0 Pont-l\u2019Abb\u00e9. L\u2019occasion de discuter avec les deux comp\u00e8res, et pourquoi pas, d\u2019obtenir une petite d\u00e9dicace.<\/p>\n<p>Pratique<\/p>\n<p class=\"note\">Salon bigouden du livre, ce dimanche 19 octobre 2025, au Triskell de Pont-l\u2019Abb\u00e9, de 10\u00a0h \u00e0 18\u00a0h. Entr\u00e9e libre.<\/p>\n","protected":false},"excerpt":{"rendered":"Nono et Alain Goutal, c\u2019est en premier lieu une belle amiti\u00e9 qui perdure depuis des d\u00e9cennies. \u00ab\u00a0On a&hellip;\n","protected":false},"author":2,"featured_media":473886,"comment_status":"","ping_status":"","sticky":false,"template":"","format":"standard","meta":{"footnotes":""},"categories":[1357],"tags":[11,1063,13153,1379,829,251,872,58,59,1011,27,1380,1393,3323],"class_list":{"0":"post-473885","1":"post","2":"type-post","3":"status-publish","4":"format-standard","5":"has-post-thumbnail","7":"category-livres","8":"tag-actualites","9":"tag-animations","10":"tag-bande-dessinee","11":"tag-books","12":"tag-bretagne","13":"tag-culture","14":"tag-culture-et-loisirs","15":"tag-divertissement","16":"tag-entertainment","17":"tag-fr","18":"tag-france","19":"tag-livres","20":"tag-loisirs","21":"tag-pont-labbe"},"share_on_mastodon":{"url":"https:\/\/pubeurope.com\/@fr\/115398578264346924","error":""},"_links":{"self":[{"href":"https:\/\/www.europesays.com\/fr\/wp-json\/wp\/v2\/posts\/473885","targetHints":{"allow":["GET"]}}],"collection":[{"href":"https:\/\/www.europesays.com\/fr\/wp-json\/wp\/v2\/posts"}],"about":[{"href":"https:\/\/www.europesays.com\/fr\/wp-json\/wp\/v2\/types\/post"}],"author":[{"embeddable":true,"href":"https:\/\/www.europesays.com\/fr\/wp-json\/wp\/v2\/users\/2"}],"replies":[{"embeddable":true,"href":"https:\/\/www.europesays.com\/fr\/wp-json\/wp\/v2\/comments?post=473885"}],"version-history":[{"count":0,"href":"https:\/\/www.europesays.com\/fr\/wp-json\/wp\/v2\/posts\/473885\/revisions"}],"wp:featuredmedia":[{"embeddable":true,"href":"https:\/\/www.europesays.com\/fr\/wp-json\/wp\/v2\/media\/473886"}],"wp:attachment":[{"href":"https:\/\/www.europesays.com\/fr\/wp-json\/wp\/v2\/media?parent=473885"}],"wp:term":[{"taxonomy":"category","embeddable":true,"href":"https:\/\/www.europesays.com\/fr\/wp-json\/wp\/v2\/categories?post=473885"},{"taxonomy":"post_tag","embeddable":true,"href":"https:\/\/www.europesays.com\/fr\/wp-json\/wp\/v2\/tags?post=473885"}],"curies":[{"name":"wp","href":"https:\/\/api.w.org\/{rel}","templated":true}]}}