{"id":47389,"date":"2025-04-23T19:52:11","date_gmt":"2025-04-23T19:52:11","guid":{"rendered":"https:\/\/www.europesays.com\/fr\/47389\/"},"modified":"2025-04-23T19:52:11","modified_gmt":"2025-04-23T19:52:11","slug":"strasbourg-le-pianiste-strasbourgeois-gregory-ott-inspire-par-les-ailes-du-desir-a-la-bnu-le-25-avril","status":"publish","type":"post","link":"https:\/\/www.europesays.com\/fr\/47389\/","title":{"rendered":"Strasbourg. Le pianiste strasbourgeois Gr\u00e9gory Ott inspir\u00e9 par \u201cLes Ailes du d\u00e9sir\u201d \u00e0 la BNU le 25\u00a0avril"},"content":{"rendered":"<p>Gr\u00e9gory Ott \u00e9voque une nouvelle fois l\u2019immense cin\u00e9aste qu\u2019est Wim Wenders avec le projet \u00a0en piano solo \u201cParabole &#8211; Als das Kind Kind War \u201d. \u201cQuand l\u2019enfant \u00e9tait enfant\u201d est la premi\u00e8re phrase du po\u00e8me de Peter Handke qui ouvre Les Ailes du d\u00e9sir.<\/p>\n<p>Il ne s\u2019agit pas d\u2019un cin\u00e9-concert, mais d\u2019une r\u00eaverie musicale librement inspir\u00e9e de l\u2019inoubliable film de 1987. \u00ab\u00a0Une bulle onirique et introspective\u00a0\u00bb, formule le pianiste strasbourgeois, form\u00e9 au conservatoire de Strasbourg. Sur la sc\u00e8ne de l\u2019auditorium de la BNU, Gr\u00e9gory Ott va jouer ses formidables compositions, aussi vibrantes que po\u00e9tiques, parues sur un disque \u00e9ponyme en 2021, et lire certains dialogues du film.<\/p>\n<p class=\"note\">Biblioth\u00e8que nationale et universitaire (BNU), place de la R\u00e9publique \u00e0 Strasbourg, vendredi 25\u00a0avril \u00e0 19\u00a0h. Tarifs\u00a0: de 2 \u00e0 4\u00a0\u20ac. Sur r\u00e9servation\u00a0: <a href=\"https:\/\/www.bnu.fr\/fr\" target=\"_blank\" rel=\"nofollow noopener\">www.bnu.fr<\/a><\/p>\n","protected":false},"excerpt":{"rendered":"Gr\u00e9gory Ott \u00e9voque une nouvelle fois l\u2019immense cin\u00e9aste qu\u2019est Wim Wenders avec le projet \u00a0en piano solo \u201cParabole&hellip;\n","protected":false},"author":2,"featured_media":47390,"comment_status":"","ping_status":"","sticky":false,"template":"","format":"standard","meta":{"footnotes":""},"categories":[2820],"tags":[1111,11,2389,1687,2880,1777,674,107,1011,27,775,2410,12,25,640,2879],"class_list":{"0":"post-47389","1":"post","2":"type-post","3":"status-publish","4":"format-standard","5":"has-post-thumbnail","7":"category-strasbourg","8":"tag-actu","9":"tag-actualites","10":"tag-alsace","11":"tag-culture-loisirs","12":"tag-edition-strasbourg","13":"tag-eu","14":"tag-europe","15":"tag-fil-info","16":"tag-fr","17":"tag-france","18":"tag-grand-est","19":"tag-livres-bd","20":"tag-news","21":"tag-republique-francaise","22":"tag-strasbourg","23":"tag-strasbourg-ville"},"share_on_mastodon":{"url":"https:\/\/pubeurope.com\/@fr\/114389027601067867","error":""},"_links":{"self":[{"href":"https:\/\/www.europesays.com\/fr\/wp-json\/wp\/v2\/posts\/47389","targetHints":{"allow":["GET"]}}],"collection":[{"href":"https:\/\/www.europesays.com\/fr\/wp-json\/wp\/v2\/posts"}],"about":[{"href":"https:\/\/www.europesays.com\/fr\/wp-json\/wp\/v2\/types\/post"}],"author":[{"embeddable":true,"href":"https:\/\/www.europesays.com\/fr\/wp-json\/wp\/v2\/users\/2"}],"replies":[{"embeddable":true,"href":"https:\/\/www.europesays.com\/fr\/wp-json\/wp\/v2\/comments?post=47389"}],"version-history":[{"count":0,"href":"https:\/\/www.europesays.com\/fr\/wp-json\/wp\/v2\/posts\/47389\/revisions"}],"wp:featuredmedia":[{"embeddable":true,"href":"https:\/\/www.europesays.com\/fr\/wp-json\/wp\/v2\/media\/47390"}],"wp:attachment":[{"href":"https:\/\/www.europesays.com\/fr\/wp-json\/wp\/v2\/media?parent=47389"}],"wp:term":[{"taxonomy":"category","embeddable":true,"href":"https:\/\/www.europesays.com\/fr\/wp-json\/wp\/v2\/categories?post=47389"},{"taxonomy":"post_tag","embeddable":true,"href":"https:\/\/www.europesays.com\/fr\/wp-json\/wp\/v2\/tags?post=47389"}],"curies":[{"name":"wp","href":"https:\/\/api.w.org\/{rel}","templated":true}]}}