{"id":473899,"date":"2025-10-19T03:02:13","date_gmt":"2025-10-19T03:02:13","guid":{"rendered":"https:\/\/www.europesays.com\/fr\/473899\/"},"modified":"2025-10-19T03:02:13","modified_gmt":"2025-10-19T03:02:13","slug":"boulangerie-coiffure-fromagerie-quatre-liquidations-judiciaires-prononcees-dans-le-pays-de-morlaix","status":"publish","type":"post","link":"https:\/\/www.europesays.com\/fr\/473899\/","title":{"rendered":"Boulangerie, coiffure, fromagerie\u2026 Quatre liquidations judiciaires prononc\u00e9es dans le pays de Morlaix"},"content":{"rendered":"<p>Le tribunal de commerce de Brest a prononc\u00e9 la liquidation judiciaire de quatre entreprises install\u00e9es dans le pays de Morlaix, mardi 14 octobre dernier. \u00c0 Saint-Pol-de-L\u00e9on, au 10 quai de Pempoul, la soci\u00e9t\u00e9 de nettoyage de b\u00e2timent, Bio\u2019med Sant\u00e9 Nantes est concern\u00e9e. Sa liquidation judiciaire a \u00e9t\u00e9 prononc\u00e9e \u00e0 la suite d\u2019une premi\u00e8re proc\u00e9dure de redressement judiciaire. L\u2019entreprise employait jusqu\u2019alors cinq salari\u00e9s.<\/p>\n<p>D\u2019autres liquidations prononc\u00e9es<\/p>\n<p>\u00c0 Saint-Pol-de-L\u00e9on toujours, une liquidation judiciaire a \u00e9t\u00e9 prononc\u00e9e pour la boulangerie Huard, situ\u00e9e 5 avenue des Carmes. Elle comptait un salari\u00e9. Le salon de coiffure Plouricoif Coiffure, situ\u00e9 4 bis rue du Vieux-Moulin \u00e0 Plourin-l\u00e8s-Morlaix a \u00e9galement \u00e9t\u00e9 liquid\u00e9 par le tribunal brestois.<\/p>\n","protected":false},"excerpt":{"rendered":"Le tribunal de commerce de Brest a prononc\u00e9 la liquidation judiciaire de quatre entreprises install\u00e9es dans le pays&hellip;\n","protected":false},"author":2,"featured_media":473900,"comment_status":"","ping_status":"","sticky":false,"template":"","format":"standard","meta":{"footnotes":""},"categories":[6],"tags":[35,33,34,257,1011,27,36553,2131,4607,59739],"class_list":{"0":"post-473899","1":"post","2":"type-post","3":"status-publish","4":"format-standard","5":"has-post-thumbnail","7":"category-economie","8":"tag-business","9":"tag-economie","10":"tag-economy","11":"tag-entreprise","12":"tag-fr","13":"tag-france","14":"tag-liquidations-judiciaires","15":"tag-morlaix","16":"tag-saint-pol-de-leon","17":"tag-tribunal-de-brest"},"share_on_mastodon":{"url":"https:\/\/pubeurope.com\/@fr\/115398609699769285","error":""},"_links":{"self":[{"href":"https:\/\/www.europesays.com\/fr\/wp-json\/wp\/v2\/posts\/473899","targetHints":{"allow":["GET"]}}],"collection":[{"href":"https:\/\/www.europesays.com\/fr\/wp-json\/wp\/v2\/posts"}],"about":[{"href":"https:\/\/www.europesays.com\/fr\/wp-json\/wp\/v2\/types\/post"}],"author":[{"embeddable":true,"href":"https:\/\/www.europesays.com\/fr\/wp-json\/wp\/v2\/users\/2"}],"replies":[{"embeddable":true,"href":"https:\/\/www.europesays.com\/fr\/wp-json\/wp\/v2\/comments?post=473899"}],"version-history":[{"count":0,"href":"https:\/\/www.europesays.com\/fr\/wp-json\/wp\/v2\/posts\/473899\/revisions"}],"wp:featuredmedia":[{"embeddable":true,"href":"https:\/\/www.europesays.com\/fr\/wp-json\/wp\/v2\/media\/473900"}],"wp:attachment":[{"href":"https:\/\/www.europesays.com\/fr\/wp-json\/wp\/v2\/media?parent=473899"}],"wp:term":[{"taxonomy":"category","embeddable":true,"href":"https:\/\/www.europesays.com\/fr\/wp-json\/wp\/v2\/categories?post=473899"},{"taxonomy":"post_tag","embeddable":true,"href":"https:\/\/www.europesays.com\/fr\/wp-json\/wp\/v2\/tags?post=473899"}],"curies":[{"name":"wp","href":"https:\/\/api.w.org\/{rel}","templated":true}]}}