{"id":473901,"date":"2025-10-19T03:03:11","date_gmt":"2025-10-19T03:03:11","guid":{"rendered":"https:\/\/www.europesays.com\/fr\/473901\/"},"modified":"2025-10-19T03:03:11","modified_gmt":"2025-10-19T03:03:11","slug":"netanyahou-annonce-quil-briguera-un-nouveau-mandat-de-premier-ministre-lors-des-prochaines-elections","status":"publish","type":"post","link":"https:\/\/www.europesays.com\/fr\/473901\/","title":{"rendered":"Netanyahou annonce qu\u2019il briguera un nouveau mandat de Premier ministre lors des prochaines \u00e9lections"},"content":{"rendered":"<p class=\"paragraph text_align_left lp-f-body-02\">Le <a href=\"https:\/\/www.leparisien.fr\/international\/israel\/benyamin-netanyahou-ordonne-que-le-poste-frontiere-de-rafah-a-gaza-reste-ferme-jusqua-nouvel-ordre-18-10-2025-CVXHGDQC5NBXBAULYSOD24FEHM.php\" target=\"_blank\" rel=\"noreferrer noopener\">Premier ministre isra\u00e9lien<\/a> Benyamin Netanyahou a annonc\u00e9 samedi soir qu\u2019il briguerait un nouveau mandat lors des prochaines \u00e9lections. Invit\u00e9 sur le plateau de Channel 14, et \u00e0 la question : \u00ab Envisagez-vous de vous pr\u00e9senter aux \u00e9lections pour devenir Premier ministre lors des prochaines \u00e9lections ? \u00bb, le dirigeant de 75 ans a r\u00e9pondu par l\u2019affirmative. \u00c0 la question : \u00ab Gagnerez-vous si vous vous pr\u00e9sentez \u00bb, il a \u00e9galement r\u00e9pondu : \u00ab oui \u00bb.<\/p>\n<p class=\"paragraph text_align_left lp-f-body-02\">Chef du Likoud, le grand parti de la droite isra\u00e9lienne, <a href=\"https:\/\/www.leparisien.fr\/international\/israel\/mandat-darret-contre-netanyahou-la-cour-penale-internationale-rejette-une-demande-dappel-israelienne-18-10-2025-B7RP7G6XGNGOLAQWIGFKRC5GN4.php\" target=\"_blank\" rel=\"noreferrer noopener\">Benyamin Netanyahou<\/a> d\u00e9tient le record du plus grand nombre d\u2019ann\u00e9es pass\u00e9es \u00e0 la t\u00eate du gouvernement isra\u00e9lien (plus de 18 ann\u00e9es au total, avec des interruptions, depuis 1996).<\/p>\n<p class=\"paragraph text_align_left lp-f-body-02\">Lors des derni\u00e8res \u00e9lections l\u00e9gislatives en 2022, le bloc de droite que menait \u00ab Bibi \u00bb, d\u00e9chu du pouvoir en juin 2021 apr\u00e8s 12 ans de r\u00e8gne continu, \u00e9tait arriv\u00e9 en t\u00eate des l\u00e9gislatives.<\/p>\n<p>Un leader contest\u00e9<\/p>\n<p class=\"paragraph text_align_left lp-f-body-02\">Dans le d\u00e9tail, son parti avait obtenu 32 si\u00e8ges \u00e0 la Knesset (le parlement isra\u00e9lien). Ses alli\u00e9s d\u2019alors avaient eux d\u00e9croch\u00e9 18 si\u00e8ges pour les ultraorthodoxes et 14 pour l\u2019alliance \u00ab Sionisme religieux \u00bb, un record pour l\u2019extr\u00eame droite.<\/p>\n<p class=\"paragraph text_align_left lp-f-body-02\">Son mandat actuel a \u00e9t\u00e9 marqu\u00e9 par des manifestations monstres contre un projet de r\u00e9forme judiciaire.<\/p>\n<p class=\"paragraph text_align_left lp-f-body-02\">Depuis le d\u00e9but de la guerre d\u00e9clench\u00e9e par l\u2019attaque sans pr\u00e9c\u00e9dent men\u00e9e par le Hamas depuis Gaza, des familles ont par ailleurs vivement critiqu\u00e9 sa gestion de la question des otages enlev\u00e9s par le mouvement islamiste palestinien.<\/p>\n","protected":false},"excerpt":{"rendered":"Le Premier ministre isra\u00e9lien Benyamin Netanyahou a annonc\u00e9 samedi soir qu\u2019il briguerait un nouveau mandat lors des prochaines&hellip;\n","protected":false},"author":2,"featured_media":473902,"comment_status":"","ping_status":"","sticky":false,"template":"","format":"standard","meta":{"footnotes":""},"categories":[5],"tags":[11,1011,27,14,664,12,28],"class_list":{"0":"post-473901","1":"post","2":"type-post","3":"status-publish","4":"format-standard","5":"has-post-thumbnail","7":"category-international","8":"tag-actualites","9":"tag-fr","10":"tag-france","11":"tag-international","12":"tag-israel","13":"tag-news","14":"tag-world"},"share_on_mastodon":{"url":"https:\/\/pubeurope.com\/@fr\/115398613777804518","error":""},"_links":{"self":[{"href":"https:\/\/www.europesays.com\/fr\/wp-json\/wp\/v2\/posts\/473901","targetHints":{"allow":["GET"]}}],"collection":[{"href":"https:\/\/www.europesays.com\/fr\/wp-json\/wp\/v2\/posts"}],"about":[{"href":"https:\/\/www.europesays.com\/fr\/wp-json\/wp\/v2\/types\/post"}],"author":[{"embeddable":true,"href":"https:\/\/www.europesays.com\/fr\/wp-json\/wp\/v2\/users\/2"}],"replies":[{"embeddable":true,"href":"https:\/\/www.europesays.com\/fr\/wp-json\/wp\/v2\/comments?post=473901"}],"version-history":[{"count":0,"href":"https:\/\/www.europesays.com\/fr\/wp-json\/wp\/v2\/posts\/473901\/revisions"}],"wp:featuredmedia":[{"embeddable":true,"href":"https:\/\/www.europesays.com\/fr\/wp-json\/wp\/v2\/media\/473902"}],"wp:attachment":[{"href":"https:\/\/www.europesays.com\/fr\/wp-json\/wp\/v2\/media?parent=473901"}],"wp:term":[{"taxonomy":"category","embeddable":true,"href":"https:\/\/www.europesays.com\/fr\/wp-json\/wp\/v2\/categories?post=473901"},{"taxonomy":"post_tag","embeddable":true,"href":"https:\/\/www.europesays.com\/fr\/wp-json\/wp\/v2\/tags?post=473901"}],"curies":[{"name":"wp","href":"https:\/\/api.w.org\/{rel}","templated":true}]}}