{"id":473905,"date":"2025-10-19T03:05:22","date_gmt":"2025-10-19T03:05:22","guid":{"rendered":"https:\/\/www.europesays.com\/fr\/473905\/"},"modified":"2025-10-19T03:05:22","modified_gmt":"2025-10-19T03:05:22","slug":"la-reponse-cash-de-bruno-le-maire-a-ceux-qui-laccusent-sur-la-dette-ils-venaient-tous-gemir","status":"publish","type":"post","link":"https:\/\/www.europesays.com\/fr\/473905\/","title":{"rendered":"La r\u00e9ponse cash de Bruno Le Maire \u00e0 ceux qui l\u2019accusent sur la dette\u00a0: \u00ab\u00a0ils venaient tous g\u00e9mir\u00a0\u00bb"},"content":{"rendered":"<p>        <img decoding=\"async\" loading=\"lazy\" src=\"https:\/\/www.europesays.com\/fr\/wp-content\/uploads\/2025\/10\/853e663_upload-1-klez2ubhgixi-afp-20250528-hl-xbouzas-2783342-v1-highres-francepoliticshearingbrunol.jpeg\"  width=\"728\" height=\"409\" alt=\"Bruno Le Maire, ici \u00e0 Paris, le 28\u00a0mai 2025.\"\/>  <\/p>\n<p>XOSE BOUZAS \/ Hans Lucas via AFP<\/p>\n<p>Bruno Le Maire, ici \u00e0 Paris, le 28\u00a0mai 2025.<\/p>\n<p class=\"asset asset-text\">POLITIQUE &#8211; Bruno Le Maire a \u00e9t\u00e9 un \u00e9ph\u00e9m\u00e8re ministre des Arm\u00e9es du gouvernement Lecornu I, dans lequel il est rest\u00e9 en poste <a href=\"https:\/\/www.huffingtonpost.fr\/politique\/article\/bruno-le-maire-raconte-son-depart-du-gouvernement-j-appelle-le-president-et-je-lui-dis-je-me-casse_255712.html\" target=\"_blank\" rel=\"noopener\">seulement un jour au d\u00e9but du mois d\u2019octobre<\/a>. Mais ce qui nous int\u00e9resse ici remonte \u00e0 plus loin, <a href=\"https:\/\/www.huffingtonpost.fr\/politique\/article\/dette-publique-bruno-le-maire-estima-avoir-sauve-l-economie-francaise-sa-phrase-lui-revient-comme-un-boomerang_234833.html\" target=\"_blank\" rel=\"noopener\">quand il \u00e9tait encore ministre de l\u2019\u00c9conomie<\/a>, entre 2017 et 2024.<\/p>\n<p class=\"asset asset-text\">Dans une interview pour TF1\u00a0Info\u00a0<a href=\"https:\/\/www.tf1info.fr\/politique\/j-ai-sous-estime-la-mediocrite-des-partis-bruno-le-maire-revient-sur-la-polemique-de-son-retour-express-au-gouvernement-2401233.html\" target=\"_blank\" rel=\"noopener\" title=\"Nouvelle fen\u00eatre\">publi\u00e9e vendredi 17\u00a0octobre<\/a>, <a href=\"https:\/\/www.huffingtonpost.fr\/politique\/article\/bruno-le-maire-l-etincelle-qui-a-mis-le-feu-au-gouvernement-lecornu_255664.html\" target=\"_blank\" rel=\"noopener\" title=\"Nouvelle fen\u00eatre\">Bruno Le Maire<\/a> r\u00e9pond notamment aux oppositions, dont <a href=\"https:\/\/www.huffingtonpost.fr\/politique\/article\/apres-le-discours-de-sebastien-lecornu-les-republicains-ne-savent-vraiment-plus-ou-ils-habitent_256020.html\" target=\"_blank\" rel=\"noopener\" title=\"Nouvelle fen\u00eatre\">Les R\u00e9publicains<\/a>, qui lui reprochent d\u2019\u00eatre \u00ab\u00a0l\u2019homme des 1\u00a0000\u00a0milliards de dette\u00a0\u00bb.<\/p>\n<p class=\"asset asset-text\">\u00ab\u00a0Pendant la crise Covid et pendant la crise de l\u2019inflation, ils (les oppositions) n\u2019ont cess\u00e9 de me demander plus\u00a0\u00bb, affirme l\u2019ancien ministre face au journaliste \u00e9conomique Fran\u00e7ois Lenglet (<strong>voir la s\u00e9quence en vid\u00e9o plus bas<\/strong>). \u00ab\u00a0Tous circulaient dans mon bureau en me disant\u00a0: il nous faut plus pour les boulangers, les artisans et les commer\u00e7ants (\u2026) vous ne pouvez pas d\u00e9brancher les aides ou retirer le quoi qu\u2019il en co\u00fbte\u00a0\u00bb, se rem\u00e9more-t-il, <a href=\"https:\/\/www.leparisien.fr\/politique\/ils-venaient-tous-pleurer-dans-mon-bureau-pour-que-je-depense-plus-la-reponse-de-bruno-le-maire-aux-oppositions-18-10-2025-JCQ45MKWXBGSXMXHG2VKCHS3TA.php\" target=\"_blank\" rel=\"noopener\" title=\"Nouvelle fen\u00eatre\">comme le rapporte Le Parisien<\/a>.<\/p>\n<p>    \u00ab\u00a0Quelle fourberie\u00a0\u00bb    <\/p>\n<p class=\"asset asset-text\">\u00ab\u00a0Ils venaient tous g\u00e9mir, pleurer dans mon bureau pour que je d\u00e9pense plus. Ils ont tous d\u00e9pos\u00e9 des amendements qui repr\u00e9sentent des dizaines de milliards d\u2019euros de d\u00e9penses suppl\u00e9mentaires\u00a0\u00bb, poursuit Bruno Le Maire, incisif. Pour ce \u00ab\u00a0tous\u00a0\u00bb, il cite alors \u00ab\u00a0la droite, les oppositions, le Rassemblement national\u00a0\u00bb. \u00ab\u00a0Aujourd\u2019hui, ce sont les m\u00eames qui viennent me dire 1\u00a0000\u00a0milliards de dette. Quelle fourberie\u00a0\u00bb, s\u2019\u00e9meut-il encore.<\/p>\n<p class=\"asset asset-text\">\u00ab\u00a0Quelle fourberie aussi sur le fond, parce que quand je suis arriv\u00e9, la dette n\u2019\u00e9tait pas \u00e0 z\u00e9ro. Elle \u00e9tait \u00e0 2\u00a0200\u00a0milliards d\u2019euros. Si j\u2019\u00e9tais vraiment le probl\u00e8me de la dette, il n\u2019aurait pas exist\u00e9 avant. Si j\u2019\u00e9tais vraiment le probl\u00e8me de la dette, il suffisait que je m\u2019en aille et le probl\u00e8me aurait \u00e9t\u00e9 r\u00e9solu\u00a0\u00bb, continue-t-il son explication.<\/p>\n<p> La lecture de ce contenu est susceptible d\u2019entra\u00eener un d\u00e9p\u00f4t de cookies de la part de l\u2019op\u00e9rateur tiers qui l\u2019h\u00e9berge. Compte-tenu des choix que vous avez exprim\u00e9s en mati\u00e8re de d\u00e9p\u00f4t de cookies, nous avons bloqu\u00e9 l\u2019affichage de ce contenu. Si vous souhaitez y acc\u00e9der, vous devez accepter la cat\u00e9gorie de cookies \u201cContenus tiers\u201d en cliquant sur le bouton ci-dessous. <\/p>\n<p> Lire la Vid\u00e9o        <\/p>\n<p class=\"asset asset-text\">\u00ab\u00a0On ne r\u00e9glera pas les probl\u00e8mes avec des fourberies, en essayant de se d\u00e9douaner comme le fait toute la classe politique et en essayant de pointer du doigt un seul homme d\u2019une mani\u00e8re r\u00e9voltante, indigne, scandaleuse et malhonn\u00eate. La fourberie, ce n\u2019est pas mon truc\u00a0\u00bb, l\u00e2che encore l\u2019ancien ministre de l\u2019\u00c9conomie, remont\u00e9.<\/p>\n","protected":false},"excerpt":{"rendered":"XOSE BOUZAS \/ Hans Lucas via AFP Bruno Le Maire, ici \u00e0 Paris, le 28\u00a0mai 2025. POLITIQUE &#8211;&hellip;\n","protected":false},"author":2,"featured_media":473906,"comment_status":"","ping_status":"","sticky":false,"template":"","format":"standard","meta":{"footnotes":""},"categories":[2],"tags":[11,11946,6327,33,1011,27,6319,12,316],"class_list":{"0":"post-473905","1":"post","2":"type-post","3":"status-publish","4":"format-standard","5":"has-post-thumbnail","7":"category-actualites","8":"tag-actualites","9":"tag-bruno-le-maire","10":"tag-dette","11":"tag-economie","12":"tag-fr","13":"tag-france","14":"tag-les-republicains","15":"tag-news","16":"tag-politique"},"share_on_mastodon":{"url":"https:\/\/pubeurope.com\/@fr\/115398621876182849","error":""},"_links":{"self":[{"href":"https:\/\/www.europesays.com\/fr\/wp-json\/wp\/v2\/posts\/473905","targetHints":{"allow":["GET"]}}],"collection":[{"href":"https:\/\/www.europesays.com\/fr\/wp-json\/wp\/v2\/posts"}],"about":[{"href":"https:\/\/www.europesays.com\/fr\/wp-json\/wp\/v2\/types\/post"}],"author":[{"embeddable":true,"href":"https:\/\/www.europesays.com\/fr\/wp-json\/wp\/v2\/users\/2"}],"replies":[{"embeddable":true,"href":"https:\/\/www.europesays.com\/fr\/wp-json\/wp\/v2\/comments?post=473905"}],"version-history":[{"count":0,"href":"https:\/\/www.europesays.com\/fr\/wp-json\/wp\/v2\/posts\/473905\/revisions"}],"wp:featuredmedia":[{"embeddable":true,"href":"https:\/\/www.europesays.com\/fr\/wp-json\/wp\/v2\/media\/473906"}],"wp:attachment":[{"href":"https:\/\/www.europesays.com\/fr\/wp-json\/wp\/v2\/media?parent=473905"}],"wp:term":[{"taxonomy":"category","embeddable":true,"href":"https:\/\/www.europesays.com\/fr\/wp-json\/wp\/v2\/categories?post=473905"},{"taxonomy":"post_tag","embeddable":true,"href":"https:\/\/www.europesays.com\/fr\/wp-json\/wp\/v2\/tags?post=473905"}],"curies":[{"name":"wp","href":"https:\/\/api.w.org\/{rel}","templated":true}]}}