{"id":47391,"date":"2025-04-23T19:53:09","date_gmt":"2025-04-23T19:53:09","guid":{"rendered":"https:\/\/www.europesays.com\/fr\/47391\/"},"modified":"2025-04-23T19:53:09","modified_gmt":"2025-04-23T19:53:09","slug":"athletisme-les-courses-de-strasbourg-eurometropole-feront-le-plein","status":"publish","type":"post","link":"https:\/\/www.europesays.com\/fr\/47391\/","title":{"rendered":"Athl\u00e9tisme. Les courses de Strasbourg-Eurom\u00e9tropole feront le plein"},"content":{"rendered":"<p>Quand on organise une course de cette ampleur, il ne faut jamais oublier l\u2019essentiel. \u00ab\u00a0Je tiens \u00e0 remercier mes \u00e9quipes\u00a0\u00bb, lance d\u2019embl\u00e9e le pr\u00e9sident de l\u2019association des courses de Strasbourg Europe (ACSE), Claude Schneider.<\/p>\n<p>  Le semi-marathon et le 10km d\u00e9j\u00e0 complets\u00a0!<\/p>\n<p>L\u2019\u00e9quipe d\u2019organisation, bien \u00e9videmment, mais aussi les tr\u00e8s nombreux b\u00e9n\u00e9voles (entre 500 et 600) attendus pour encadrer cette 45e \u00e9dition des courses de Strasbourg-Eurom\u00e9tropole. Il n\u2019en faudra pas moins pour g\u00e9rer les quelque 11\u00a0000 coureuses et coureurs qui arpenteront les rues de la capitale alsacienne le dimanche 11\u00a0mai.<\/p>\n<p>\u00ab\u00a0Les inscriptions se font de plus en plus t\u00f4t, explique ensuite Claude Schneider. Le semi-marathon est complet depuis quinze jours, ce n\u2019est jamais arriv\u00e9, le 10\u00a0km \u00e9galement.\u00a0\u00bb<\/p>\n<p>Ils seront donc 4\u00a0000 sur le semi-marathon DNA (d\u00e9part \u00e0 7h55), et autant sur le 10\u00a0km Cr\u00e9dit Mutuel (d\u00e9part \u00e010h25), dont le F\u00e9dinois Gaston Rohmer, avec des d\u00e9parts en plusieurs vagues de la rue de l\u2019Universit\u00e9 pour une arriv\u00e9e rue des Grandes Arcades.<\/p>\n<p>Sur le 5\u00a0km (d\u00e9part \u00e0 12h05), il reste environ 400 dossards sur les 2\u00a0500 disponibles. \u00ab\u00a0Je pense que le 5\u00a0km fera aussi rapidement le plein, ajoute le pr\u00e9sident. Cette ann\u00e9e, les parcours des courses ne bougent pas. On va avoir des meneurs d\u2019allure sur les trois distances. Ce sera une premi\u00e8re sur le 5\u00a0km.\u00a0\u00bb<\/p>\n<p>Le m\u00eame jour auront lieu \u00e9galement les courses des enfants (10-13 ans, d\u00e9part \u00e0 9h) et la marche de l\u2019Europe (d\u00e9part \u00e0 9h30). Les inscriptions sont encore possibles en ligne jusqu\u2019au samedi 10\u00a0mai et sur place (village de la place Kl\u00e9ber) le vendredi\u00a09 et samedi 10\u00a0mai, en fonction des dossards encore disponibles.<\/p>\n<p>La marche nordique, elle, donnera lieu cette ann\u00e9e \u00e0 un \u00e9v\u00e9nement \u00e0 part enti\u00e8re et se d\u00e9roulera le samedi 24\u00a0mai ( <strong>lire ci-dessous<\/strong> ).<\/p>\n<p>  Le \u00ab\u00a0sport pour tous\u00a0\u00bb, une d\u00e9marche revendicative<\/p>\n<p>Toujours engag\u00e9es dans une d\u00e9marche du sport pour tous, les courses de Strasbourg-Eurom\u00e9tropole continuent aussi de lancer des initiatives pour encourager la pratique sportive dans de bonnes conditions.<\/p>\n<p>\u00ab\u00a0L\u2019espace \u00ab\u00a0Check ta forme\u00a0\u00bb est une nouveaut\u00e9 importante au village des courses sur la place Kl\u00e9ber, souligne Claude Schneider. Le gros probl\u00e8me est que faire du sport, c\u2019est tr\u00e8s bien mais il y a des contraintes. L\u2019id\u00e9e est de sensibiliser sur la d\u00e9marche d\u2019\u00eatre en bonne forme. On aura la pr\u00e9sence de professionnels de la sant\u00e9, la possibilit\u00e9 de faire des tests\u2026\u00a0\u00bb<\/p>\n<p>Pr\u00e8s de 400 personnes sont aussi attendues le mercredi pr\u00e9c\u00e9dent les courses (le 7\u00a0mai) pour la Clean Run au d\u00e9part de la place du Ch\u00e2teau. Quant au challenge Cr\u00e9dit Mutuel du nombre, il attirera encore de nombreuses entreprises sur les diff\u00e9rentes \u00e9preuves de la journ\u00e9e.<\/p>\n<p>\u00ab\u00a0C\u2019est une course interg\u00e9n\u00e9rationnelle qui convient \u00e0 tout le monde et c\u2019est une tr\u00e8s bonne chose, observe Vincent Debes, vice-pr\u00e9sident en charge des sports \u00e0 l\u2019Eurom\u00e9tropole, \u00e0 propos du rendez-vous strasbourgeois, la conseill\u00e8re r\u00e9gionale Ir\u00e8ne Weiss acquies\u00e7ant.<\/p>\n<p>\u00ab\u00a0La ville est totalement mobilis\u00e9e pour accompagner les courses de Strasbourg, c\u2019est une institution\u00a0\u00bb, a ajout\u00e9 Owusu Tufuor, l\u2019adjoint aux sports de la ville de Strasbourg.<\/p>\n<p>Une chose est s\u00fbre\u00a0: le 11\u00a0mai prochain, la ville vibrera au rythme des courses de Strasbourg-Eurom\u00e9tropole.<\/p>\n","protected":false},"excerpt":{"rendered":"Quand on organise une course de cette ampleur, il ne faut jamais oublier l\u2019essentiel. \u00ab\u00a0Je tiens \u00e0 remercier&hellip;\n","protected":false},"author":2,"featured_media":47392,"comment_status":"","ping_status":"","sticky":false,"template":"","format":"standard","meta":{"footnotes":""},"categories":[2820],"tags":[1111,11,4132,2880,1777,674,1011,27,775,12,25,517,640,2879],"class_list":{"0":"post-47391","1":"post","2":"type-post","3":"status-publish","4":"format-standard","5":"has-post-thumbnail","7":"category-strasbourg","8":"tag-actu","9":"tag-actualites","10":"tag-athletisme","11":"tag-edition-strasbourg","12":"tag-eu","13":"tag-europe","14":"tag-fr","15":"tag-france","16":"tag-grand-est","17":"tag-news","18":"tag-republique-francaise","19":"tag-sport","20":"tag-strasbourg","21":"tag-strasbourg-ville"},"share_on_mastodon":{"url":"https:\/\/pubeurope.com\/@fr\/114389031627408009","error":""},"_links":{"self":[{"href":"https:\/\/www.europesays.com\/fr\/wp-json\/wp\/v2\/posts\/47391","targetHints":{"allow":["GET"]}}],"collection":[{"href":"https:\/\/www.europesays.com\/fr\/wp-json\/wp\/v2\/posts"}],"about":[{"href":"https:\/\/www.europesays.com\/fr\/wp-json\/wp\/v2\/types\/post"}],"author":[{"embeddable":true,"href":"https:\/\/www.europesays.com\/fr\/wp-json\/wp\/v2\/users\/2"}],"replies":[{"embeddable":true,"href":"https:\/\/www.europesays.com\/fr\/wp-json\/wp\/v2\/comments?post=47391"}],"version-history":[{"count":0,"href":"https:\/\/www.europesays.com\/fr\/wp-json\/wp\/v2\/posts\/47391\/revisions"}],"wp:featuredmedia":[{"embeddable":true,"href":"https:\/\/www.europesays.com\/fr\/wp-json\/wp\/v2\/media\/47392"}],"wp:attachment":[{"href":"https:\/\/www.europesays.com\/fr\/wp-json\/wp\/v2\/media?parent=47391"}],"wp:term":[{"taxonomy":"category","embeddable":true,"href":"https:\/\/www.europesays.com\/fr\/wp-json\/wp\/v2\/categories?post=47391"},{"taxonomy":"post_tag","embeddable":true,"href":"https:\/\/www.europesays.com\/fr\/wp-json\/wp\/v2\/tags?post=47391"}],"curies":[{"name":"wp","href":"https:\/\/api.w.org\/{rel}","templated":true}]}}