{"id":473913,"date":"2025-10-19T03:11:31","date_gmt":"2025-10-19T03:11:31","guid":{"rendered":"https:\/\/www.europesays.com\/fr\/473913\/"},"modified":"2025-10-19T03:11:31","modified_gmt":"2025-10-19T03:11:31","slug":"var-le-gerant-dun-magasin-de-cbd-interpelle-apres-la-saisie-de-12-kg-de-cannabis","status":"publish","type":"post","link":"https:\/\/www.europesays.com\/fr\/473913\/","title":{"rendered":"Var. Le g\u00e9rant d\u2019un magasin de CBD interpell\u00e9 apr\u00e8s la saisie de 12\u00a0kg de cannabis"},"content":{"rendered":"<p>Le g\u00e9rant d\u2019une boutique de CBD\u00a0\u00e0 La Valette-du-Var (Var)\u00a0a \u00e9t\u00e9 interpell\u00e9 mardi 7\u00a0octobre 2025. <a href=\"https:\/\/www.bfmtv.com\/var\/plus-de-12kg-de-cannabis-saisis-dans-un-magasin-de-cbd-dans-le-var-le-gerant-place-en-detention-provisoire_AN-202510100418.html\" target=\"_blank\" rel=\"noopener\">Comme le rapporte BFM Toulon Var <\/a>, le quinquag\u00e9naire \u00e9tait vis\u00e9 par une instruction apr\u00e8s l\u2019arrestation de son associ\u00e9 d\u00e9but\u00a0janvier. Ce dernier avait \u00e9t\u00e9 contr\u00f4l\u00e9 positif aux stup\u00e9fiants.\u00a0<\/p>\n<p>Il reconna\u00eet\u00a0\u00ab\u00a0consommer du cannabis ill\u00e9gal\u00a0\u00bb<\/p>\n<p>Les policiers avaient alors men\u00e9 une perquisition, lors de laquelle ils ont retrouv\u00e9\u00a0<strong>\u00ab\u00a0une grosse quantit\u00e9 d\u2019herbe de cannabis\u00a0\u00bb<\/strong>, ainsi que <strong>\u00ab\u00a0plusieurs plans en culture\u00a0\u00bb<\/strong> et <strong>\u00ab\u00a0beaucoup de mat\u00e9riels utiles \u00e0 la culture du cannabis\u00a0\u00bb<\/strong>.\u00a0<\/p>\n<p>Une nouvelle perquisition a \u00e9t\u00e9 r\u00e9alis\u00e9e \u00e0 la suite de l\u2019interpellation de mardi 7\u00a0octobre.\u00a0Plus de 12\u00a0kg de cannabis, en r\u00e9sine ou en herbe, ont \u00e9t\u00e9 saisis dans le commerce et au\u00a0domicile du suspect. Selon nos confr\u00e8res, l\u2019homme a reconnu <strong>\u00ab\u00a0consommer du cannabis ill\u00e9gal\u00a0\u00bb<\/strong> et <strong>\u00ab\u00a0en vendre uniquement pour payer sa consommation\u00a0\u00bb<\/strong>. Il a \u00e9t\u00e9 plac\u00e9 en d\u00e9tention provisoire.<\/p>\n<p>\u00a0<\/p>\n","protected":false},"excerpt":{"rendered":"Le g\u00e9rant d\u2019une boutique de CBD\u00a0\u00e0 La Valette-du-Var (Var)\u00a0a \u00e9t\u00e9 interpell\u00e9 mardi 7\u00a0octobre 2025. Comme le rapporte BFM&hellip;\n","protected":false},"author":2,"featured_media":473914,"comment_status":"","ping_status":"","sticky":false,"template":"","format":"standard","meta":{"footnotes":""},"categories":[9619],"tags":[6888,1111,11,3675,19898,1777,674,1011,27,18297,9817,16188,18358,12,882,25,10900,2310,7506],"class_list":{"0":"post-473913","1":"post","2":"type-post","3":"status-publish","4":"format-standard","5":"has-post-thumbnail","7":"category-toulon","8":"tag-6888","9":"tag-actu","10":"tag-actualites","11":"tag-cannabis","12":"tag-cbd","13":"tag-eu","14":"tag-europe","15":"tag-fr","16":"tag-france","17":"tag-gerant","18":"tag-interpelle","19":"tag-kg","20":"tag-magasin","21":"tag-news","22":"tag-provence-alpes-cote-dazur","23":"tag-republique-francaise","24":"tag-saisie","25":"tag-toulon","26":"tag-var"},"share_on_mastodon":{"url":"https:\/\/pubeurope.com\/@fr\/115398645140810990","error":""},"_links":{"self":[{"href":"https:\/\/www.europesays.com\/fr\/wp-json\/wp\/v2\/posts\/473913","targetHints":{"allow":["GET"]}}],"collection":[{"href":"https:\/\/www.europesays.com\/fr\/wp-json\/wp\/v2\/posts"}],"about":[{"href":"https:\/\/www.europesays.com\/fr\/wp-json\/wp\/v2\/types\/post"}],"author":[{"embeddable":true,"href":"https:\/\/www.europesays.com\/fr\/wp-json\/wp\/v2\/users\/2"}],"replies":[{"embeddable":true,"href":"https:\/\/www.europesays.com\/fr\/wp-json\/wp\/v2\/comments?post=473913"}],"version-history":[{"count":0,"href":"https:\/\/www.europesays.com\/fr\/wp-json\/wp\/v2\/posts\/473913\/revisions"}],"wp:featuredmedia":[{"embeddable":true,"href":"https:\/\/www.europesays.com\/fr\/wp-json\/wp\/v2\/media\/473914"}],"wp:attachment":[{"href":"https:\/\/www.europesays.com\/fr\/wp-json\/wp\/v2\/media?parent=473913"}],"wp:term":[{"taxonomy":"category","embeddable":true,"href":"https:\/\/www.europesays.com\/fr\/wp-json\/wp\/v2\/categories?post=473913"},{"taxonomy":"post_tag","embeddable":true,"href":"https:\/\/www.europesays.com\/fr\/wp-json\/wp\/v2\/tags?post=473913"}],"curies":[{"name":"wp","href":"https:\/\/api.w.org\/{rel}","templated":true}]}}