{"id":473919,"date":"2025-10-19T03:15:45","date_gmt":"2025-10-19T03:15:45","guid":{"rendered":"https:\/\/www.europesays.com\/fr\/473919\/"},"modified":"2025-10-19T03:15:45","modified_gmt":"2025-10-19T03:15:45","slug":"ligue-2-montpellier-et-le-red-star-simposent-a-lexterieur-ligue-2-j10","status":"publish","type":"post","link":"https:\/\/www.europesays.com\/fr\/473919\/","title":{"rendered":"Ligue 2 : Montpellier et le Red Star s\u2019imposent \u00e0 l\u2019ext\u00e9rieur &#8211; Ligue 2 &#8211; J10"},"content":{"rendered":"<p>Il fallait \u00eatre patient, ce samedi en Ligue 2.<\/p>\n<p>On n\u2019est pas pass\u00e9 loin d\u2019une bulle, alors que se disputaient en m\u00eame temps Dunkerque-Montpellier et Laval-Red Star. Mais les Audoniens et les Montpelli\u00e9rains ont finalement trouv\u00e9 la faille, en fin de partie, pour s\u2019imposer sur le m\u00eame score <strong>(0-1)<\/strong>.<\/p>\n<p>\u00c0 Marcel-Tribut, le MHSC a attendu la 82e minute pour trouver la faille gr\u00e2ce \u00e0 l\u2019\u00e9ternel Alexandre Mendy, meilleur buteur de Ligue 2 en activit\u00e9 (72 r\u00e9alisations d\u00e9sormais), ici superbement servi par Victor Orakpo apr\u00e8s avoir touch\u00e9 la barre plus t\u00f4t dans le match. \u00c0 Francis-Le Basser, sur la pelouse de l\u2019avant-dernier du championnat, c\u2019est sur le fil que l\u2019\u00c9toile rouge, quatri\u00e8me de l\u2019antichambre, a forc\u00e9 la d\u00e9cision avec Damien Durand \u00e0 la finition (90e+5).<\/p>\n<p>Il y a encore du boulot pour que la Paillade, actuellement septi\u00e8me, retrouve sa place dans l\u2019\u00e9lite la saison prochaine.<\/p>\n<p><strong><img decoding=\"async\" loading=\"lazy\" class=\"blason blason-petit\" src=\"https:\/\/www.europesays.com\/fr\/wp-content\/uploads\/2025\/10\/1760843742_866_grande.jpg\"\/> Dunkerque 0-1 Montpellier <img decoding=\"async\" loading=\"lazy\" class=\"blason blason-petit\" src=\"https:\/\/www.europesays.com\/fr\/wp-content\/uploads\/2025\/04\/1744694118_397_grande.jpg\"\/><\/strong><\/p>\n<p>But : A. Mendy (82e) pour le MHSC<\/p>\n<p><strong><img decoding=\"async\" loading=\"lazy\" class=\"blason blason-petit\" src=\"https:\/\/www.europesays.com\/fr\/wp-content\/uploads\/2025\/08\/1754797193_234_grande.jpg\"\/> Laval Red 0-1 Star <img decoding=\"async\" loading=\"lazy\" class=\"blason blason-petit\" src=\"https:\/\/www.europesays.com\/fr\/wp-content\/uploads\/2025\/08\/1754797196_716_grande.jpg\"\/><\/strong><\/p>\n<p>But : Durand (90e+5) pour le Red Star<\/p>\n<p>\t\t\t\t\t\t\t\t\t\t<a class=\"lien-connexe\" href=\"https:\/\/www.sofoot.com\/breves\/en-ligue-2-troyes-passe-provisoirement-leader-dans-une-soiree-a-peu-de-buts-clermont-se-fait-reprendre-par-le-mans-bastia-toujours-muet\" rel=\"nofollow noopener\" target=\"_blank\">Troyes passe provisoirement leader dans une soir\u00e9e \u00e0 peu de buts, Bastia toujours muet<\/a>\t\t\t\t\t<\/p>\n","protected":false},"excerpt":{"rendered":"Il fallait \u00eatre patient, ce samedi en Ligue 2. On n\u2019est pas pass\u00e9 loin d\u2019une bulle, alors que&hellip;\n","protected":false},"author":2,"featured_media":473920,"comment_status":"","ping_status":"","sticky":false,"template":"","format":"standard","meta":{"footnotes":""},"categories":[9599],"tags":[1111,47,11,61,69,65,64,1777,674,63,1011,27,68,66,2208,12,62,2680,70,25,67],"class_list":{"0":"post-473919","1":"post","2":"type-post","3":"status-publish","4":"format-standard","5":"has-post-thumbnail","7":"category-montpellier","8":"tag-actu","9":"tag-actualite","10":"tag-actualites","11":"tag-actus-football","12":"tag-bundesliga","13":"tag-championnats-europeens","14":"tag-equipe-de-france","15":"tag-eu","16":"tag-europe","17":"tag-football","18":"tag-fr","19":"tag-france","20":"tag-ligua","21":"tag-ligue-1","22":"tag-montpellier","23":"tag-news","24":"tag-news-foot","25":"tag-occitanie","26":"tag-premier-league","27":"tag-republique-francaise","28":"tag-serie-a"},"share_on_mastodon":{"url":"https:\/\/pubeurope.com\/@fr\/115398661341079286","error":""},"_links":{"self":[{"href":"https:\/\/www.europesays.com\/fr\/wp-json\/wp\/v2\/posts\/473919","targetHints":{"allow":["GET"]}}],"collection":[{"href":"https:\/\/www.europesays.com\/fr\/wp-json\/wp\/v2\/posts"}],"about":[{"href":"https:\/\/www.europesays.com\/fr\/wp-json\/wp\/v2\/types\/post"}],"author":[{"embeddable":true,"href":"https:\/\/www.europesays.com\/fr\/wp-json\/wp\/v2\/users\/2"}],"replies":[{"embeddable":true,"href":"https:\/\/www.europesays.com\/fr\/wp-json\/wp\/v2\/comments?post=473919"}],"version-history":[{"count":0,"href":"https:\/\/www.europesays.com\/fr\/wp-json\/wp\/v2\/posts\/473919\/revisions"}],"wp:featuredmedia":[{"embeddable":true,"href":"https:\/\/www.europesays.com\/fr\/wp-json\/wp\/v2\/media\/473920"}],"wp:attachment":[{"href":"https:\/\/www.europesays.com\/fr\/wp-json\/wp\/v2\/media?parent=473919"}],"wp:term":[{"taxonomy":"category","embeddable":true,"href":"https:\/\/www.europesays.com\/fr\/wp-json\/wp\/v2\/categories?post=473919"},{"taxonomy":"post_tag","embeddable":true,"href":"https:\/\/www.europesays.com\/fr\/wp-json\/wp\/v2\/tags?post=473919"}],"curies":[{"name":"wp","href":"https:\/\/api.w.org\/{rel}","templated":true}]}}