{"id":473922,"date":"2025-10-19T03:18:12","date_gmt":"2025-10-19T03:18:12","guid":{"rendered":"https:\/\/www.europesays.com\/fr\/473922\/"},"modified":"2025-10-19T03:18:12","modified_gmt":"2025-10-19T03:18:12","slug":"dix-kilos-de-drogue-et-13-000-euros-saisis-a-mistral-un-jeune-grenoblois-ecroue","status":"publish","type":"post","link":"https:\/\/www.europesays.com\/fr\/473922\/","title":{"rendered":"Dix kilos de drogue et 13 000 euros saisis \u00e0 Mistral : un jeune Grenoblois \u00e9crou\u00e9"},"content":{"rendered":"<p>\t\t\t\t\t\t\t\t\t\t\t<img loading=\"lazy\" decoding=\"async\" width=\"1280\" title=\"Dix kilos de drogue et 13 000 euros saisis \u00e0 Mistral : un jeune Grenoblois \u00e9crou\u00e9\" class=\"img-fluid  mb-3\" src=\"https:\/\/grandgrenoble.alpes1.com\/media\/news\/dix-kilos-de-drogue-et-13-000-euros-saisis-a-mistral-un-jeune-grenoblois-ecroue_68f362a06279b.webp\" alt=\"Dix kilos de drogue et 13 000 euros saisis \u00e0 Mistral : un jeune Grenoblois \u00e9crou\u00e9\" itemprop=\"image\" height=\"720\"\/>\t\t\t\t\t\t\t\t\t\t\t\t<\/p>\n<p>Dix kilos de drogue et 13 000 euros saisis \u00e0 Mistral : un jeune Grenoblois \u00e9crou\u00e9 &#8211; DR<\/p>\n<p itemprop=\"description\"><strong>Les policiers grenoblois avaient mis la main sur un v\u00e9ritable entrep\u00f4t de drogue ce mardi, au c\u0153ur du quartier Mistral.<\/strong><\/p>\n<p>Un important stock de stup\u00e9fiants a \u00e9t\u00e9 saisi cette semaine dans un appartement du quartier Mistral, \u00e0 Grenoble. Le principal suspect, \u00e2g\u00e9 de 19 ans, a \u00e9t\u00e9 plac\u00e9 en d\u00e9tention provisoire dans l\u2019attente de son proc\u00e8s pr\u00e9vu fin novembre.<\/p>\n<p>L\u2019intervention, men\u00e9e rue Albert-Thomas, a permis de d\u00e9couvrir pr\u00e8s de dix kilos de r\u00e9sine de cannabis, de la coca\u00efne, de l\u2019ecstasy et plusieurs centaines de grammes d\u2019une drogue de synth\u00e8se. 12 970 euros en liquide ont \u00e9galement \u00e9t\u00e9 saisis sur place.<\/p>\n<p>Le jeune homme de 19 ans, originaire de Normandie et install\u00e9 \u00e0 Grenoble depuis deux ans, a \u00e9t\u00e9 interpell\u00e9 apr\u00e8s avoir tent\u00e9 de se d\u00e9barrasser des cl\u00e9s de l\u2019appartement. Pr\u00e9sent\u00e9 au tribunal correctionnel, il a demand\u00e9 un d\u00e9lai pour pr\u00e9parer sa d\u00e9fense et a \u00e9t\u00e9 plac\u00e9 en d\u00e9tention provisoire en attendant son proc\u00e8s du 28 novembre.<\/p>\n<p>Les juges ont justifi\u00e9 cette mesure par le risque de r\u00e9cidive, d\u2019autant que le jeune homme doit d\u00e9j\u00e0 r\u00e9pondre d\u2019une autre affaire de trafic de stup\u00e9fiants, survenue en avril dernier, \u00e9galement \u00e0 Mistral. Ce jour-l\u00e0, il avait \u00e9t\u00e9 arr\u00eat\u00e9 en possession de cannabis, de coca\u00efne et de plusieurs centaines d\u2019euros.<\/p>\n","protected":false},"excerpt":{"rendered":"Dix kilos de drogue et 13 000 euros saisis \u00e0 Mistral : un jeune Grenoblois \u00e9crou\u00e9 &#8211; DR&hellip;\n","protected":false},"author":2,"featured_media":473923,"comment_status":"","ping_status":"","sticky":false,"template":"","format":"standard","meta":{"footnotes":""},"categories":[9566],"tags":[1111,11,7733,8279,2430,7736,650,7734,2889,2263,1777,674,1011,27,2731,8280,6417,1114,108,4662,12,3725,1825,25,7737],"class_list":{"0":"post-473922","1":"post","2":"type-post","3":"status-publish","4":"format-standard","5":"has-post-thumbnail","7":"category-grenoble","8":"tag-actu","9":"tag-actualites","10":"tag-alpes","11":"tag-alpes1","12":"tag-auvergne-rhone-alpes","13":"tag-cds","14":"tag-cinema","15":"tag-ecoute","16":"tag-emission","17":"tag-equipe","18":"tag-eu","19":"tag-europe","20":"tag-fr","21":"tag-france","22":"tag-grenoble","23":"tag-haute","24":"tag-information","25":"tag-infos","26":"tag-isere","27":"tag-journal","28":"tag-news","29":"tag-podcast","30":"tag-radio","31":"tag-republique-francaise","32":"tag-winamp"},"share_on_mastodon":{"url":"https:\/\/pubeurope.com\/@fr\/115398673220759083","error":""},"_links":{"self":[{"href":"https:\/\/www.europesays.com\/fr\/wp-json\/wp\/v2\/posts\/473922","targetHints":{"allow":["GET"]}}],"collection":[{"href":"https:\/\/www.europesays.com\/fr\/wp-json\/wp\/v2\/posts"}],"about":[{"href":"https:\/\/www.europesays.com\/fr\/wp-json\/wp\/v2\/types\/post"}],"author":[{"embeddable":true,"href":"https:\/\/www.europesays.com\/fr\/wp-json\/wp\/v2\/users\/2"}],"replies":[{"embeddable":true,"href":"https:\/\/www.europesays.com\/fr\/wp-json\/wp\/v2\/comments?post=473922"}],"version-history":[{"count":0,"href":"https:\/\/www.europesays.com\/fr\/wp-json\/wp\/v2\/posts\/473922\/revisions"}],"wp:featuredmedia":[{"embeddable":true,"href":"https:\/\/www.europesays.com\/fr\/wp-json\/wp\/v2\/media\/473923"}],"wp:attachment":[{"href":"https:\/\/www.europesays.com\/fr\/wp-json\/wp\/v2\/media?parent=473922"}],"wp:term":[{"taxonomy":"category","embeddable":true,"href":"https:\/\/www.europesays.com\/fr\/wp-json\/wp\/v2\/categories?post=473922"},{"taxonomy":"post_tag","embeddable":true,"href":"https:\/\/www.europesays.com\/fr\/wp-json\/wp\/v2\/tags?post=473922"}],"curies":[{"name":"wp","href":"https:\/\/api.w.org\/{rel}","templated":true}]}}