{"id":473926,"date":"2025-10-19T03:22:16","date_gmt":"2025-10-19T03:22:16","guid":{"rendered":"https:\/\/www.europesays.com\/fr\/473926\/"},"modified":"2025-10-19T03:22:16","modified_gmt":"2025-10-19T03:22:16","slug":"lalbum-de-la-semaine-avec-bruler-paris-lujipeka-veut-tout-detruire-pour-tout","status":"publish","type":"post","link":"https:\/\/www.europesays.com\/fr\/473926\/","title":{"rendered":"L\u2019album de la semaine : avec Br\u00fbler Paris, Lujipeka veut \u00ab\u00a0tout d\u00e9truire pour tout"},"content":{"rendered":"<p>Trouver le nom de son nouvel album dans la salle d\u2019attente des urgences avec le poignet cass\u00e9, \u00e7a n\u2019est pas commun. C\u2019est pourtant bien dans ce contexte sordide, apr\u00e8s une soir\u00e9e arros\u00e9e ayant fini en bagarre, que <a href=\"https:\/\/rennes.maville.com\/actu\/actudet_-apres-avoir-doute-de-son-retour-lujipeka-en-revient-a-l-energie-brute-et-simple-des-debuts-_52674-6866084_actu.Htm\" target=\"_blank\" rel=\"noopener\">Lucas Taupin, alias Lujipeka<\/a>, a d\u00e9cid\u00e9 de nommer son troisi\u00e8me projet Br\u00fbler Paris.<\/p>\n<p><a href=\"https:\/\/abonnement.ouest-france.fr\/produit\/qobuz?int_medium=lien&amp;int_campaign=of-abo_qobuz&amp;int_content=article-redac-roussel\" target=\"_self\" rel=\"noopener\">Cliquez ici pour d\u00e9couvrir notre offre d\u2019abonnement en partenariat avec Qobuz<\/a><\/p>\n<p>Durant cette nuit compliqu\u00e9e &#8211; <a href=\"https:\/\/www.instagram.com\/lujipeka\/reel\/DPomhrzDdra\/?hl=fr\" target=\"_blank\" rel=\"noopener\">qu\u2019il raconte en d\u00e9tail dans un dessin anim\u00e9 publi\u00e9 sur son compte Instagram avec Hilari animation<\/a> &#8211; le rappeur rennais a eu comme un d\u00e9clic. <strong>\u00ab\u00a0\u00c7a m\u2019a mis face \u00e0 mes exc\u00e8s, face \u00e0 une rupture. J\u2019ai eu ce pl\u00e2tre pendant quatre mois. J\u2019en ai profit\u00e9 pour recommencer \u00e0 \u00e9crire. M\u00eame si c\u2019est symbolique, \u00e7a m\u2019a r\u00e9veill\u00e9\u00a0\u00bb<\/strong>, confie <a href=\"http:\/\/www.rennes.maville.com\/actu\/actudet_-video.-columbine.-les-insultes-gratuites-la-misogynie-c-etait-rigolo-a-18-ans_52674-3540298_actu.Htm\" target=\"_blank\" rel=\"noopener\">celui qui a lanc\u00e9 sa carri\u00e8re avec le groupe Columbine il y a 11\u00a0ans<\/a>.<\/p>\n<blockquote class=\"instagram-media\" data-instgrm-captioned=\"\" data-instgrm-permalink=\"https:\/\/www.instagram.com\/reel\/DPomhrzDdra\/?utm_source=ig_embed&amp;utm_campaign=loading\" data-instgrm-version=\"14\" style=\" background:#FFF; border:0; border-radius:3px; box-shadow:0 0 1px 0 rgba(0,0,0,0.5),0 1px 10px 0 rgba(0,0,0,0.15); margin: 1px; max-width:540px; min-width:326px; padding:0; width:99.375%; width:-webkit-calc(100% - 2px); width:calc(100% - 2px);\" wp_automatic_readability=\"-0.24137931034483\"\/>\n<p>D\u00e9complexion pop<\/p>\n<p>D\u00e9j\u00e0 \u00e0 l\u2019\u00e9poque, le jeune Rennais et ses copains bousculaient un rap game un peu trop codifi\u00e9. Inspir\u00e9 par la sc\u00e8ne trap d\u2019Atlanta aux \u00c9tats-Unis, Columbine prenait un malin plaisir \u00e0 <a href=\"https:\/\/www.youtube.com\/watch?v=LfFI3bzMLU0&amp;list=RDLfFI3bzMLU0&amp;start_radio=1\" target=\"_blank\" rel=\"noopener\">rapper, chanter voire crier des textes aussi insolents que remplis de r\u00e9f\u00e9rences sur un simple piano voix<\/a>.<\/p>\n<p>Une d\u00e9complexion pop que Lujipeka entretient toujours sur Br\u00fbler Paris. \u00c0 l\u2019image de Puzzle, le jeune homme ch\u00e9rit toujours autant ses refrains ent\u00eatants \u00e0 la m\u00e9lodie parfaite. Une passion pour laquelle il n\u2019h\u00e9site pas \u00e0 glisser sa patte sur la partie instrumentale. Et ce malgr\u00e9 son manque de connaissance dans le domaine comme il aime \u00e0 le rappeler dans La vie d\u2019Antonio\u00a0:<strong> \u00ab\u00a0Un platine de plus, j\u2019sais m\u00eame pas jouer un mi-b\u00e9mol\u00a0\u00bb.<\/strong><\/p>\n<p>\u00ab Br\u00fbler mes illusions \u00bb<\/p>\n<p>\u00c0 c\u00f4t\u00e9 de Montagnes russes (2021) et de Week-end \u00e0 Marseille (2024), ce troisi\u00e8me opus solo sonne bien plus personnel et cathartique. <strong>\u00ab\u00a0Avec les tourn\u00e9es de ces deux premiers albums, j\u2019ai encha\u00een\u00e9 pendant six\u00a0ans non-stop. \u00c0 un moment donn\u00e9, j\u2019ai fait face \u00e0 une perte de sens. J\u2019ai eu besoin de couper et de me reconnecter \u00e0 moi-m\u00eame. J\u2019ai rencontr\u00e9 de vrais doutes<\/strong> <strong> si je devais revenir ou pas.\u00a0\u00bb<\/strong><\/p>\n<p>Seulement voil\u00e0, arrive cette fameuse soir\u00e9e apr\u00e8s laquelle Lujipeka se retrouve pl\u00e2tr\u00e9.<strong> \u00ab\u00a0J\u2019ai eu besoin d\u2019exprimer ce qu\u2019il se passait dans ma vie\u00a0\u00bb<\/strong>, explique le rappeur pour qui l\u2019\u00e9criture se r\u00e9v\u00e8le <strong>\u00ab\u00a0th\u00e9rapeutique\u00a0\u00bb<\/strong>. Une catharsis largement ressentie dans les morceaux 10x plus et Saut p\u00e9rilleux\u00a0dans lesquels le rappeur revient longuement sur sa derni\u00e8re rupture visiblement encore tr\u00e8s douloureuse\u00a0: <strong>\u00ab Br\u00fbler Paris c\u2019est l\u2019occasion pour moi de br\u00fbler mes illusions de cette p\u00e9riode de ma vie, de tout d\u00e9truire pour tout reconstruire\u00a0!\u00a0\u00bb<br \/><\/strong><\/p>\n<p wp_automatic_readability=\"1\">\n<p>Your browser does not support iframes.<\/p>\n<\/p>\n<p>Br\u00fbler Paris, Swa, 36 min, 13 titres.<\/p>\n<p>\u00a0<\/p>\n<p>\t\t<script async src=\"\/\/www.instagram.com\/embed.js\"><\/script><\/p>\n","protected":false},"excerpt":{"rendered":"Trouver le nom de son nouvel album dans la salle d\u2019attente des urgences avec le poignet cass\u00e9, \u00e7a&hellip;\n","protected":false},"author":2,"featured_media":473927,"comment_status":"","ping_status":"","sticky":false,"template":"","format":"standard","meta":{"footnotes":""},"categories":[2821],"tags":[1111,11,1692,829,20366,41347,1777,674,1011,27,54145,12,626,59740,584,25,5572],"class_list":{"0":"post-473926","1":"post","2":"type-post","3":"status-publish","4":"format-standard","5":"has-post-thumbnail","7":"category-rennes","8":"tag-actu","9":"tag-actualites","10":"tag-album","11":"tag-bretagne","12":"tag-bruler","13":"tag-detruire","14":"tag-eu","15":"tag-europe","16":"tag-fr","17":"tag-france","18":"tag-lujipeka","19":"tag-news","20":"tag-paris","21":"tag-reconstruire","22":"tag-rennes","23":"tag-republique-francaise","24":"tag-semaine"},"share_on_mastodon":{"url":"https:\/\/pubeurope.com\/@fr\/115398688393721244","error":""},"_links":{"self":[{"href":"https:\/\/www.europesays.com\/fr\/wp-json\/wp\/v2\/posts\/473926","targetHints":{"allow":["GET"]}}],"collection":[{"href":"https:\/\/www.europesays.com\/fr\/wp-json\/wp\/v2\/posts"}],"about":[{"href":"https:\/\/www.europesays.com\/fr\/wp-json\/wp\/v2\/types\/post"}],"author":[{"embeddable":true,"href":"https:\/\/www.europesays.com\/fr\/wp-json\/wp\/v2\/users\/2"}],"replies":[{"embeddable":true,"href":"https:\/\/www.europesays.com\/fr\/wp-json\/wp\/v2\/comments?post=473926"}],"version-history":[{"count":0,"href":"https:\/\/www.europesays.com\/fr\/wp-json\/wp\/v2\/posts\/473926\/revisions"}],"wp:featuredmedia":[{"embeddable":true,"href":"https:\/\/www.europesays.com\/fr\/wp-json\/wp\/v2\/media\/473927"}],"wp:attachment":[{"href":"https:\/\/www.europesays.com\/fr\/wp-json\/wp\/v2\/media?parent=473926"}],"wp:term":[{"taxonomy":"category","embeddable":true,"href":"https:\/\/www.europesays.com\/fr\/wp-json\/wp\/v2\/categories?post=473926"},{"taxonomy":"post_tag","embeddable":true,"href":"https:\/\/www.europesays.com\/fr\/wp-json\/wp\/v2\/tags?post=473926"}],"curies":[{"name":"wp","href":"https:\/\/api.w.org\/{rel}","templated":true}]}}