{"id":473928,"date":"2025-10-19T03:23:42","date_gmt":"2025-10-19T03:23:42","guid":{"rendered":"https:\/\/www.europesays.com\/fr\/473928\/"},"modified":"2025-10-19T03:23:42","modified_gmt":"2025-10-19T03:23:42","slug":"previsions-du-dimanche-19-octobre-2025-14","status":"publish","type":"post","link":"https:\/\/www.europesays.com\/fr\/473928\/","title":{"rendered":"pr\u00e9visions du dimanche 19 octobre 2025"},"content":{"rendered":"<p class=\"mb-4 text-lg md:leading-8 break-words\"><strong>M\u00e9t\u00e9o &#8211; Le ciel sera toujours couvert aujourd&rsquo;hui avec des nuages. Des pluies \u00e9parses sont attendues. Les temp\u00e9ratures seront de 13\u00b0C le matin et de 16\u00b0C l&rsquo;apr\u00e8s-midi&#8230;<\/strong><\/p>\n<p class=\"mb-4 text-lg md:leading-8 break-words\">Aujourd&rsquo;hui, \u00e0 Rennes, des nuages \u00e9mailleront le ciel, g\u00eanant ainsi l&rsquo;arriv\u00e9e du soleil. Le thermom\u00e8tre affichera 15\u00b0C en moyenne. Il faudra pr\u00e9voir des perturbations le matin, les Rennais se retrouveront sous de la bruine. On anticipe des temp\u00e9ratures avoisinant 13\u00b0C. Une brise de sud-est soufflera l\u00e9g\u00e8rement. L&rsquo;apparition du soleil l&rsquo;apr\u00e8s-midi sera retard\u00e9e par un certain nombre de nuages. Des pluies \u00e9parses vont tomber. Les valeurs seront de 15\u00b0C au minimum et de 17\u00b0C au plus haut. Un vent de sud soufflera \u00e0 28 km\/h. Le soir, le vent va peu \u00e0 peu \u00e9loigner les nuages. Il fera environ 13\u00b0C. Une nuit pluvieuse vous attendra entre dimanche et lundi.<\/p>\n<p class=\"mb-4 text-lg md:leading-8 break-words\">Demain, il est probable que de petites averses \u00e9clatent \u00e0 Rennes. Les temp\u00e9ratures seront comprises entre 12 et 17\u00b0C. Un vent de sud-ouest, atteignant 29 km\/h, soufflera. Les valeurs s&rsquo;\u00e9chelonneront entre 12\u00b0C et 15\u00b0C dans la matin\u00e9e. Les temp\u00e9ratures afficheront entre 14 et 17\u00b0C durant l&rsquo;apr\u00e8s-midi. Toujours de la grisaille demain soir. Les nuages vont s&rsquo;attarder. Les valeurs s&rsquo;\u00e9chelonneront de 13 \u00e0 14\u00b0C.<\/p>\n<p>Publicit\u00e9<\/p>\n<p>Publicit\u00e9<\/p>\n<p>Publicit\u00e9<\/p>\n<p>Publicit\u00e9<\/p>\n<p class=\"mb-4 text-lg md:leading-8 break-words\">Les journ\u00e9es se suivent mais ne se ressemblent pas. Les conditions m\u00e9t\u00e9orologiques varieront les jours suivants. Les conditions m\u00e9t\u00e9orologiques seront ensoleill\u00e9es mardi mais elles conna\u00eetront une d\u00e9gradation mercredi.<\/p>\n<p class=\"mb-4 text-lg md:leading-8 break-words\"><a href=\"https:\/\/www.20minutes.fr\/planete\/previsions-meteo\/4180175-20251019-meteo-rennes-previsions-dimanche-19-octobre-2025?at_medium=RSS%20feed&amp;at_campaign=ynews&amp;utm_source=yahoo&amp;utm_medium=rss&amp;utm_campaign=news_feed&amp;utm_content=read_more_link&quot;\" rel=\"nofollow noopener\" target=\"_blank\" data-ylk=\"slk:Lire la suite sur 20minutes;elm:context_link;itc:0;sec:content-canvas\" class=\"link \">Lire la suite sur 20minutes<\/a><\/p>\n","protected":false},"excerpt":{"rendered":"M\u00e9t\u00e9o &#8211; Le ciel sera toujours couvert aujourd&rsquo;hui avec des nuages. Des pluies \u00e9parses sont attendues. Les temp\u00e9ratures&hellip;\n","protected":false},"author":2,"featured_media":473929,"comment_status":"","ping_status":"","sticky":false,"template":"","format":"standard","meta":{"footnotes":""},"categories":[2821],"tags":[1111,11,829,57946,1777,674,1011,27,44166,2487,12,584,25],"class_list":{"0":"post-473928","1":"post","2":"type-post","3":"status-publish","4":"format-standard","5":"has-post-thumbnail","7":"category-rennes","8":"tag-actu","9":"tag-actualites","10":"tag-bretagne","11":"tag-conditions-meteorologiques","12":"tag-eu","13":"tag-europe","14":"tag-fr","15":"tag-france","16":"tag-le-matin","17":"tag-meteo","18":"tag-news","19":"tag-rennes","20":"tag-republique-francaise"},"share_on_mastodon":{"url":"https:\/\/pubeurope.com\/@fr\/115398692233404237","error":""},"_links":{"self":[{"href":"https:\/\/www.europesays.com\/fr\/wp-json\/wp\/v2\/posts\/473928","targetHints":{"allow":["GET"]}}],"collection":[{"href":"https:\/\/www.europesays.com\/fr\/wp-json\/wp\/v2\/posts"}],"about":[{"href":"https:\/\/www.europesays.com\/fr\/wp-json\/wp\/v2\/types\/post"}],"author":[{"embeddable":true,"href":"https:\/\/www.europesays.com\/fr\/wp-json\/wp\/v2\/users\/2"}],"replies":[{"embeddable":true,"href":"https:\/\/www.europesays.com\/fr\/wp-json\/wp\/v2\/comments?post=473928"}],"version-history":[{"count":0,"href":"https:\/\/www.europesays.com\/fr\/wp-json\/wp\/v2\/posts\/473928\/revisions"}],"wp:featuredmedia":[{"embeddable":true,"href":"https:\/\/www.europesays.com\/fr\/wp-json\/wp\/v2\/media\/473929"}],"wp:attachment":[{"href":"https:\/\/www.europesays.com\/fr\/wp-json\/wp\/v2\/media?parent=473928"}],"wp:term":[{"taxonomy":"category","embeddable":true,"href":"https:\/\/www.europesays.com\/fr\/wp-json\/wp\/v2\/categories?post=473928"},{"taxonomy":"post_tag","embeddable":true,"href":"https:\/\/www.europesays.com\/fr\/wp-json\/wp\/v2\/tags?post=473928"}],"curies":[{"name":"wp","href":"https:\/\/api.w.org\/{rel}","templated":true}]}}