{"id":473930,"date":"2025-10-19T03:25:12","date_gmt":"2025-10-19T03:25:12","guid":{"rendered":"https:\/\/www.europesays.com\/fr\/473930\/"},"modified":"2025-10-19T03:25:12","modified_gmt":"2025-10-19T03:25:12","slug":"previsions-du-dimanche-19-octobre-2025-15","status":"publish","type":"post","link":"https:\/\/www.europesays.com\/fr\/473930\/","title":{"rendered":"pr\u00e9visions du dimanche 19 octobre 2025"},"content":{"rendered":"<p>Dans la journ\u00e9e, les temp\u00e9ratures avoisineront les 11\u00b0C \u00e0 Strasbourg. Une brise de sud soufflera doucement. Le soleil sera au rendez-vous : une magnifique matin\u00e9e se pr\u00e9sente ! Il va faire environ 10\u00b0C. Apr\u00e8s un \u00e9pisode nuageux l&rsquo;apr\u00e8s-midi, un ciel avec des \u00e9claircies va progressivement prendre la place des nuages. Une m\u00e9t\u00e9o plus chaude est attendue \u00e9tant donn\u00e9 que le mercure va enregistrer une augmentation. Les temp\u00e9ratures seront de 12\u00b0C au plus bas et de 15\u00b0C au maximum. Durant la nuit de dimanche \u00e0 lundi, le ciel sera pluvieux.<\/p>\n<p>Demain, c&rsquo;est une hausse de quelques degr\u00e9s que vont conna\u00eetre les temp\u00e9ratures dans la ville de Strasbourg. On pr\u00e9voit des valeurs avoisinant 13\u00b0C. Un vent de sud-ouest soufflera \u00e0 20 km\/h. De la bruine l\u00e9g\u00e8re est pr\u00e9vue dans la matin\u00e9e. Malheureusement, il y aura encore des nuages demain apr\u00e8s-midi. Du mauvais temps est \u00e0 pr\u00e9voir. Des pluies \u00e9parses vont tomber. Les temp\u00e9ratures afficheront entre 12 et 14\u00b0C. Des \u00e9claircies feront leur apparition dans la soir\u00e9e.<\/p>\n<p>La m\u00e9t\u00e9o va se d\u00e9grader dans les journ\u00e9es qui suivent. On s&rsquo;attend \u00e0 des journ\u00e9es pluvieuses, avec des temp\u00e9ratures dans les 15\u00b0C en moyenne.<\/p>\n<p><\/p>\n","protected":false},"excerpt":{"rendered":"Dans la journ\u00e9e, les temp\u00e9ratures avoisineront les 11\u00b0C \u00e0 Strasbourg. Une brise de sud soufflera doucement. Le soleil&hellip;\n","protected":false},"author":2,"featured_media":473931,"comment_status":"","ping_status":"","sticky":false,"template":"","format":"standard","meta":{"footnotes":""},"categories":[2820],"tags":[1111,11,1777,674,1011,27,775,12,2119,25,640],"class_list":{"0":"post-473930","1":"post","2":"type-post","3":"status-publish","4":"format-standard","5":"has-post-thumbnail","7":"category-strasbourg","8":"tag-actu","9":"tag-actualites","10":"tag-eu","11":"tag-europe","12":"tag-fr","13":"tag-france","14":"tag-grand-est","15":"tag-news","16":"tag-previsions-meteo","17":"tag-republique-francaise","18":"tag-strasbourg"},"share_on_mastodon":{"url":"https:\/\/pubeurope.com\/@fr\/115398700138077810","error":""},"_links":{"self":[{"href":"https:\/\/www.europesays.com\/fr\/wp-json\/wp\/v2\/posts\/473930","targetHints":{"allow":["GET"]}}],"collection":[{"href":"https:\/\/www.europesays.com\/fr\/wp-json\/wp\/v2\/posts"}],"about":[{"href":"https:\/\/www.europesays.com\/fr\/wp-json\/wp\/v2\/types\/post"}],"author":[{"embeddable":true,"href":"https:\/\/www.europesays.com\/fr\/wp-json\/wp\/v2\/users\/2"}],"replies":[{"embeddable":true,"href":"https:\/\/www.europesays.com\/fr\/wp-json\/wp\/v2\/comments?post=473930"}],"version-history":[{"count":0,"href":"https:\/\/www.europesays.com\/fr\/wp-json\/wp\/v2\/posts\/473930\/revisions"}],"wp:featuredmedia":[{"embeddable":true,"href":"https:\/\/www.europesays.com\/fr\/wp-json\/wp\/v2\/media\/473931"}],"wp:attachment":[{"href":"https:\/\/www.europesays.com\/fr\/wp-json\/wp\/v2\/media?parent=473930"}],"wp:term":[{"taxonomy":"category","embeddable":true,"href":"https:\/\/www.europesays.com\/fr\/wp-json\/wp\/v2\/categories?post=473930"},{"taxonomy":"post_tag","embeddable":true,"href":"https:\/\/www.europesays.com\/fr\/wp-json\/wp\/v2\/tags?post=473930"}],"curies":[{"name":"wp","href":"https:\/\/api.w.org\/{rel}","templated":true}]}}