{"id":473936,"date":"2025-10-19T03:30:58","date_gmt":"2025-10-19T03:30:58","guid":{"rendered":"https:\/\/www.europesays.com\/fr\/473936\/"},"modified":"2025-10-19T03:30:58","modified_gmt":"2025-10-19T03:30:58","slug":"bordeaux-pourrait-faire-condamner-letat-pour-non-financement-de-lhebergement-durgence","status":"publish","type":"post","link":"https:\/\/www.europesays.com\/fr\/473936\/","title":{"rendered":"Bordeaux pourrait faire condamner l&rsquo;Etat pour non financement de l&rsquo;h\u00e9bergement d&rsquo;urgence"},"content":{"rendered":"<p class=\"wp-block-post-excerpt__excerpt\">Ce mardi 14 octobre, le Tribunal administratif de Bordeaux a examin\u00e9 la demande de la mairie de faire reconna\u00eetre la carence de l\u2019\u00c9tat en mati\u00e8re d\u2019h\u00e9bergement d\u2019urgence. La Ville r\u00e9clame 125\u202f458 euros pour avoir pris en charge entre 2020 et 2023 des personnes laiss\u00e9es sans solution par les services de l\u2019\u00c9tat. Le rapporteur public va dans le sens d\u2019une condamnation. Jugement attendu dans trois semaines. <\/p>\n<p><a href=\"https:\/\/rue89bordeaux.com\/category\/actualite\/\" rel=\"tag noopener\" target=\"_blank\">Actualit\u00e9<\/a>, <a href=\"https:\/\/rue89bordeaux.com\/category\/kiosque-abonne\/\" rel=\"tag noopener\" target=\"_blank\">\u00c9dition abonn\u00e9s<\/a><\/p>\n<p>Walid Salem<\/p>\n<p>Publi\u00e9 le 17 octobre 2025\u00a0\u00a0\u00b7\u00a0\u00a0<\/p>\n<p>Imprim\u00e9 le 19 octobre 2025 \u00e0 05h30\u00a0\u00a0\u00b7\u00a0\u00a0<\/p>\n<p>\t\t\t\t\t4\u00a0minutes\n<\/p>\n<p>Apr\u00e8s <a href=\"https:\/\/www.lemonde.fr\/societe\/article\/2025\/02\/14\/accueil-des-migrants-l-etat-condamne-a-indemniser-une-collectivite-basque_6546289_3224.html\" target=\"_blank\" rel=\"noreferrer noopener\">Bayonne<\/a> et <a href=\"https:\/\/www.lemonde.fr\/societe\/article\/2025\/03\/26\/hebergement-d-urgence-l-etat-condamne-a-rembourser-la-ville-de-grenoble_6586531_3224.html\" target=\"_blank\" rel=\"noreferrer noopener\">Grenoble<\/a>, Bordeaux fera-t-elle plier l\u2019Etat sur l\u2019h\u00e9bergement d\u2019urgence ? En octobre 2023, <a href=\"https:\/\/rue89bordeaux.com\/2023\/10\/bordeaux-engage-un-recours-contre-letat-sur-la-carence-de-lhebergement-durgence\/\" target=\"_blank\" rel=\"noreferrer noopener\">aux c\u00f4t\u00e9s d\u2019autres villes<\/a> \u2013 des recours sont toujours en cours \u2013, la mairie de Bordeaux, via son CCAS (Centre communal d\u2019action sociale), a engag\u00e9 une action en justice contre l\u2019\u00c9tat.<\/p>\n<p>Elle r\u00e9clame le remboursement des d\u00e9penses engag\u00e9es entre d\u00e9cembre 2020 et juin 2021, p\u00e9riode marqu\u00e9e par la crise sanitaire, et d\u2019autres actions sp\u00e9cifiques en 2022 et 2023. Le montant demand\u00e9 \u2013 125 458 euros \u2013 concerne des nuit\u00e9es d\u2019h\u00f4tel pour des familles et la mise \u00e0 disposition de la salle Gouffrand pour les sans-abri.<\/p>\n<p>\t\tUne condamnation \u00ab\u00a0quasiment acquise\u00a0\u00bb<\/p>\n<p>Ce mardi 14 octobre, l\u2019audience s\u2019est tenue au Tribunal administrative de Bordeaux sous la pr\u00e9sidence d\u2019Aur\u00e9lie\u00a0Chauvin. Le rapporteur public, Camille P\u00e9an, a retenu la responsabilit\u00e9 de l\u2019\u00c9tat au titre de l\u2019obligation d\u2019h\u00e9bergement d\u2019urgence, un droit-cr\u00e9ance inscrit dans le code de l\u2019action sociale et des familles. Elle a requis en revanche une indemnit\u00e9 de seulement 8537 euros au b\u00e9n\u00e9fice du CCAS de Bordeaux.<\/p>\n<p>Si l\u2019\u00e9cart entre les indemnit\u00e9s est important, la condamnation de l\u2019Etat est un point central pour le CCAS. Cette condamnation est \u00ab\u00a0quasiment acquise au vu de la jurisprudence ant\u00e9rieure, et au vu des conditions du rapporteur public, et \u00e7a, c\u2019est une grande satisfaction. Apr\u00e8s, le montant de l\u2019indemnit\u00e9, \u00e7a sera la cerise sur le g\u00e2teau\u00a0\u00bb, d\u00e9clare Xavier Heymans du cabinet Adaltys, avocat du CCAS. Le d\u00e9lib\u00e9r\u00e9 sera rendu le 4 novembre.<\/p>\n<p class=\"has-warning-color has-text-color\">\n\t\t\t<strong> Cet article fait partie de l\u2019\u00e9dition abonn\u00e9s.<\/strong><br \/>\n\t\t\t| D\u00e9j\u00e0 abonn\u00e9\u00a0?<br \/>\n\t\t\t<a href=\"https:\/\/rue89bordeaux.com\/user\/login\/\" data-type=\"page\" data-id=\"26256\" target=\"_blank\" rel=\"noopener\">Connectez-vous<\/a>\n\t\t<\/p>\n<p>Abonnez-vous maintenant pour poursuivre votre lecture<\/p>\n<p><img loading=\"lazy\" decoding=\"async\" width=\"607\" height=\"480\" src=\"https:\/\/www.europesays.com\/fr\/wp-content\/uploads\/2025\/04\/1744387698_768_04-paywall.png\" alt=\"Abonnez-vous\" class=\"wp-image-128438\"  \/><\/p>\n<p>\t\t\t<a href=\"https:\/\/rue89bordeaux.com\/\" class=\"custom-logo-link\" rel=\"home noopener\" target=\"_blank\"><img loading=\"lazy\" decoding=\"async\" width=\"290\" height=\"49\" src=\"https:\/\/www.europesays.com\/fr\/wp-content\/uploads\/2025\/04\/logo.png\" class=\"custom-logo\" alt=\"Rue89Bordeaux Enqu\u00eates et informations de proximit\u00e9\"  \/><\/a><\/p>\n<p>\n\t\t\t\tAbonnez-vous maintenant pour suivre l\u2019actualit\u00e9 locale.\t\t\t<\/p>\n<p class=\"font-bold font-serif-heading mb-2 text-4xl\">\n\t\t\t\t\t\tL\u2019investigation locale \u00e0 port\u00e9e de main.\n\t\t\t\t\t<\/p>\n<p>\n\t\t\t\t\t\tAbonnez-vous et profitez d\u2019un acc\u00e8s illimit\u00e9 \u00e0 Rue89Bordeaux. Annulez quand vous voulez.\n\t\t\t\t\t<\/p>\n<p class=\"xl:text-sm\">\n\t\t\t\t\tD\u00e9j\u00e0 abonn\u00e9\u00a0?<br \/>\n\t\t\t\t\t<a class=\"border border-transparent text-center transition-colors duration-instant focus:border-info focus:rounded focus:shadow-focus cursor-pointer text-black hover:text-gray-700 active:bg-black-700 font-semibold inline-block\" href=\"https:\/\/rue89bordeaux.com\/user\/login\/?redirect=\/2025\/10\/bordeaux-pourrait-faire-condamner-letat-pour-non-financement-de-lhebergement-durgence\/\" target=\"_blank\" rel=\"noopener\">Connectez-vous<\/a>\t\t\t\t<\/p>\n<p>\n\t\t\t\tChoisissez votre formule\u00a0:\n\t\t\t<\/p>\n<p>\t\t\t\tFermer<\/p>\n","protected":false},"excerpt":{"rendered":"Ce mardi 14 octobre, le Tribunal administratif de Bordeaux a examin\u00e9 la demande de la mairie de faire&hellip;\n","protected":false},"author":2,"featured_media":473937,"comment_status":"","ping_status":"","sticky":false,"template":"","format":"standard","meta":{"footnotes":""},"categories":[2817],"tags":[1111,11,1997,59741,1777,674,1011,27,3909,12,2219,7131,25,7132],"class_list":{"0":"post-473936","1":"post","2":"type-post","3":"status-publish","4":"format-standard","5":"has-post-thumbnail","7":"category-bordeaux","8":"tag-actu","9":"tag-actualites","10":"tag-bordeaux","11":"tag-ccas-de-bordeaux","12":"tag-eu","13":"tag-europe","14":"tag-fr","15":"tag-france","16":"tag-hebergement-durgence","17":"tag-news","18":"tag-nouvelle-aquitaine","19":"tag-prefecture-de-la-gironde","20":"tag-republique-francaise","21":"tag-tribunal-administratif-de-bordeaux"},"share_on_mastodon":{"url":"https:\/\/pubeurope.com\/@fr\/115398724223450855","error":""},"_links":{"self":[{"href":"https:\/\/www.europesays.com\/fr\/wp-json\/wp\/v2\/posts\/473936","targetHints":{"allow":["GET"]}}],"collection":[{"href":"https:\/\/www.europesays.com\/fr\/wp-json\/wp\/v2\/posts"}],"about":[{"href":"https:\/\/www.europesays.com\/fr\/wp-json\/wp\/v2\/types\/post"}],"author":[{"embeddable":true,"href":"https:\/\/www.europesays.com\/fr\/wp-json\/wp\/v2\/users\/2"}],"replies":[{"embeddable":true,"href":"https:\/\/www.europesays.com\/fr\/wp-json\/wp\/v2\/comments?post=473936"}],"version-history":[{"count":0,"href":"https:\/\/www.europesays.com\/fr\/wp-json\/wp\/v2\/posts\/473936\/revisions"}],"wp:featuredmedia":[{"embeddable":true,"href":"https:\/\/www.europesays.com\/fr\/wp-json\/wp\/v2\/media\/473937"}],"wp:attachment":[{"href":"https:\/\/www.europesays.com\/fr\/wp-json\/wp\/v2\/media?parent=473936"}],"wp:term":[{"taxonomy":"category","embeddable":true,"href":"https:\/\/www.europesays.com\/fr\/wp-json\/wp\/v2\/categories?post=473936"},{"taxonomy":"post_tag","embeddable":true,"href":"https:\/\/www.europesays.com\/fr\/wp-json\/wp\/v2\/tags?post=473936"}],"curies":[{"name":"wp","href":"https:\/\/api.w.org\/{rel}","templated":true}]}}