{"id":473938,"date":"2025-10-19T03:32:23","date_gmt":"2025-10-19T03:32:23","guid":{"rendered":"https:\/\/www.europesays.com\/fr\/473938\/"},"modified":"2025-10-19T03:32:23","modified_gmt":"2025-10-19T03:32:23","slug":"bordeaux-begles-se-reprend-et-enfonce-perpignan-dans-la-crise","status":"publish","type":"post","link":"https:\/\/www.europesays.com\/fr\/473938\/","title":{"rendered":"Bordeaux-B\u00e8gles se reprend et enfonce Perpignan dans la crise"},"content":{"rendered":"<p><strong>Perpignan\u00a0&#8211; Bordeaux-B\u00e8gles\u00a0: 12-27<\/strong><\/p>\n<p>\u00c0 la poursuite d\u2019un premier succ\u00e8s \u00e0 l\u2019ext\u00e9rieur cette saison, l\u2019Union Bordeaux B\u00e8gles s\u2019est impos\u00e9e sur la pelouse de Perpignan (12-27) samedi 18\u00a0octobre 2025, lors de la 7e journ\u00e9e de Top\u00a014, enfon\u00e7ant les Catalans dans la crise. Battu et tr\u00e8s friable en d\u00e9fense lors de ses trois premiers d\u00e9placements, l\u2019UBB a corrig\u00e9 le tir face \u00e0 l\u2019Usap.<\/p>\n<p>S\u2019ils avaient la f\u00e2cheuse habitude d\u2019encaisser beaucoup de points dans les vingt premi\u00e8res minutes, les Girondins, renforc\u00e9s par les retours de Matthieu Jalibert, Louis Bielle-Biarrey ou encore Adam Coleman, ont cette fois pris le meilleur d\u00e9part. Bien aid\u00e9e par le carton jaune du demi de m\u00eal\u00e9e catalan Gela Aprasidze (6e), l\u2019UBB a ouvert le score gr\u00e2ce \u00e0 son jeune centre Adrien Drault (9e) avant de doubler la mise par l\u2019interm\u00e9diaire de Temo Matiu (0-17, 21e).<\/p>\n<p>La sup\u00e9riorit\u00e9 num\u00e9rique de Perpignan n\u2019a pas suffi<\/p>\n<p>Pour Perpignan, les week-ends se suivent et se ressemblent. L\u2019Usap n\u2019a toujours pas inscrit le moindre point depuis le d\u00e9but d\u2019un championnat de plus en plus cauchemardesque et compte trois points de retard sur Montauban, \u00e9trill\u00e9 par La\u00a0Rochelle (54-19) et o\u00f9 il se d\u00e9placera lors de la prochaine journ\u00e9e. Devant un public rapidement r\u00e9sign\u00e9, les Catalans ont r\u00e9agi juste avant la mi-temps avec un essai de p\u00e9nalit\u00e9, doubl\u00e9 d\u2019un carton jaune \u00e0 l\u2019encontre de Bielle-Biarrey, qui a relanc\u00e9 les locaux (7-20).<\/p>\n<p>Mais malgr\u00e9 sa sup\u00e9riorit\u00e9 num\u00e9rique, l\u2019Usap a encore beaucoup trop g\u00e2ch\u00e9, en touche notamment, pour recoller au retour des vestiaires. Le carton jaune du deuxi\u00e8me ligne bordelais Cyril Cazeaux (54e) n\u2019y a rien chang\u00e9. Pire, c\u2019est en inf\u00e9riorit\u00e9 num\u00e9rique que les Girondins ont d\u00e9finitivement assur\u00e9 leur succ\u00e8s gr\u00e2ce \u00e0 une inspiration de Matthieu Jalibert, parti seul en contre depuis ses 22 m\u00e8tres \u00e0 la suite d\u2019une p\u00e9nalit\u00e9 rapidement jou\u00e9e (27-7, 64e).<\/p>\n<p>Apr\u00e8s avoir encaiss\u00e9 42 points de moyenne lors de leurs trois premiers d\u00e9placements dont <a target=\"_self\" href=\"https:\/\/www.lanouvellerepublique.fr\/sports\/top-14-toulouse-surclasse-bordeaux-begles-1760304267\" rel=\"nofollow noopener\">une gifle la semaine pr\u00e9c\u00e9dente \u00e0 Toulouse (56-13)<\/a>, les hommes de Yannick Bru ont cette fois \u00e9t\u00e9 solides en d\u00e9fense m\u00eame s\u2019ils ont encaiss\u00e9 un deuxi\u00e8me essai en toute fin de match par Allan (80e).<\/p>\n<p>Le week-end prochain, l\u2019UBB tentera de confirmer ce regain de forme et de remporter deux matchs cons\u00e9cutifs pour la premi\u00e8re fois cette saison face \u00e0 Bayonne. Au plus mal, Perpignan\u00a0ira \u00e0\u00a0Montauban pour un duel qui pourrait d\u00e9j\u00e0 valoir tr\u00e8s cher dans la course au maintien.<\/p>\n<p><strong>Mi-temps\u00a0:<\/strong> 7-20.<br \/><strong>Perpignan\u00a0:<\/strong> 2E de p\u00e9nalit\u00e9 (40e), Allan (79e).<br \/><strong>UBB\u00a0:<\/strong> 3E Drault (9e), Matiu (20e), Jalibert (63e)\u00a0; 3T Page-Relo (9e, 20e, 63e)\u00a0; 2P Page-Relo (7e, 31e).<br \/><strong>Cartons jaunes\u00a0:<\/strong> \u00e0 Perpignan, Aprasidze (6e)\u00a0; \u00e0 l\u2019UBB, Bielle-Biarrey (40e), Cazeaux (54e).<\/p>\n","protected":false},"excerpt":{"rendered":"Perpignan\u00a0&#8211; Bordeaux-B\u00e8gles\u00a0: 12-27 \u00c0 la poursuite d\u2019un premier succ\u00e8s \u00e0 l\u2019ext\u00e9rieur cette saison, l\u2019Union Bordeaux B\u00e8gles s\u2019est impos\u00e9e&hellip;\n","protected":false},"author":2,"featured_media":473939,"comment_status":"","ping_status":"","sticky":false,"template":"","format":"standard","meta":{"footnotes":""},"categories":[2817],"tags":[1111,11,1997,1777,674,1011,27,12,2219,25,479,60,478],"class_list":{"0":"post-473938","1":"post","2":"type-post","3":"status-publish","4":"format-standard","5":"has-post-thumbnail","7":"category-bordeaux","8":"tag-actu","9":"tag-actualites","10":"tag-bordeaux","11":"tag-eu","12":"tag-europe","13":"tag-fr","14":"tag-france","15":"tag-news","16":"tag-nouvelle-aquitaine","17":"tag-republique-francaise","18":"tag-rugby","19":"tag-sports","20":"tag-top-14"},"share_on_mastodon":{"url":"https:\/\/pubeurope.com\/@fr\/115398727685625422","error":""},"_links":{"self":[{"href":"https:\/\/www.europesays.com\/fr\/wp-json\/wp\/v2\/posts\/473938","targetHints":{"allow":["GET"]}}],"collection":[{"href":"https:\/\/www.europesays.com\/fr\/wp-json\/wp\/v2\/posts"}],"about":[{"href":"https:\/\/www.europesays.com\/fr\/wp-json\/wp\/v2\/types\/post"}],"author":[{"embeddable":true,"href":"https:\/\/www.europesays.com\/fr\/wp-json\/wp\/v2\/users\/2"}],"replies":[{"embeddable":true,"href":"https:\/\/www.europesays.com\/fr\/wp-json\/wp\/v2\/comments?post=473938"}],"version-history":[{"count":0,"href":"https:\/\/www.europesays.com\/fr\/wp-json\/wp\/v2\/posts\/473938\/revisions"}],"wp:featuredmedia":[{"embeddable":true,"href":"https:\/\/www.europesays.com\/fr\/wp-json\/wp\/v2\/media\/473939"}],"wp:attachment":[{"href":"https:\/\/www.europesays.com\/fr\/wp-json\/wp\/v2\/media?parent=473938"}],"wp:term":[{"taxonomy":"category","embeddable":true,"href":"https:\/\/www.europesays.com\/fr\/wp-json\/wp\/v2\/categories?post=473938"},{"taxonomy":"post_tag","embeddable":true,"href":"https:\/\/www.europesays.com\/fr\/wp-json\/wp\/v2\/tags?post=473938"}],"curies":[{"name":"wp","href":"https:\/\/api.w.org\/{rel}","templated":true}]}}