{"id":473942,"date":"2025-10-19T03:34:13","date_gmt":"2025-10-19T03:34:13","guid":{"rendered":"https:\/\/www.europesays.com\/fr\/473942\/"},"modified":"2025-10-19T03:34:13","modified_gmt":"2025-10-19T03:34:13","slug":"meteo-est-ce-la-fin-dun-ete-indien-a-toulouse-et-en-occitanie-ce-que-disent-les-previsions","status":"publish","type":"post","link":"https:\/\/www.europesays.com\/fr\/473942\/","title":{"rendered":"M\u00e9t\u00e9o. Est-ce la fin d&rsquo;un \u00ab\u00a0\u00e9t\u00e9 indien\u00a0\u00bb \u00e0 Toulouse et en Occitanie ? Ce que disent les pr\u00e9visions"},"content":{"rendered":"<p>            Par<br \/>\n        <strong><br \/>\n            <a href=\"https:\/\/actu.fr\/auteur\/marie-lamarque\" title=\"Consulter tous les articles de Marie Lamarque\" rel=\"nofollow noopener\" target=\"_blank\">Marie Lamarque<\/a><br \/>\n        <\/strong><\/p>\n<p>        Publi\u00e9 le<\/p>\n<p>            19 oct. 2025 \u00e0 5h24        <\/p>\n<p>Serait-ce <a href=\"https:\/\/actu.fr\/meteo\/des-rafales-jusqu-a-110-km-h-un-coup-de-vent-attendu-des-ce-dimanche-en-france-voici-a-quoi-s-attendre_63319185.html\" rel=\"nofollow noopener\" target=\"_blank\">le d\u00e9but d\u2019un changement de temps radical<\/a> sur toute la France ? Apr\u00e8s plusieurs jours de soleil, le ciel s\u2019annonce plus maussade \u00e0 partir de ce dimanche 19 octobre 2025 <a href=\"https:\/\/actu.fr\/toulouse\/\" rel=\"nofollow noopener\" target=\"_blank\">\u00e0 Toulouse<\/a>, mais aussi dans l\u2019Occitanie. \u00ab\u00a0Une perturbation venue de l\u2019Atlantique s\u2019infiltre sur le nord-ouest du pays signifiant le retour de la pluie et un temps plus perturb\u00e9 pour la semaine prochaine\u00a0\u00bb, indique M\u00e9t\u00e9o-France.<\/p>\n<p class=\" wall-content\"><strong>Le retour des nuages et du vent est pr\u00e9vu<\/strong> pour cette fin de week-end. <strong>Des rafales pourraient atteindre les 60 km\/h<\/strong> dans la r\u00e9gion. Le point sur les pr\u00e9visions.<\/p>\n<p>Les pr\u00e9visions \u00e0 Toulouse\u2026<\/p>\n<p class=\" wall-content\">Les temp\u00e9ratures resteront proches des normales de saison \u00e0 Toulouse, mais le ciel devrait \u00eatre bien gris ce dimanche. Il fera <strong>13\u00b0C au lever du jour, puis 22\u00b0C dans l\u2019apr\u00e8s-midi<\/strong>. La fin d\u2019un \u00ab\u00a0\u00e9t\u00e9 indien\u00a0\u00bb dans la Ville rose selon <strong>Pascal Boureau<\/strong>, ex-r\u00e9visionniste chez M\u00e9t\u00e9o-France.<\/p>\n<p class=\" wall-content\">\n<p class=\" wall-content\">Le voile du d\u00e9but de journ\u00e9e laissera place \u00e0 des nuages. Le vent devrait aussi se lever quelque peu, avec <strong>des rafales \u00e0 50 km<\/strong> annonc\u00e9es.<\/p>\n<p>    <img   decoding=\"async\" loading=\"lazy\" src=\"https:\/\/www.europesays.com\/fr\/wp-content\/uploads\/2025\/10\/meteo-toulouse-nuages-960x640.png\" alt=\"Les pr\u00e9visions \u00e0 Toulouse.\" width=\"960\" height=\"640\"\/><br \/>\n    Les pr\u00e9visions \u00e0 Toulouse. (\u00a9Capture d\u2019\u00e9cran \/ M\u00e9t\u00e9o-France)Vid\u00e9os : en ce moment sur Actu\u2026et en Occitanie<\/p>\n<p class=\" wall-content\">En Occitanie, on ne devrait que rarement franchir la barre des 25\u00b0C dans l\u2019apr\u00e8s-midi. M\u00e9t\u00e9o-France annonce <strong>25\u00b0C \u00e0 Auch, 24\u00b0C \u00e0 Saint-Gaudens et \u00e0 Cahors, 22\u00b0C \u00e0 Carcassonne, 19\u00b0C \u00e0 Montpellier ou encore 18\u00b0C \u00e0 Rodez<\/strong>.<\/p>\n<p class=\" wall-content\">Si le ciel sera majoritairement voil\u00e9 le matin, les nuages vont s\u2019installer dans la r\u00e9gion. Quelques pr\u00e9cipitations sont \u00e0 craindre au cours de la journ\u00e9e sur la fa\u00e7ade m\u00e9diterran\u00e9enne.\u00a0<\/p>\n<p>Votre r\u00e9gion, votre actu !<\/p>\n<p>Recevez chaque jour les infos qui comptent pour vous.<\/p>\n<p>\t<a href=\"https:\/\/actu.fr\/newsletter\" class=\"ac-btn ac-btn--corner ac-btn--medium ac-btn--blue800\" rel=\"nofollow noopener\" target=\"_blank\">S&rsquo;incrire<\/a><\/p>\n<p class=\" wall-content\">Par ailleurs, le vent devrait se lever tout au long de la journ\u00e9e, avec<strong> des rafales pouvant atteindre les 60 km\/h<\/strong>, notamment dans la soir\u00e9e de dimanche, dans l\u2019Aveyron.\u00a0<\/p>\n<p>    <img   decoding=\"async\" loading=\"lazy\" src=\"https:\/\/www.europesays.com\/fr\/wp-content\/uploads\/2025\/10\/meteo-occitanie-previsions-4-960x640.png\" alt=\"Les pr\u00e9visions en Occitanie pour ce dimanche 19 octobre 2025.\" width=\"960\" height=\"640\"\/><br \/>\n    Les pr\u00e9visions en Occitanie pour ce dimanche 19 octobre 2025. (\u00a9Capture d\u2019\u00e9cran \/ M\u00e9t\u00e9o-France)<\/p>\n<p class=\" wall-content\">Personnalisez votre actualit\u00e9 en ajoutant vos villes et m\u00e9dias en favori avec <a href=\"https:\/\/moncompte.actu.fr\" title=\"D\u00e9couvez Mon Actu\" rel=\"nofollow noopener\" data-trk=\"{&quot;cta&quot;:{&quot;action&quot;:&quot;https:\\\/\\\/moncompte.actu.fr&quot;,&quot;category&quot;:&quot;mon compte&quot;,&quot;from&quot;:&quot;article footer&quot;,&quot;name&quot;:&quot;Mon actu&quot;,&quot;type&quot;:&quot;cta&quot;}}\" target=\"_blank\">Mon Actu<\/a>.<\/p>\n","protected":false},"excerpt":{"rendered":"Par Marie Lamarque Publi\u00e9 le 19 oct. 2025 \u00e0 5h24 Serait-ce le d\u00e9but d\u2019un changement de temps radical&hellip;\n","protected":false},"author":2,"featured_media":473943,"comment_status":"","ping_status":"","sticky":false,"template":"","format":"standard","meta":{"footnotes":""},"categories":[2816],"tags":[1111,11,1777,674,1011,27,2487,2357,12,2680,25,2312],"class_list":{"0":"post-473942","1":"post","2":"type-post","3":"status-publish","4":"format-standard","5":"has-post-thumbnail","7":"category-toulouse","8":"tag-actu","9":"tag-actualites","10":"tag-eu","11":"tag-europe","12":"tag-fr","13":"tag-france","14":"tag-meteo","15":"tag-meteo-france","16":"tag-news","17":"tag-occitanie","18":"tag-republique-francaise","19":"tag-toulouse"},"share_on_mastodon":{"url":"https:\/\/pubeurope.com\/@fr\/115398736436325144","error":""},"_links":{"self":[{"href":"https:\/\/www.europesays.com\/fr\/wp-json\/wp\/v2\/posts\/473942","targetHints":{"allow":["GET"]}}],"collection":[{"href":"https:\/\/www.europesays.com\/fr\/wp-json\/wp\/v2\/posts"}],"about":[{"href":"https:\/\/www.europesays.com\/fr\/wp-json\/wp\/v2\/types\/post"}],"author":[{"embeddable":true,"href":"https:\/\/www.europesays.com\/fr\/wp-json\/wp\/v2\/users\/2"}],"replies":[{"embeddable":true,"href":"https:\/\/www.europesays.com\/fr\/wp-json\/wp\/v2\/comments?post=473942"}],"version-history":[{"count":0,"href":"https:\/\/www.europesays.com\/fr\/wp-json\/wp\/v2\/posts\/473942\/revisions"}],"wp:featuredmedia":[{"embeddable":true,"href":"https:\/\/www.europesays.com\/fr\/wp-json\/wp\/v2\/media\/473943"}],"wp:attachment":[{"href":"https:\/\/www.europesays.com\/fr\/wp-json\/wp\/v2\/media?parent=473942"}],"wp:term":[{"taxonomy":"category","embeddable":true,"href":"https:\/\/www.europesays.com\/fr\/wp-json\/wp\/v2\/categories?post=473942"},{"taxonomy":"post_tag","embeddable":true,"href":"https:\/\/www.europesays.com\/fr\/wp-json\/wp\/v2\/tags?post=473942"}],"curies":[{"name":"wp","href":"https:\/\/api.w.org\/{rel}","templated":true}]}}