{"id":473946,"date":"2025-10-19T03:37:14","date_gmt":"2025-10-19T03:37:14","guid":{"rendered":"https:\/\/www.europesays.com\/fr\/473946\/"},"modified":"2025-10-19T03:37:14","modified_gmt":"2025-10-19T03:37:14","slug":"le-rn-recrute-blaise-rosato-1er-adjoint-des-9e-10e-arrondissements","status":"publish","type":"post","link":"https:\/\/www.europesays.com\/fr\/473946\/","title":{"rendered":"le RN recrute Blaise Rosato, 1er adjoint des 9e-10e arrondissements"},"content":{"rendered":"<p>Premier adjoint de la maire des 9e-10e arrondissements de Marseille, Anne-Marie d\u2019Estienne-d\u2019Orves (DVD), en ce vendredi 17\u00a0octobre, Blaise Rosato a fait son choix\u00a0: ce sont les couleurs de Franck Allisio et du RN qu\u2019il d\u00e9fendra aux municipales de mars\u00a02026. Un choix que l\u2019adjoint \u00e0 la s\u00e9curit\u00e9, par ailleurs coordinateur s\u00fbret\u00e9 du bailleur 13 Habitat, justifie par la \u00ab\u00a0conjoncture nationale\u00a0\u00bb\u00a0: \u00ab\u00a0Plus personne ne comprend plus rien.\u00a0\u00bb<\/p>\n<p>Ceux qui ont bien saisi l\u2019opportunit\u00e9 de recruter cet \u00e9lu de terrain, entr\u00e9 en politique en\u00a02014 avec Guy Teissier, ce sont Franck Allisio et ses deux directeurs de campagne, Olivier Rioult (RN) et Olivier Fayssat (UDR), assis \u00e0 ses c\u00f4t\u00e9s, dans une brasserie du centre-ville qui <a href=\"https:\/\/www.laprovence.com\/article\/elections\/95016769971091\/municipales-a-marseille-le-rn-poursuit-son-mercato\" target=\"_blank\" rel=\"noopener\">poursuivent leur mercato<\/a>\u00a0: \u00ab\u00a0Notre rassemblement se renforce et s\u2019amplifie, promet le d\u00e9put\u00e9 de Vitrolles et candidat \u00e0 la mairie de Marseille. Nous sommes les seuls \u00e0 pouvoir battre le maire sortant.\u00a0\u00bb \u00ab\u00a0Si j\u2019ai chang\u00e9 de braquet, c\u2019est que j\u2019ai pens\u00e9 que le logiciel mis en place pour changer Marseille se fera avec Franck Allisio\u00a0\u00bb, compl\u00e8te l\u2019\u00e9lu des 9e-10e, interrog\u00e9 sur ce choix plut\u00f4t qu\u2019un soutien \u00e0 la <a href=\"https:\/\/www.laprovence.com\/article\/region\/4928591226031714\/martine-vassal-candidate-aux-municipales-a-marseille-les-reactions-de-franck-allisio-rn-et-sebastien-barles-eelv\" target=\"_blank\" rel=\"noopener\">candidature de Martine Vassal<\/a>, dont l\u2019\u00e9quipe ne souhaitait faire ce vendredi au&#8230;<\/p>\n","protected":false},"excerpt":{"rendered":"Premier adjoint de la maire des 9e-10e arrondissements de Marseille, Anne-Marie d\u2019Estienne-d\u2019Orves (DVD), en ce vendredi 17\u00a0octobre, Blaise&hellip;\n","protected":false},"author":2,"featured_media":473947,"comment_status":"","ping_status":"","sticky":false,"template":"","format":"standard","meta":{"footnotes":""},"categories":[2814],"tags":[15467,17,1111,11,16190,59742,5949,1777,674,1011,27,884,3434,12,882,18859,25,59743],"class_list":{"0":"post-473946","1":"post","2":"type-post","3":"status-publish","4":"format-standard","5":"has-post-thumbnail","7":"category-marseille","8":"tag-1er","9":"tag-17","10":"tag-actu","11":"tag-actualites","12":"tag-adjoint","13":"tag-blaise","14":"tag-elections","15":"tag-eu","16":"tag-europe","17":"tag-fr","18":"tag-france","19":"tag-marseille","20":"tag-municipales-2026","21":"tag-news","22":"tag-provence-alpes-cote-dazur","23":"tag-recrute","24":"tag-republique-francaise","25":"tag-rosato"},"share_on_mastodon":{"url":"https:\/\/pubeurope.com\/@fr\/115398747379882245","error":""},"_links":{"self":[{"href":"https:\/\/www.europesays.com\/fr\/wp-json\/wp\/v2\/posts\/473946","targetHints":{"allow":["GET"]}}],"collection":[{"href":"https:\/\/www.europesays.com\/fr\/wp-json\/wp\/v2\/posts"}],"about":[{"href":"https:\/\/www.europesays.com\/fr\/wp-json\/wp\/v2\/types\/post"}],"author":[{"embeddable":true,"href":"https:\/\/www.europesays.com\/fr\/wp-json\/wp\/v2\/users\/2"}],"replies":[{"embeddable":true,"href":"https:\/\/www.europesays.com\/fr\/wp-json\/wp\/v2\/comments?post=473946"}],"version-history":[{"count":0,"href":"https:\/\/www.europesays.com\/fr\/wp-json\/wp\/v2\/posts\/473946\/revisions"}],"wp:featuredmedia":[{"embeddable":true,"href":"https:\/\/www.europesays.com\/fr\/wp-json\/wp\/v2\/media\/473947"}],"wp:attachment":[{"href":"https:\/\/www.europesays.com\/fr\/wp-json\/wp\/v2\/media?parent=473946"}],"wp:term":[{"taxonomy":"category","embeddable":true,"href":"https:\/\/www.europesays.com\/fr\/wp-json\/wp\/v2\/categories?post=473946"},{"taxonomy":"post_tag","embeddable":true,"href":"https:\/\/www.europesays.com\/fr\/wp-json\/wp\/v2\/tags?post=473946"}],"curies":[{"name":"wp","href":"https:\/\/api.w.org\/{rel}","templated":true}]}}