{"id":473958,"date":"2025-10-19T03:47:13","date_gmt":"2025-10-19T03:47:13","guid":{"rendered":"https:\/\/www.europesays.com\/fr\/473958\/"},"modified":"2025-10-19T03:47:13","modified_gmt":"2025-10-19T03:47:13","slug":"lens-paris-fc-a-quelle-heure-et-sur-quelle-chaine-tv-suivre-la-8e-journee-de-ligue-1","status":"publish","type":"post","link":"https:\/\/www.europesays.com\/fr\/473958\/","title":{"rendered":"Lens-Paris FC\u00a0: \u00e0 quelle heure et sur quelle cha\u00eene TV suivre la 8e journ\u00e9e de Ligue\u00a01\u00a0?"},"content":{"rendered":"<p class=\"paragraph text_align_left lp-f-body-02\">Actuellement huiti\u00e8me de Ligue 1, le Paris FC se d\u00e9place sur la pelouse de Lens ce dimanche apr\u00e8s une coupure d\u2019une quinzaine de jours pour la tr\u00eave internationale.<\/p>\n<p class=\"paragraph text_align_left lp-f-body-02\">Avec trois victoires sur leurs cinq derniers matches, les co\u00e9quipiers d\u2019Ilan Kebbal, <a href=\"https:\/\/www.leparisien.fr\/sports\/football\/ligue-1\/moi-je-savais-deja-que-javais-le-niveau-ligue-1-ilan-kebbal-la-raison-de-sourire-du-paris-fc-24-08-2025-GXHD3YDF4ZGJRDYALRO4MBFVPQ.php\" target=\"_self\" rel=\"nofollow noopener\">en feu depuis le d\u00e9but de la saison<\/a>, voudront s\u2019imposer pour prendre des points et se rapprocher du podium.<\/p>\n<p class=\"paragraph text_align_left lp-f-body-02\">De leur c\u00f4t\u00e9, les Lensois, sixi\u00e8mes \u00e0 trois points du PSG leader, pourront compter sur un Florian Thauvin en pleine confiance et <a href=\"https:\/\/www.leparisien.fr\/sports\/football\/ligue-1\/ligue-1-le-lensois-florian-thauvin-elu-joueur-du-mois-de-septembre-12-10-2025-UKUAAYBPDZE5LGNA55VWL2LJXY.php\" target=\"_self\" rel=\"nofollow noopener\">r\u00e9cemment \u00e9lu joueur du mois de septembre<\/a> pour esp\u00e9rer l\u2019emporter.<\/p>\n<p class=\"paragraph text_align_left lp-f-body-02\"><b>Le coup d\u2019envoi du match Lens-Paris FC est pr\u00e9vu \u00e0 15 heures ce dimanche 19 octobre. La rencontre sera \u00e0 suivre en direct \u00e0 la t\u00e9l\u00e9vision sur Ligue 1<\/b> <b>+ et \u00e9galement en direct comment\u00e9 sur <\/b><a href=\"https:\/\/www.leparisien.fr\/\" target=\"_self\" rel=\"nofollow noopener\"><b>leparisien.fr<\/b><\/a><b>.<\/b><\/p>\n","protected":false},"excerpt":{"rendered":"Actuellement huiti\u00e8me de Ligue 1, le Paris FC se d\u00e9place sur la pelouse de Lens ce dimanche apr\u00e8s&hellip;\n","protected":false},"author":2,"featured_media":473959,"comment_status":"","ping_status":"","sticky":false,"template":"","format":"standard","meta":{"footnotes":""},"categories":[1888],"tags":[11,1777,674,63,1011,27,12,626,445,25,60],"class_list":{"0":"post-473958","1":"post","2":"type-post","3":"status-publish","4":"format-standard","5":"has-post-thumbnail","7":"category-paris","8":"tag-actualites","9":"tag-eu","10":"tag-europe","11":"tag-football","12":"tag-fr","13":"tag-france","14":"tag-news","15":"tag-paris","16":"tag-paris-fc","17":"tag-republique-francaise","18":"tag-sports"},"share_on_mastodon":{"url":"https:\/\/pubeurope.com\/@fr\/115398786643072949","error":""},"_links":{"self":[{"href":"https:\/\/www.europesays.com\/fr\/wp-json\/wp\/v2\/posts\/473958","targetHints":{"allow":["GET"]}}],"collection":[{"href":"https:\/\/www.europesays.com\/fr\/wp-json\/wp\/v2\/posts"}],"about":[{"href":"https:\/\/www.europesays.com\/fr\/wp-json\/wp\/v2\/types\/post"}],"author":[{"embeddable":true,"href":"https:\/\/www.europesays.com\/fr\/wp-json\/wp\/v2\/users\/2"}],"replies":[{"embeddable":true,"href":"https:\/\/www.europesays.com\/fr\/wp-json\/wp\/v2\/comments?post=473958"}],"version-history":[{"count":0,"href":"https:\/\/www.europesays.com\/fr\/wp-json\/wp\/v2\/posts\/473958\/revisions"}],"wp:featuredmedia":[{"embeddable":true,"href":"https:\/\/www.europesays.com\/fr\/wp-json\/wp\/v2\/media\/473959"}],"wp:attachment":[{"href":"https:\/\/www.europesays.com\/fr\/wp-json\/wp\/v2\/media?parent=473958"}],"wp:term":[{"taxonomy":"category","embeddable":true,"href":"https:\/\/www.europesays.com\/fr\/wp-json\/wp\/v2\/categories?post=473958"},{"taxonomy":"post_tag","embeddable":true,"href":"https:\/\/www.europesays.com\/fr\/wp-json\/wp\/v2\/tags?post=473958"}],"curies":[{"name":"wp","href":"https:\/\/api.w.org\/{rel}","templated":true}]}}