{"id":473962,"date":"2025-10-19T03:49:16","date_gmt":"2025-10-19T03:49:16","guid":{"rendered":"https:\/\/www.europesays.com\/fr\/473962\/"},"modified":"2025-10-19T03:49:16","modified_gmt":"2025-10-19T03:49:16","slug":"kiev-victime-de-loptimisme-beat-de-trump","status":"publish","type":"post","link":"https:\/\/www.europesays.com\/fr\/473962\/","title":{"rendered":"Kiev victime de \u201cl\u2019optimisme b\u00e9at\u201d de Trump"},"content":{"rendered":"\n<p>En Ukraine, le journaliste et d\u00e9put\u00e9 Mykola\u00a0Kniajytskiy est de ceux qui, en d\u00e9pit de tous les revirements de Trump depuis le d\u00e9but de l\u2019ann\u00e9e, s\u2019efforcent de rester optimistes. \u201cRencontre Trump-Zelensky\u00a0: le processus continue \u2013 c\u2019est positif\u201d, titre-t-il dans un \u00e9ditorial repris aujourd\u2019hui <a class=\"ithalc\" data-ithal=\"lien_externe\" data-ithalc=\"[nav_article]\" target=\"_blank\" href=\"https:\/\/espreso.tv\/poglyad-zustrich-zelenskogo-i-trampa-protses-rukhaetsya-tse-pozitiv\" rel=\"noopener\">sur le site de la cha\u00eene de t\u00e9l\u00e9vision <strong>Espresso<\/strong><\/a>.<\/p>\n<p>S\u2019il est encore trop t\u00f4t pour se livrer \u00e0 une analyse d\u00e9taill\u00e9e <a href=\"https:\/\/www.courrierinternational.com\/article\/guerre-en-ukraine-soutien-militaire-zelensky-repart-bredouille-de-la-maison-blanche_236450\" target=\"_blank\" rel=\"noopener\">de la rencontre de vendredi entre les deux chefs d\u2019\u00c9tat<\/a>, assure Kniajytskiy, le fait que le locataire de la Maison-Blanche ait appel\u00e9 les deux parties \u00e0 geler le conflit sur la ligne de front serait, selon lui, la preuve que Trump adopte \u201cune approche plus r\u00e9aliste\u201d.<\/p>\n<p>Ce faisant, l\u2019Am\u00e9ricain ignorerait les exigences de Poutine, qui ne cesse d\u2019invoquer les \u201ccauses premi\u00e8res du conflit\u201d et de r\u00e9clamer \u201cla capitulation de l\u2019Ukraine\u201d. Zelensky, rappelle encore l\u2019\u00e9ditorialiste, a toujours \u00e9t\u00e9 favorable \u00e0 un arr\u00eat des combats comme condition pr\u00e9alable \u00e0 toute discussion. Par cons\u00e9quent, si Trump cherche une solution \u201cpour arr\u00eater la guerre \u00e0 des conditions acceptables pour l\u2019Ukraine, cela vaut toujours mieux que s\u2019il n\u2019en cherchait pas du tout\u201d.<\/p>\n<p>                    Les Tomahawk n\u2019ont jamais \u00e9t\u00e9 qu\u2019une arme politique       <\/p>\n<p>Dans ce contexte, <a href=\"https:\/\/www.courrierinternational.com\/article\/armes-moscou-promet-des-represailles-si-washington-livre-des-missiles-tomahawk-a-l-ukraine_236124\" target=\"_blank\" rel=\"noopener\">la promesse de livrer des missiles Tomahawk \u00e0 Kiev<\/a>, sur laquelle Trump s\u2019est empress\u00e9 de revenir aussit\u00f4t apr\u00e8s sa discussion avec Vladimir Poutine le 16\u00a0octobre, n\u2019aurait jamais \u00e9t\u00e9 qu\u2019une \u201carme verbale\u201d. Ce que croit \u00e9galement savoir Vadym\u00a0Denyssenko, politologue et \u00e9ditorialiste qui se montre lui aussi optimiste. <a class=\"ithalc\" data-ithal=\"lien_externe\" data-ithalc=\"[nav_article]\" target=\"_blank\" href=\"https:\/\/espreso.tv\/poglyad-zustrich-trampa-i-zelenskogo-chi-mozhlive-zakinchennya-viyni\" rel=\"noopener\">Sur le site d\u2019Espresso<\/a>, il assure que\u00a0:<\/p>\n<blockquote><p>\u201cL\u2019histoire des Tomahawk a toujours \u00e9t\u00e9 hybride, et pas seulement militaire. Elle servait \u00e0 faire peur \u00e0 Poutine\u00a0: viens assister aux n\u00e9gociations, sinon, je d\u00e9truis tes r\u00e9serves p\u00e9troli\u00e8res.\u201d<\/p><\/blockquote>\n<p>     Trump, \u00e9ternel dindon de la farce de Poutine\u00a0?       <\/p>\n<p>Les deux auteurs veulent donc voir dans la perspective <a href=\"https:\/\/www.courrierinternational.com\/article\/diplomatie-guerre-en-ukraine-nouveau-sommet-trump-poutine-dans-les-deux-prochaines-semaines_236401\" target=\"_blank\" rel=\"noopener\">d\u2019une nouvelle rencontre Trump-Poutine \u00e0 Budapest<\/a> la preuve que cette \u201carme verbale\u201d a eu l\u2019effet escompt\u00e9. Autrement dit, le pr\u00e9sident am\u00e9ricain aurait marqu\u00e9 des points et Kiev devrait s\u2019en r\u00e9jouir. N\u00e9anmoins, ce point de vue est loin de faire l\u2019unanimit\u00e9 en Ukraine.<\/p>\n<p>Beaucoup d\u2019observateurs se montrent au contraire sans merci avec Donald\u00a0Trump. Certes, reconna\u00eet par exemple le blogueur et ancien d\u00e9put\u00e9 Vitaly\u00a0Tchepinoha, <a class=\"ithalc\" data-ithal=\"lien_externe\" data-ithalc=\"[nav_article]\" target=\"_blank\" href=\"https:\/\/espreso.tv\/poglyad-dlya-trampa-printsipovo-abi-putin-v-budapeshti-skazav-ya-zakinchuyu-viynu\" rel=\"noopener\">\u00e9galement pour Espresso<\/a>, \u201cla derni\u00e8re discussion entre Trump et Poutine a eu lieu \u00e0 la demande du chef des orques [Poutine, les Ukrainiens associent souvent les Russes aux orques de J.R.R.\u00a0Tolkien]\u201d. Et si le ma\u00eetre du Kremlin finit par accepter les conditions de Trump, ce dernier pourra \u201cdonner des graines \u00e0 sa colombe de la paix et partir chiper son prix Nobel \u00e0 cette V\u00e9n\u00e9zu\u00e9lienne\u201d. Mais si ce n\u2019est pas le cas, \u201cTrump va encore passer pour un idiot\u201d. <a class=\"ithalc\" data-ithal=\"lien_externe\" data-ithalc=\"[nav_article]\" target=\"_blank\" href=\"https:\/\/gazeta.ua\/blog\/64150\/tramp-daye-zadnyu-tomagavki-do-nas-ne-yidut-poki-scho\" rel=\"noopener\">Dans <strong>Gazeta<\/strong><\/a>, l\u2019\u00e9crivain Ian\u00a0Valetov constate, ironique\u00a0:<\/p>\n<blockquote><p>\u201cTrump a fait marche arri\u00e8re\u00a0? Nous ne verrons pas de Tomahawk pour le moment. [\u2026] Car il marche avec ent\u00eatement sur le r\u00e2teau de son d\u00e9sir de parler avec Poutine.\u201d<\/p><\/blockquote>\n<p>     \u201cTrump est tomb\u00e9 dans un pi\u00e8ge\u201d       <\/p>\n<p><a class=\"ithalc\" data-ithal=\"lien_externe\" data-ithalc=\"[nav_article]\" target=\"_blank\" href=\"https:\/\/wz.lviv.ua\/blogs\/540954-tramp-vliz-u-pastku\" rel=\"noopener\">Dans le quotidien de Lviv <strong>Vyssokiy\u00a0Zamok<\/strong><\/a>, l\u2019\u00e9conomiste Serhiy\u00a0Martchenko se montre beaucoup plus dur. \u201cAvec sa stupidit\u00e9 cong\u00e9nitale et son optimisme b\u00e9at, le pr\u00e9sident des \u00c9tats-Unis est tomb\u00e9 dans un pi\u00e8ge dont il ne peut pas sortir.\u201d<\/p>\n<p>Pour l\u2019Ukraine, s\u2019emporte Marcthenko, \u201cil est vital que ce singe maquill\u00e9 ne fasse pas la paix aux conditions de Poutine, comme il l\u2019a d\u00e9j\u00e0 fait pour Isra\u00ebl aux conditions du Hamas. Or, c\u2019est aujourd\u2019hui le sc\u00e9nario le plus probable. Trump a besoin d\u2019un r\u00e9sultat imm\u00e9diat, qui ne peut \u00eatre obtenu que si l\u2019Ukraine capitule.\u201d<\/p>\n","protected":false},"excerpt":{"rendered":"En Ukraine, le journaliste et d\u00e9put\u00e9 Mykola\u00a0Kniajytskiy est de ceux qui, en d\u00e9pit de tous les revirements de&hellip;\n","protected":false},"author":2,"featured_media":473963,"comment_status":"","ping_status":"","sticky":false,"template":"","format":"standard","meta":{"footnotes":""},"categories":[1590],"tags":[11,75,1777,674,1892,131,12,220,134],"class_list":{"0":"post-473962","1":"post","2":"type-post","3":"status-publish","4":"format-standard","5":"has-post-thumbnail","7":"category-ukraine","8":"tag-actualites","9":"tag-donald-trump","10":"tag-eu","11":"tag-europe","12":"tag-gu00e9opolitique","13":"tag-guerre-en-ukraine","14":"tag-news","15":"tag-ukraine","16":"tag-volodymyr-zelensky"},"share_on_mastodon":{"url":"https:\/\/pubeurope.com\/@fr\/115398794562137194","error":""},"_links":{"self":[{"href":"https:\/\/www.europesays.com\/fr\/wp-json\/wp\/v2\/posts\/473962","targetHints":{"allow":["GET"]}}],"collection":[{"href":"https:\/\/www.europesays.com\/fr\/wp-json\/wp\/v2\/posts"}],"about":[{"href":"https:\/\/www.europesays.com\/fr\/wp-json\/wp\/v2\/types\/post"}],"author":[{"embeddable":true,"href":"https:\/\/www.europesays.com\/fr\/wp-json\/wp\/v2\/users\/2"}],"replies":[{"embeddable":true,"href":"https:\/\/www.europesays.com\/fr\/wp-json\/wp\/v2\/comments?post=473962"}],"version-history":[{"count":0,"href":"https:\/\/www.europesays.com\/fr\/wp-json\/wp\/v2\/posts\/473962\/revisions"}],"wp:featuredmedia":[{"embeddable":true,"href":"https:\/\/www.europesays.com\/fr\/wp-json\/wp\/v2\/media\/473963"}],"wp:attachment":[{"href":"https:\/\/www.europesays.com\/fr\/wp-json\/wp\/v2\/media?parent=473962"}],"wp:term":[{"taxonomy":"category","embeddable":true,"href":"https:\/\/www.europesays.com\/fr\/wp-json\/wp\/v2\/categories?post=473962"},{"taxonomy":"post_tag","embeddable":true,"href":"https:\/\/www.europesays.com\/fr\/wp-json\/wp\/v2\/tags?post=473962"}],"curies":[{"name":"wp","href":"https:\/\/api.w.org\/{rel}","templated":true}]}}