{"id":473966,"date":"2025-10-19T03:51:15","date_gmt":"2025-10-19T03:51:15","guid":{"rendered":"https:\/\/www.europesays.com\/fr\/473966\/"},"modified":"2025-10-19T03:51:15","modified_gmt":"2025-10-19T03:51:15","slug":"jurer-en-public-ne-choque-plus-personne-au-royaume-uni","status":"publish","type":"post","link":"https:\/\/www.europesays.com\/fr\/473966\/","title":{"rendered":"jurer en public ne choque plus personne au Royaume-Uni"},"content":{"rendered":"\n<p>Il semblerait que les Britanniques n\u2019aient plus rien \u00e0 f****e d\u2019adopter un langage qui aurait provoqu\u00e9 des AVC chez nos a\u00efeux. Une r\u00e9cente \u00e9tude de l\u2019universit\u00e9 du Queensland, qui a examin\u00e9 2\u00a0milliards de mots sur 1,8\u00a0million de sites Internet, a r\u00e9v\u00e9l\u00e9 que les Britanniques se pla\u00e7aient au deuxi\u00e8me rang des utilisateurs d\u2019insultes les plus prolifiques du monde anglophone. Ils devancent les Australiens, mais sont surpass\u00e9s par les Am\u00e9ricains, dont le pr\u00e9sident a employ\u00e9 un explosif <a href=\"https:\/\/www.courrierinternational.com\/article\/le-mot-du-jour-lecosse-se-revendique-terre-natale-du-plus-emblematique-juron-anglais\" rel=\"nofollow noopener\" target=\"_blank\">\u201cfuck\u201d<\/a> alors qu\u2019il \u00e9voquait le conflit entre Isra\u00ebl et l\u2019Iran devant les journalistes.<\/p>\n<p>Selon le dernier rapport de l\u2019Ofcom [le r\u00e9gulateur des t\u00e9l\u00e9coms britanniques] consacr\u00e9 aux injures \u00e0 la t\u00e9l\u00e9vision et \u00e0 la radio, et publi\u00e9 en 2021, seul 1\u00a0% des plaintes d\u00e9pos\u00e9es l\u2019ann\u00e9e derni\u00e8re contre des programmes concernaient des grossi\u00e8ret\u00e9s, tandis que 8\u00a0% relevaient de la discrimination raciale. \u201cLes insultes en g\u00e9n\u00e9ral sont devenues de plus en plus communes dans la soci\u00e9t\u00e9 ces derni\u00e8res d\u00e9cennies\u201d, expose le rapport Ipsos Mori commissionn\u00e9 par l\u2019Ofcom. \u201cLes participants ont le sentiment que cela se r\u00e9percute \u00e0 la t\u00e9l\u00e9vision et \u00e0 la radio.\u201d<\/p>\n<p> \u201cAssieds-toi ou t\u2019auras pas ta p****n de Pom\u2019Potes\u201d <\/p>\n<p>La soci\u00e9t\u00e9 a radicalement \u00e9volu\u00e9 \u2013\u00a0en bien ou en mal, selon le point de vue\u00a0\u2013 depuis l\u2019apparition t\u00e9l\u00e9vis\u00e9e truff\u00e9e de<\/p>\n<p>  Offres sp\u00e9ciales  Pour lire la suite de cet article, abonnez-vous <\/p>\n<p class=\"paywall-text\"><strong>Abonnez-vous et\u00a0acc\u00e9dez \u00e0\u00a0:<\/strong><br \/>l\u2019hebdo, tous les contenus, l\u2019application, <br \/>le\u00a0R\u00e9veil Courrier, les newsletters abonn\u00e9s. <\/p>\n<p class=\"price\"><strong>3,99\u00a0\u20ac<\/strong>\/mois<\/p>\n<p> Sans engagement \u2022 R\u00e9siliable \u00e0\u00a0tout moment                <\/p>\n<p class=\"article-authors\">                         <a href=\"https:\/\/www.courrierinternational.com\/auteur\/iain-hollingshead\" rel=\"nofollow noopener\" target=\"_blank\">Iain Hollingshead<\/a>    <\/p>\n<p class=\"article-vo\"><a href=\"https:\/\/www.telegraph.co.uk\/news\/2025\/09\/28\/swearing-no-longer-taboo-britain\/\" rel=\"noopener nofollow\" target=\"_blank\">Lire l\u2019article original<\/a><\/p>\n<p>Nos lecteurs ont lu\u00a0aussi<\/p>\n<p>Source de l\u2019article<\/p>\n<p>   <img decoding=\"async\" class=\"source-logo\" src=\"https:\/\/www.europesays.com\/fr\/wp-content\/uploads\/2025\/09\/6b6bf67_1643653482264-sunday-telegraph.jpg\"  alt=\"Logo\" loading=\"lazy\" width=\"32\" height=\"32\"\/>  The Sunday Telegraph  (Londres)       <\/p>\n<p>Cr\u00e9\u00e9 en 1961, le titre est la version dominicale du grand quotidien conservateur The Daily Telegraph. Il suit une ligne \u00e9ditoriale similaire (The Sunday Telegraph partage d\u2019ailleurs le m\u00eame site que The Daily Telegraph), atlantiste et eurosceptique, r\u00e9solument engag\u00e9 contre tout rapprochement du Royaume-Uni avec l\u2019Union europ\u00e9enne depuis le Brexit. Dans le cadre de la guerre en Ukraine, cet hebdomadaire adopte une ligne particuli\u00e8rement offensive vis-\u00e0-vis du Kremlin.<\/p>\n<p>      <a href=\"https:\/\/www.courrierinternational.com\/notule-source\/the-sunday-telegraph\" class=\"source-link\" rel=\"nofollow noopener\" target=\"_blank\">Lire la suite<\/a>                 <\/p>\n<p>Nos services<\/p>\n","protected":false},"excerpt":{"rendered":"Il semblerait que les Britanniques n\u2019aient plus rien \u00e0 f****e d\u2019adopter un langage qui aurait provoqu\u00e9 des AVC&hellip;\n","protected":false},"author":2,"featured_media":473967,"comment_status":"","ping_status":"","sticky":false,"template":"","format":"standard","meta":{"footnotes":""},"categories":[1588],"tags":[11,1777,674,1855,12,473,1853,1857,1851,1850,1852],"class_list":{"0":"post-473966","1":"post","2":"type-post","3":"status-publish","4":"format-standard","5":"has-post-thumbnail","7":"category-royaume-uni","8":"tag-actualites","9":"tag-eu","10":"tag-europe","11":"tag-langues","12":"tag-news","13":"tag-royaume-uni","14":"tag-royaume-uni-de-grande-bretagne-et-dirlande-du-nord","15":"tag-sociu00e9tu00e9","16":"tag-uk","17":"tag-united-kingdom","18":"tag-united-kingdom-of-great-britain-and-northern-ireland"},"share_on_mastodon":{"url":"https:\/\/pubeurope.com\/@fr\/115398802873458157","error":""},"_links":{"self":[{"href":"https:\/\/www.europesays.com\/fr\/wp-json\/wp\/v2\/posts\/473966","targetHints":{"allow":["GET"]}}],"collection":[{"href":"https:\/\/www.europesays.com\/fr\/wp-json\/wp\/v2\/posts"}],"about":[{"href":"https:\/\/www.europesays.com\/fr\/wp-json\/wp\/v2\/types\/post"}],"author":[{"embeddable":true,"href":"https:\/\/www.europesays.com\/fr\/wp-json\/wp\/v2\/users\/2"}],"replies":[{"embeddable":true,"href":"https:\/\/www.europesays.com\/fr\/wp-json\/wp\/v2\/comments?post=473966"}],"version-history":[{"count":0,"href":"https:\/\/www.europesays.com\/fr\/wp-json\/wp\/v2\/posts\/473966\/revisions"}],"wp:featuredmedia":[{"embeddable":true,"href":"https:\/\/www.europesays.com\/fr\/wp-json\/wp\/v2\/media\/473967"}],"wp:attachment":[{"href":"https:\/\/www.europesays.com\/fr\/wp-json\/wp\/v2\/media?parent=473966"}],"wp:term":[{"taxonomy":"category","embeddable":true,"href":"https:\/\/www.europesays.com\/fr\/wp-json\/wp\/v2\/categories?post=473966"},{"taxonomy":"post_tag","embeddable":true,"href":"https:\/\/www.europesays.com\/fr\/wp-json\/wp\/v2\/tags?post=473966"}],"curies":[{"name":"wp","href":"https:\/\/api.w.org\/{rel}","templated":true}]}}