{"id":473972,"date":"2025-10-19T03:54:10","date_gmt":"2025-10-19T03:54:10","guid":{"rendered":"https:\/\/www.europesays.com\/fr\/473972\/"},"modified":"2025-10-19T03:54:10","modified_gmt":"2025-10-19T03:54:10","slug":"sofia-corradi-creatrice-du-programme-erasmus-est-decedee-a-91-ans","status":"publish","type":"post","link":"https:\/\/www.europesays.com\/fr\/473972\/","title":{"rendered":"Sofia Corradi, cr\u00e9atrice du programme Erasmus, est d\u00e9c\u00e9d\u00e9e \u00e0 91 ans"},"content":{"rendered":"<p>Elle \u00e9tait l\u2019instigatrice d\u2019une id\u00e9e connue de l\u2019ensemble des \u00e9tudiants de l\u2019<a href=\"https:\/\/www.20minutes.fr\/societe\/4178129-20251009-ue-quoi-va-ressembler-nouveau-controle-automatise-frontieres-partir-dimanche\" target=\"_blank\" class=\"c-link c-link--is-underlined\" rel=\"noopener\">Union europ\u00e9enne<\/a>. L\u2019Italienne Sofia Corradi, cr\u00e9atrice du programme europ\u00e9en <a href=\"https:\/\/www.20minutes.fr\/societe\/4028416-20230317-erasmus-chez-etudiants-francais-engouement-faiblit\" target=\"_blank\" class=\"c-link c-link--is-underlined\" rel=\"noopener\">Erasmus<\/a>, est d\u00e9c\u00e9d\u00e9e \u00e0 Rome \u00e0 l\u2019\u00e2ge de 91 ans, ont rapport\u00e9 les m\u00e9dias italiens samedi.<\/p>\n<p>Sa famille, qui a annonc\u00e9 son d\u00e9c\u00e8s selon les m\u00e9dias, a d\u00e9crit l\u2019universitaire comme une femme \u00ab\u00a0d\u2019une grande \u00e9nergie et d\u2019une grande g\u00e9n\u00e9rosit\u00e9 intellectuelle et \u00e9motionnelle\u00a0\u00bb.<\/p>\n<p>Dipl\u00f4m\u00e9e aux Etats-Unis<\/p>\n<p>Professeure de p\u00e9dagogie \u00e0 l\u2019universit\u00e9 Rome 3, Sofia Corradi \u2013 surnomm\u00e9e \u00ab\u00a0Mamma Erasmus\u00a0\u00bb \u2013 a obtenu pendant ses \u00e9tudes une prestigieuse bourse Fulbright am\u00e9ricaine qui l\u2019a conduite \u00e0 l\u2019<a href=\"https:\/\/www.20minutes.fr\/monde\/etats-unis\/4164873-20250722-etats-unis-universite-columbia-sanctionne-80-etudiants-propalestiniens-apres-occupation-bibliotheque\" target=\"_blank\" class=\"c-link c-link--is-underlined\" rel=\"noopener\">universit\u00e9 Columbia<\/a> de New York, o\u00f9 elle a obtenu une ma\u00eetrise en droit. Son dipl\u00f4me am\u00e9ricain n\u2019ayant pas \u00e9t\u00e9 reconnu par le syst\u00e8me \u00e9ducatif italien \u00e0 son retour, elle a propos\u00e9 un programme d\u2019\u00e9change, qu\u2019elle a finalement lanc\u00e9 dans l\u2019Union europ\u00e9enne en\u00a01987. Quelque 16\u00a0millions d\u2019\u00e9tudiants ont particip\u00e9 au programme depuis lors, selon le site Internet d\u2019Erasmus.<\/p>\n<\/p>\n<p>Le programme, g\u00e9r\u00e9 par l\u2019UE, promeut une coop\u00e9ration plus \u00e9troite entre les universit\u00e9s et les \u00e9tablissements d\u2019enseignement sup\u00e9rieur \u00e0 travers l\u2019Europe. Sofia Corradi a racont\u00e9 en\u00a02018 que l\u2019id\u00e9e du programme, n\u00e9e pendant la guerre froide, \u00e9tait sa \u00ab\u00a0mission pacifiste personnelle\u00a0\u00bb.<\/p>\n<p>A l\u2019origine d\u2019une \u00ab\u00a0G\u00e9n\u00e9ration Europe\u00a0\u00bb<\/p>\n<p>L\u2019universitaire n\u00e9e et morte \u00e0 Rome a men\u00e9 des recherches sur le droit \u00e0 l\u2019\u00e9ducation pour la Commission des droits de l&rsquo;homme des Nations Unies, l\u2019Acad\u00e9mie de droit international de La\u00a0Haye et la London School of Economics (LSE).<\/p>\n<p><a href=\"https:\/\/www.20minutes.fr\/dossier\/ue\" target=\"_blank\" class=\"c-link c-btn c-btn--primary\" rel=\"noopener\">Notre dossier sur l&rsquo;Union europ\u00e9enne<\/a><\/p>\n<p>Pour le ministre italien des Affaires \u00e9trang\u00e8res Antonio Tajani, qui lui attribue \u00ab\u00a0la naissance de la G\u00e9n\u00e9ration Europe\u00a0\u00bb, elle \u00ab\u00a0a inspir\u00e9 la vie de millions de jeunes qui ont voyag\u00e9, \u00e9tudi\u00e9 et embrass\u00e9 diff\u00e9rentes cultures\u00a0\u00bb. \u00ab\u00a0Elle avait r\u00eav\u00e9 d\u2019une jeunesse europ\u00e9enne qui se rencontre et s\u2019enrichit de ses diff\u00e9rences. Des millions d\u2019\u00e9tudiants lui doivent un morceau de vie et un horizon\u00a0\u00bb, a pour sa part r\u00e9agi Emmanuel Macron sur X. \u00ab\u00a0Des g\u00e9n\u00e9rations de jeunes Europ\u00e9ens lui disent merci\u00a0\u00bb, a rench\u00e9ri le ministre d\u00e9l\u00e9gu\u00e9 fran\u00e7ais aux Affaires europ\u00e9ennes, Benjamin Haddad.<\/p>\n","protected":false},"excerpt":{"rendered":"Elle \u00e9tait l\u2019instigatrice d\u2019une id\u00e9e connue de l\u2019ensemble des \u00e9tudiants de l\u2019Union europ\u00e9enne. L\u2019Italienne Sofia Corradi, cr\u00e9atrice du&hellip;\n","protected":false},"author":2,"featured_media":473973,"comment_status":"","ping_status":"","sticky":false,"template":"","format":"standard","meta":{"footnotes":""},"categories":[1586],"tags":[47,11,1057,4854,8273,4081,1777,674,1779,1011,27,452,74,12,25,1778,364,555,133],"class_list":{"0":"post-473972","1":"post","2":"type-post","3":"status-publish","4":"format-standard","5":"has-post-thumbnail","7":"category-europe","8":"tag-actualite","9":"tag-actualites","10":"tag-education","11":"tag-enseignement-superieur","12":"tag-erasmus","13":"tag-etudiant","14":"tag-eu","15":"tag-europe","16":"tag-european-union","17":"tag-fr","18":"tag-france","19":"tag-italie","20":"tag-monde","21":"tag-news","22":"tag-republique-francaise","23":"tag-ue","24":"tag-union-europeenne","25":"tag-union-europeenne-ue","26":"tag-video"},"share_on_mastodon":{"url":"https:\/\/pubeurope.com\/@fr\/115398814209236558","error":""},"_links":{"self":[{"href":"https:\/\/www.europesays.com\/fr\/wp-json\/wp\/v2\/posts\/473972","targetHints":{"allow":["GET"]}}],"collection":[{"href":"https:\/\/www.europesays.com\/fr\/wp-json\/wp\/v2\/posts"}],"about":[{"href":"https:\/\/www.europesays.com\/fr\/wp-json\/wp\/v2\/types\/post"}],"author":[{"embeddable":true,"href":"https:\/\/www.europesays.com\/fr\/wp-json\/wp\/v2\/users\/2"}],"replies":[{"embeddable":true,"href":"https:\/\/www.europesays.com\/fr\/wp-json\/wp\/v2\/comments?post=473972"}],"version-history":[{"count":0,"href":"https:\/\/www.europesays.com\/fr\/wp-json\/wp\/v2\/posts\/473972\/revisions"}],"wp:featuredmedia":[{"embeddable":true,"href":"https:\/\/www.europesays.com\/fr\/wp-json\/wp\/v2\/media\/473973"}],"wp:attachment":[{"href":"https:\/\/www.europesays.com\/fr\/wp-json\/wp\/v2\/media?parent=473972"}],"wp:term":[{"taxonomy":"category","embeddable":true,"href":"https:\/\/www.europesays.com\/fr\/wp-json\/wp\/v2\/categories?post=473972"},{"taxonomy":"post_tag","embeddable":true,"href":"https:\/\/www.europesays.com\/fr\/wp-json\/wp\/v2\/tags?post=473972"}],"curies":[{"name":"wp","href":"https:\/\/api.w.org\/{rel}","templated":true}]}}