{"id":473976,"date":"2025-10-19T03:56:24","date_gmt":"2025-10-19T03:56:24","guid":{"rendered":"https:\/\/www.europesays.com\/fr\/473976\/"},"modified":"2025-10-19T03:56:24","modified_gmt":"2025-10-19T03:56:24","slug":"le-paris-fc-foudroie-lom-pour-la-premiere-de-diacre-premiere-ligue-j5-paris-fc-marseille-6-1","status":"publish","type":"post","link":"https:\/\/www.europesays.com\/fr\/473976\/","title":{"rendered":"Le Paris FC foudroie l&rsquo;OM pour la premi\u00e8re de Diacre &#8211; Premi\u00e8re Ligue &#8211; J5 &#8211; Paris FC-Marseille (6-1)"},"content":{"rendered":"<p>\t\t\t<img decoding=\"async\" loading=\"lazy\" class=\"blason blason-grand\" src=\"https:\/\/www.europesays.com\/fr\/wp-content\/uploads\/2025\/04\/1744621099_337_grande.jpg\"\/> Paris FC 6-1 Marseille <img decoding=\"async\" loading=\"lazy\" class=\"blason blason-grand\" src=\"https:\/\/www.europesays.com\/fr\/wp-content\/uploads\/2025\/04\/1744060359_779_grande.jpg\"\/><\/p>\n<p>Buts : Le Mogu\u00e9dec (26e &amp; 74e), Mat\u00e9o (31e), Garbino (51e SP &amp; 85e) &amp; Ould Hocine (60e) pour le PFC \/\/ M. Herrera (53e) pour l\u2019OM<\/p>\n<p>Pas la m\u00eame limonade <a target=\"_blank\" href=\"https:\/\/www.sofoot.com\/breves\/le-paris-fc-se-fait-ecraser-par-chelsea\" rel=\"nofollow noopener\">que contre Chelsea<\/a>.<\/p>\n<p>Apr\u00e8s trois matchs sans victoire, le Paris FC a retrouv\u00e9 des couleurs en recevant les Marseillaises et <a target=\"_blank\" href=\"https:\/\/www.sofoot.com\/articles\/premiere-ligue-je-me-suis-remise-en-question-mais-je-ne-pense-pas-avoir-change-assure-corinne-diacre-apres-etre-devenue-lentraineuse-de-lolympique-de-marseille\" rel=\"nofollow noopener\">leur nouvelle coach, Corinne Diacre<\/a> <strong>(6-1)<\/strong>. Sous pression, les Olympiennes ont craqu\u00e9 devant Ana\u00eble Le Mogu\u00e9dec, \u00e0 la r\u00e9ception d\u2019un centre au cordeau de Lorena Azzaro (1-0, 26e). Le travail de r\u00e9cup\u00e9ration de Daphn\u00e9 Corboz a ensuite permis \u00e0 Clara Mateo de faire le break, d\u2019une frappe crois\u00e9e qui n\u2019a laiss\u00e9 aucune chance \u00e0 Margot Shore (2-0, 31e). Bien lanc\u00e9es, les Parisiennes ont pass\u00e9 la vitesse sup\u00e9rieure au retour des vestiaires.<\/p>\n<p>Fiona Liaigre a provoqu\u00e9 un penalty, transform\u00e9 par Ma\u00eblle Garbino (3-0, 51e). Les prot\u00e9g\u00e9es de Corinne Diacre ont retrouv\u00e9 l\u2019espoir gr\u00e2ce \u00e0 l\u2019in\u00e9vitable M\u00e9lissa Herrera (3-1, 53e), mais Corboz a vite remis les points sur les i pour bonifier le gros travail de C\u00e9lina Ould Hocine (4-1, 60e). D\u00e9pass\u00e9es, les Marseillaises ont \u00e0 nouveau craqu\u00e9 face \u00e0 la vitesse de Le Mogu\u00e9dec (5-1, 74e) et \u00e0 la frappe pied gauche de Garbino (6-1, 85e).\u00a0Les Parisiennes reviennent provisoirement \u00e0 hauteur du leader lyonnais, qui re\u00e7oit Nantes ce soir, et qu\u2019elles d\u00e9fieront samedi prochain.<\/p>\n<p>Heureusement pour Corinne Diacre, ce ne sera pas le PFC toutes les semaines.<\/p>\n<p>\t\t\t\t\t\t\t\t\t\t<a class=\"lien-connexe\" href=\"https:\/\/www.sofoot.com\/breves\/mercato-promu-en-premiere-ligue-lom-soffre-linternationale-francaise-mathilde-bourdieu-paris-fc\" rel=\"nofollow noopener\" target=\"_blank\">L\u2019OM a trouv\u00e9 sa Grantatakante<\/a>\t\t\t\t\t<\/p>\n","protected":false},"excerpt":{"rendered":"Paris FC 6-1 Marseille Buts : Le Mogu\u00e9dec (26e &amp; 74e), Mat\u00e9o (31e), Garbino (51e SP &amp; 85e)&hellip;\n","protected":false},"author":2,"featured_media":473977,"comment_status":"","ping_status":"","sticky":false,"template":"","format":"standard","meta":{"footnotes":""},"categories":[2],"tags":[47,11,61,69,65,64,63,1011,27,68,66,12,62,70,25,67],"class_list":{"0":"post-473976","1":"post","2":"type-post","3":"status-publish","4":"format-standard","5":"has-post-thumbnail","7":"category-actualites","8":"tag-actualite","9":"tag-actualites","10":"tag-actus-football","11":"tag-bundesliga","12":"tag-championnats-europeens","13":"tag-equipe-de-france","14":"tag-football","15":"tag-fr","16":"tag-france","17":"tag-ligua","18":"tag-ligue-1","19":"tag-news","20":"tag-news-foot","21":"tag-premier-league","22":"tag-republique-francaise","23":"tag-serie-a"},"share_on_mastodon":{"url":"https:\/\/pubeurope.com\/@fr\/115398822548759624","error":""},"_links":{"self":[{"href":"https:\/\/www.europesays.com\/fr\/wp-json\/wp\/v2\/posts\/473976","targetHints":{"allow":["GET"]}}],"collection":[{"href":"https:\/\/www.europesays.com\/fr\/wp-json\/wp\/v2\/posts"}],"about":[{"href":"https:\/\/www.europesays.com\/fr\/wp-json\/wp\/v2\/types\/post"}],"author":[{"embeddable":true,"href":"https:\/\/www.europesays.com\/fr\/wp-json\/wp\/v2\/users\/2"}],"replies":[{"embeddable":true,"href":"https:\/\/www.europesays.com\/fr\/wp-json\/wp\/v2\/comments?post=473976"}],"version-history":[{"count":0,"href":"https:\/\/www.europesays.com\/fr\/wp-json\/wp\/v2\/posts\/473976\/revisions"}],"wp:featuredmedia":[{"embeddable":true,"href":"https:\/\/www.europesays.com\/fr\/wp-json\/wp\/v2\/media\/473977"}],"wp:attachment":[{"href":"https:\/\/www.europesays.com\/fr\/wp-json\/wp\/v2\/media?parent=473976"}],"wp:term":[{"taxonomy":"category","embeddable":true,"href":"https:\/\/www.europesays.com\/fr\/wp-json\/wp\/v2\/categories?post=473976"},{"taxonomy":"post_tag","embeddable":true,"href":"https:\/\/www.europesays.com\/fr\/wp-json\/wp\/v2\/tags?post=473976"}],"curies":[{"name":"wp","href":"https:\/\/api.w.org\/{rel}","templated":true}]}}