{"id":473981,"date":"2025-10-19T04:01:09","date_gmt":"2025-10-19T04:01:09","guid":{"rendered":"https:\/\/www.europesays.com\/fr\/473981\/"},"modified":"2025-10-19T04:01:09","modified_gmt":"2025-10-19T04:01:09","slug":"pour-son-premier-tournoi-depuis-son-titre-surprise-a-shanghai-valentin-vacherot-herite-du-4e-mondial-taylor-fritz-a-bale-lequipe","status":"publish","type":"post","link":"https:\/\/www.europesays.com\/fr\/473981\/","title":{"rendered":"Pour son premier tournoi depuis son titre surprise \u00e0 Shanghai, Valentin Vacherot h\u00e9rite du 4e mondial Taylor Fritz \u00e0 B\u00e2le &#8211; L&#039;\u00c9quipe"},"content":{"rendered":"<ol>\n<li><a href=\"https:\/\/news.google.com\/rss\/articles\/CBMi_gFBVV95cUxOUjl3XzBRd3BvUW84MzBlWlVLRGVrdEpoUGZCTjV2SVc5MlFsTU1fa3dlMUtGWjNmSjJaZWgwSHlIaUotZVBaS2NvY3hPU1Y3VWU3NXZjbUVJWGd3U0RjNXgzaDRKVy05Q0ZUVG5HaE9VeGNjbjRocjhBMl9wQ2w1TC1nVWJfR3ZGcUhQY3h4RHFhTDRlRUdiUURjU19fMGs1S05yWnhUWTJIeVc1VzZ4RmZtczhISG1SZGh4VGhKcWJMVGdvS1lQTVdpTjV2azIxUVRaWFItWkw4a285XzBMOWhaLVl3Q24wUEFCc2NudlAxTk40Zy1yNXMwNV9BZw?oc=5\" target=\"_blank\" rel=\"nofollow noopener\">Pour son premier tournoi depuis son titre surprise \u00e0 Shanghai, Valentin Vacherot h\u00e9rite du 4e mondial Taylor Fritz \u00e0 B\u00e2le<\/a>&nbsp;&nbsp;L&rsquo;\u00c9quipe<\/li>\n<li><a href=\"https:\/\/news.google.com\/rss\/articles\/CBMiwAFBVV95cUxPWElWWUxvcEwxekx3TGRLcFdWS1JYcWszckt6RjFaRmNVeTREVnJndGM1VkdZZElUZ0F6TmE5V3FFbkpkaXhaVzI1VXNWLW9Vck5YX1A0MVdMTXNFWFlnRTN1RUtYS1RSUGpBdnNBaXpWZ3dlaGUtY0gtVFFKRm9hakxsZVROb3RKalRsSWdRLVZ5TllDMDBneURTN0NYOXZVcUVhWUxNdy02SUlGVEZqOXhlenpjcEhveG9NUjNybTg?oc=5\" target=\"_blank\" rel=\"nofollow noopener\">ATP &#8211; B\u00e2le &gt; Valentin Vacherot pas \u00e9pargn\u00e9 pour son premier match depuis son exploit historique<\/a>&nbsp;&nbsp;We Love Tennis<\/li>\n<li><a href=\"https:\/\/news.google.com\/rss\/articles\/CBMi2gFBVV95cUxPQzFzQlA3Zkc4NU93OEtGZFpXbHhsU1VyeFRCaXhRMzdtWE9IQmtFZ3Vib2tFX21DODQ3QnBEcFJhSjZOc2JxTzZTVERTN1FYWXc2T1lrRWRSdFdQMjg2eEpVRDA4SFFkMnBuOVpUVHU0Z0F5SHFvY1FKQjBzOVItYlA0ZmRiWVZScnJfeDREbU55b2NKdFVBREdVQzZfUWhqMmw5R0Q0VjJDZlBOdHF1WjhHRmtSLVNsZ2htaTRRNXhwR0xYMjlvV2sycTV2RW9GUzRXQmxDSW9Rdw?oc=5\" target=\"_blank\" rel=\"nofollow noopener\">Tennis &#8211; En attente d&rsquo;une wild card \u00e0 Paris, Valentin Vacherot invit\u00e9 \u00e0 B\u00e2le<\/a>&nbsp;&nbsp;Eurosport<\/li>\n<li><a href=\"https:\/\/news.google.com\/rss\/articles\/CBMihAFBVV95cUxPQmtwMFFwNVpLZ1ZxMF83S29vOVYyUkpFbWFqM1N1WV8xUFFGREU2UnlkOUxZQzhvWVl1Njg5bkFueFYxTFB2V1B1b1l4Unl5Mk1fV0RCZlM1Vmsxd09sMmk2UktYR0M3VU5kN2pFUEtZQlgzMjEyMWg5RUExcFdSUlg1Tlk?oc=5\" target=\"_blank\" rel=\"nofollow noopener\">Tirage au sort du tournoi ATP 500 de B\u00e2le : Un choc Fritz-Vacherot d\u2019entr\u00e9e, Mpetshi Perricard d\u00e9butera la d\u00e9fense de son titre contre Fonseca<\/a>&nbsp;&nbsp;Tennis Temple<\/li>\n<li><a href=\"https:\/\/news.google.com\/rss\/articles\/CBMie0FVX3lxTFBBVk81cDBILXRGc0RFN192Ym9UQmFrRFZlVHFwZGx1U0dFZk1ib1I5Nl8zaThnVmd2dzlaVEhoQ00tTUN0RWVmOUVjNXk5UHZJeHpldWxGZm5nd1ZPaEhfQmtPTVFxOVlVdDRDRENZOUxaeUhaNE1nS19pYw?oc=5\" target=\"_blank\" rel=\"nofollow noopener\">ATP 500 : Le tableau du tournoi de B\u00e2le 2025<\/a>&nbsp;&nbsp;Dicodusport<\/li>\n<\/ol>\n","protected":false},"excerpt":{"rendered":"Pour son premier tournoi depuis son titre surprise \u00e0 Shanghai, Valentin Vacherot h\u00e9rite du 4e mondial Taylor Fritz&hellip;\n","protected":false},"author":2,"featured_media":395849,"comment_status":"","ping_status":"","sticky":false,"template":"","format":"standard","meta":{"footnotes":""},"categories":[1415],"tags":[1011,27,60,1467],"class_list":{"0":"post-473981","1":"post","2":"type-post","3":"status-publish","4":"format-standard","5":"has-post-thumbnail","7":"category-tennis","8":"tag-fr","9":"tag-france","10":"tag-sports","11":"tag-tennis"},"share_on_mastodon":{"url":"https:\/\/pubeurope.com\/@fr\/115398841679070250","error":""},"_links":{"self":[{"href":"https:\/\/www.europesays.com\/fr\/wp-json\/wp\/v2\/posts\/473981","targetHints":{"allow":["GET"]}}],"collection":[{"href":"https:\/\/www.europesays.com\/fr\/wp-json\/wp\/v2\/posts"}],"about":[{"href":"https:\/\/www.europesays.com\/fr\/wp-json\/wp\/v2\/types\/post"}],"author":[{"embeddable":true,"href":"https:\/\/www.europesays.com\/fr\/wp-json\/wp\/v2\/users\/2"}],"replies":[{"embeddable":true,"href":"https:\/\/www.europesays.com\/fr\/wp-json\/wp\/v2\/comments?post=473981"}],"version-history":[{"count":0,"href":"https:\/\/www.europesays.com\/fr\/wp-json\/wp\/v2\/posts\/473981\/revisions"}],"wp:featuredmedia":[{"embeddable":true,"href":"https:\/\/www.europesays.com\/fr\/wp-json\/wp\/v2\/media\/395849"}],"wp:attachment":[{"href":"https:\/\/www.europesays.com\/fr\/wp-json\/wp\/v2\/media?parent=473981"}],"wp:term":[{"taxonomy":"category","embeddable":true,"href":"https:\/\/www.europesays.com\/fr\/wp-json\/wp\/v2\/categories?post=473981"},{"taxonomy":"post_tag","embeddable":true,"href":"https:\/\/www.europesays.com\/fr\/wp-json\/wp\/v2\/tags?post=473981"}],"curies":[{"name":"wp","href":"https:\/\/api.w.org\/{rel}","templated":true}]}}