{"id":473986,"date":"2025-10-19T04:05:16","date_gmt":"2025-10-19T04:05:16","guid":{"rendered":"https:\/\/www.europesays.com\/fr\/473986\/"},"modified":"2025-10-19T04:05:16","modified_gmt":"2025-10-19T04:05:16","slug":"cyclisme-route-un-coureur-de-la-red-bull-bora-hansgrohe-annonce-sa-retraite","status":"publish","type":"post","link":"https:\/\/www.europesays.com\/fr\/473986\/","title":{"rendered":"Cyclisme. Route &#8211; Un coureur de la Red Bull-BORA-hansgrohe annonce sa retraite"},"content":{"rendered":"<p>Apr\u00e8s quatre derni\u00e8res ann\u00e9es au sein de la formation <strong><a href=\"https:\/\/www.cyclismactu.net\/..\/news-route-cookson-dempster-gallopin-staff-pour-red-bull-bora-et-evenepoel-90403.html\" target=\"_blank\" rel=\"noopener\">Red Bull-BORA-hansgrohe<\/a><\/strong>, <strong>Jonas Koch<\/strong> tire sa r\u00e9verence.\u00a0Le cycliste allemand a annonc\u00e9 sa retraite du peloton professionnel sur Instagram.\u00a0\u00c0 32 ans, le natif de <strong>Schw\u00e4bisch Hall<\/strong> met fin \u00e0 une carri\u00e8re de plus de 10 ans, durant laquelle <strong>Koch <\/strong>s\u2019est distingu\u00e9 par son r\u00f4le de soutien pr\u00e9cieux dans les courses par \u00e9tapes et les classiques.<\/p>\n<p>Vid\u00e9o &#8211; La Red Bull mise sur sa rel\u00e8ve, dont Adrien Boichis Lire la suite de l&rsquo;article&#13;<\/p>\n<p>\u00a0<\/p>\n<p>&#13;<br \/>\nDes victoires sur le Tour de l\u2019Avenir aux podiums nationaux&#13;<\/p>\n<p>En 2015, Koch s\u2019est illustr\u00e9 sur le\u00a0<strong>Tour de l\u2019Avenir<\/strong>, remportant une \u00e9tape et le classement par points, preuve de ses qualit\u00e9s de sprinteur et de sa r\u00e9gularit\u00e9. En 2021, il a d\u00e9croch\u00e9 la deuxi\u00e8me place au championnat national allemand sur route, confirmant sa pr\u00e9sence parmi les meilleurs coureurs du pays. Polyvalent, il a \u00e9galement particip\u00e9 \u00e0 plusieurs \u00e9ditions de la <strong>Vuelta a Espa\u00f1a<\/strong>, o\u00f9 il a souvent jou\u00e9 un r\u00f4le d&rsquo;\u00e9quipier. Une carri\u00e8re marqu\u00e9e par son soutien aux \u00e9quipes pour lesquelles il a couru, de <strong>Specialized Concept Store<\/strong> \u00e0 <strong>Red Bull-BORA-Hansgrohe<\/strong>, en passant par <strong>CCC Team<\/strong> et <strong>Intermarch\u00e9-Wanty.<\/strong><\/p>\n","protected":false},"excerpt":{"rendered":"Apr\u00e8s quatre derni\u00e8res ann\u00e9es au sein de la formation Red Bull-BORA-hansgrohe, Jonas Koch tire sa r\u00e9verence.\u00a0Le cycliste allemand&hellip;\n","protected":false},"author":2,"featured_media":473987,"comment_status":"","ping_status":"","sticky":false,"template":"","format":"standard","meta":{"footnotes":""},"categories":[1411],"tags":[1154,207,211,1011,27,209,60,210,212,208,213],"class_list":{"0":"post-473986","1":"post","2":"type-post","3":"status-publish","4":"format-standard","5":"has-post-thumbnail","7":"category-cyclisme","8":"tag-cycling","9":"tag-cyclisme","10":"tag-ffc","11":"tag-fr","12":"tag-france","13":"tag-route","14":"tag-sports","15":"tag-tour-de-france","16":"tag-uci","17":"tag-velo","18":"tag-world-tour"},"share_on_mastodon":{"url":"https:\/\/pubeurope.com\/@fr\/115398857402150827","error":""},"_links":{"self":[{"href":"https:\/\/www.europesays.com\/fr\/wp-json\/wp\/v2\/posts\/473986","targetHints":{"allow":["GET"]}}],"collection":[{"href":"https:\/\/www.europesays.com\/fr\/wp-json\/wp\/v2\/posts"}],"about":[{"href":"https:\/\/www.europesays.com\/fr\/wp-json\/wp\/v2\/types\/post"}],"author":[{"embeddable":true,"href":"https:\/\/www.europesays.com\/fr\/wp-json\/wp\/v2\/users\/2"}],"replies":[{"embeddable":true,"href":"https:\/\/www.europesays.com\/fr\/wp-json\/wp\/v2\/comments?post=473986"}],"version-history":[{"count":0,"href":"https:\/\/www.europesays.com\/fr\/wp-json\/wp\/v2\/posts\/473986\/revisions"}],"wp:featuredmedia":[{"embeddable":true,"href":"https:\/\/www.europesays.com\/fr\/wp-json\/wp\/v2\/media\/473987"}],"wp:attachment":[{"href":"https:\/\/www.europesays.com\/fr\/wp-json\/wp\/v2\/media?parent=473986"}],"wp:term":[{"taxonomy":"category","embeddable":true,"href":"https:\/\/www.europesays.com\/fr\/wp-json\/wp\/v2\/categories?post=473986"},{"taxonomy":"post_tag","embeddable":true,"href":"https:\/\/www.europesays.com\/fr\/wp-json\/wp\/v2\/tags?post=473986"}],"curies":[{"name":"wp","href":"https:\/\/api.w.org\/{rel}","templated":true}]}}