{"id":47399,"date":"2025-04-23T19:58:23","date_gmt":"2025-04-23T19:58:23","guid":{"rendered":"https:\/\/www.europesays.com\/fr\/47399\/"},"modified":"2025-04-23T19:58:23","modified_gmt":"2025-04-23T19:58:23","slug":"que-faire-a-nantes-ce-week-end-du-24-au-27-avril-2025-big-city-nantes","status":"publish","type":"post","link":"https:\/\/www.europesays.com\/fr\/47399\/","title":{"rendered":"Que faire \u00e0 Nantes ce week-end du 24 au 27 avril 2025 ? \u2013 Big City Nantes"},"content":{"rendered":"<p>Le mois d\u2019avril touche d\u00e9j\u00e0 \u00e0 sa fin, et tu dois absolument en profiter ! Sur Nantes, les \u00e9v\u00e8nements ne manquent pas\u2026. Mais comment s\u2019y retrouver dans tout ce qu\u2019il y a \u00e0 faire ? Big City est l\u00e0 pour t\u2019aider \u00e0 organiser ton week-end ! <strong>On ne te fait pas plus attendre, regarde \u00e7a !<\/strong><\/p>\n<p>Que Faire \u00e0 Nantes ce week-end : le programme des sorties du jeudi 24 au dimanche 27 avril 2025<\/p>\n<p>\u00c7a s\u2019annonce tr\u00e8s cool \u00e0 Nantes ! L\u2019\u00e9v\u00e9nement Chtiiing revient sur l\u2019\u00cele de Nantes avec les <a href=\"https:\/\/www.bigcitynantes.fr\/agenda\/les-halles-en-fete-un-grand-week-end-creatif-sur-lile-de-nantes\/\" target=\"_blank\" rel=\"noopener\">Halles en F\u00eate<\/a>, un week-end enti\u00e8rement d\u00e9di\u00e9 \u00e0 la cr\u00e9ativit\u00e9. Pour continuer sur l\u2019art, Stereolux accueille ce dimanche le cin\u00e9-concert <a href=\"https:\/\/www.bigcitynantes.fr\/agenda\/cine-concert-au-stereolux\/\" target=\"_blank\" rel=\"noopener\">Wunder der Sch\u00f6pfung<\/a> sur la musique onirique de Wilfried Thierry. Toujours c\u00f4t\u00e9 culture, le Lieu Unique t\u2019offre l\u2019opportunit\u00e9 de d\u00e9couvrir l\u2019univers d\u2019<a href=\"https:\/\/www.bigcitynantes.fr\/agenda\/expo-performances-et-spectacles-oona-doherty\/\" target=\"_blank\" rel=\"noopener\">Oona Doherty<\/a>, avec deux de ses cr\u00e9ations, une exposition ainsi qu\u2019un s\u00e9rie de repr\u00e9sentations de jeudi \u00e0 samedi. Et si tu es plut\u00f4t en mode f\u00eatard et pr\u00eat \u00e0 danser, profite du deuxi\u00e8me week-end d\u2019ouverture de la guinguette Les Nantais, du grand retour de la soir\u00e9e Bailando \u00e0 La Chaumi\u00e8re, du premier anniversaire du bar Le Grabuge ou encore du <a href=\"https:\/\/www.bigcitynantes.fr\/agenda\/dernier-week-end-de-closing-pour-decadanse\/\" target=\"_blank\" rel=\"noopener\">Week-End de closing pour D\u00e9cadanse<\/a> ! Bref, on t\u2019avait pr\u00e9venu, \u00e7a va \u00eatre tr\u00e8s tr\u00e8s cool \ud83d\ude09<\/p>\n<p>Et \u00e7a, c\u2019est qu\u2019un aper\u00e7u\u2026\u00a0<strong>Regarde la liste ci-dessous<\/strong>\u00a0pour ne rien manquer, et surtout,\u00a0on te souhaite un <strong>bon week-end \u00e0 Nantes<\/strong>\u00a0\u2764\ufe0f<\/p>\n<p>  Tout le week-endVendredi, samedi et dimanche   21\u00e8me \u00e9dition de l\u2019Art4 \u00e0 Nantes  L&rsquo;Art4 c&rsquo;est une galerie d&rsquo;art pas comme les autres\u2026 Un d\u00e9p\u00f4t vente associatif d\u00e9di\u00e9 aux arts plastiques dans un lieu o\u00f9 tu ne te prends pas au s\u00e9rieux et o\u00f9 tu trouveras ton bonheur avec des offres uniques en leur genre ! Ce Week-End, c&rsquo;est la 21\u00e8me \u00e9dition, on t&rsquo;y attend !<\/p>\n<p> <strong>O\u00f9<\/strong>La Poissonne Rie<br \/><strong>Quand<\/strong>apr\u00e8s-demain<br \/><strong>Tarif<\/strong>Gratuit <\/p>\n<p>  Jeudi   Golden Hour avec Symraah \u00e0 Station Nuage <\/p>\n<p class=\"\" data-start=\"76\" data-end=\"292\">La terrasse de Station Nuage accueille une nouvelle \u00e9dition de <strong data-start=\"196\" data-end=\"211\">Golden Hour ! <\/strong>Pour cette deuxi\u00e8me \u00e9dition, c\u2019est <strong data-start=\"329\" data-end=\"340\">Symraah<\/strong>, DJ du collectif <strong data-start=\"358\" data-end=\"370\">Abstrack<\/strong>, qui assurera le set. Au programme : une s\u00e9lection entre <strong data-start=\"428\" data-end=\"452\">house, funk et disco<\/strong>, ponctu\u00e9e d\u2019influences psych\u00e9d\u00e9liques pour un voyage sonore planant.<\/p>\n<p> <strong>O\u00f9<\/strong>Station Nuage<br \/><strong>Quand<\/strong>demain<br \/><strong>Horaires<\/strong>De 18h00 \u00e0 22h00<br \/><strong>Tarif<\/strong>Gratuit <\/p>\n<p>  Blindtest \u00e0 La Sabli\u00e8re  <strong>Les blind tests de La Sabli\u00e8re font leur grand retour !<\/strong> Ambiance conviviale, playlist \u00e9clectique et comp\u00e9tition bon enfant : tout est r\u00e9uni pour une soir\u00e9e r\u00e9ussie. Que tu sois incollable sur les classiques ou expert\u00b7e des hits de l\u2019ombre, viens tester tes connaissances musicales\u2026 et ta rapidit\u00e9 !<\/p>\n<p> <strong>O\u00f9<\/strong>La Sabli\u00e8re<br \/><strong>Quand<\/strong>demain<br \/><strong>Horaires<\/strong>De 19h00 \u00e0 22h30<br \/><strong>Tarif<\/strong>Gratuit <\/p>\n<p>  Jeudi, Vendredi et  Samedi   Expo, performances et spectacles autour d\u2019Oona Doherty  La danseuse et chor\u00e9graphe irlandaise Oona Doherty est une artiste engag\u00e9e. Chacune de ses pi\u00e8ces porte en elle une dimension sociale. Pour mieux comprendre sa d\u00e9marche fortement inspir\u00e9e du cin\u00e9ma, le Lieu Unique organise une s\u00e9rie d&rsquo;\u00e9v\u00e9nements <strong>du 24 au 26 avril 2025<\/strong>. Viens d\u00e9couvrir deux de ses cr\u00e9ations, ainsi qu\u2019une exposition et une s\u00e9rie de performances.<\/p>\n<p> <strong>O\u00f9<\/strong>Le lieu unique<br \/><strong>Quand<\/strong>demain<br \/><strong>Tarif<\/strong>Payant<\/p>\n<p>  Jeudi, Vendredi, Samedi et  Dimanche   Dernier week-end de closing pour D\u00e9cadanse  Et oui, c&rsquo;est le dernier week-end du festival Bruits pour D\u00e9cadanse&#8230; mais qui termine en beaut\u00e9 ! Au programme pour ce dernier week-end du 24 au 26 avril : S\u0153urs malsaines, Bonne Nuit, Jam Hip-Hop et Open Mic. Mais c&rsquo;est pas tout : expos immersives, tattoos, performances et pleins d&rsquo;autres surprises ! Alors, tu viens danser une derni\u00e8re fois ?<\/p>\n<p> <strong>O\u00f9<\/strong>D\u00e9cadanse<br \/><strong>Quand<\/strong>demain<br \/><strong>Tarif<\/strong>Prix libre<\/p>\n<p>  Week-end festif chez Les Nantais : Comedy Club, Concert, Barbecue g\u00e9ant\u2026  <strong>La Guinguette Les Nantais<\/strong> remet le feu pour son deuxi\u00e8me week-end de la saison ! Rendez-vous <strong>du jeudi 24 au dimanche 27 avril<\/strong> pour un concentr\u00e9 de bonne ambiance avec concerts, stand-up, barbecue g\u00e9ant, DJ set et jeux XXL. Le spot parfait pour chiller, danser et se r\u00e9galer ce week-end \ud83d\ude09<\/p>\n<p> <strong>O\u00f9<\/strong>Les Nantais<br \/><strong>Quand<\/strong>demain<br \/><strong>Tarif<\/strong>Payant<\/p>\n<p>  Vendredi   Tournoi de golf caritatif  Le\u00a0<strong>25 avril 2025<\/strong>, le\u00a0Fonds de dotation du CHU de Nantes\u00a0organise son\u00a0grand tournoi de golf caritatif\u00a0au\u00a0<strong>Golf de Nantes<\/strong>. Une journ\u00e9e qui allie\u00a0sport, convivialit\u00e9 et engagement solidaire en pr\u00e9sence de personnalit\u00e9s du sport comme\u00a0Antoine Kombouar\u00e9, Abdelatif Benazzi, Nino Ourabah et Roger Zabel.<\/p>\n<p> <strong>O\u00f9<\/strong>Golf de Nantes<br \/><strong>Quand<\/strong>apr\u00e8s-demain<br \/><strong>Tarif<\/strong>Payant<\/p>\n<p>  Surf Party : Slobodan Experiment + Werewolf Colours Orchestra  Pr\u00e9pare ta chemise hawa\u00efenne et ton meilleur pas de twist : <strong>La Lune Froide<\/strong> t\u2019embarque \u00e0 sa <strong data-start=\"250\" data-end=\"269\">Mega Surf Party<\/strong> ! Au menu : <strong data-start=\"287\" data-end=\"310\" data-is-only-node=\"\">Slobodan Experiment<\/strong> (surf garage made in Balkans), <strong data-start=\"346\" data-end=\"376\">Werewolf Colours Orchestra<\/strong> (fusion punk du Pays basque), <strong data-start=\"411\" data-end=\"463\">DJ set surf, garage, rock\u2019n\u2019roll, soul &amp; exotica<\/strong> pour finir en beaut\u00e9.<\/p>\n<p> <strong>O\u00f9<\/strong>La Lune Froide<br \/><strong>Quand<\/strong>apr\u00e8s-demain<br \/><strong>Horaires<\/strong>De 19h30 \u00e0 23h30<br \/><strong>Tarif<\/strong>Payant<\/p>\n<p>  Live aux Ateliers de Bitche : Cromorne + Bodies Can + Eijra Woon  Le vendredi 25 avril, pr\u00e9pare-toi pour une soir\u00e9e o\u00f9 la <strong data-start=\"184\" data-end=\"216\">transe, l\u2019\u00e9lectro et l\u2019indus<\/strong> s\u2019emm\u00ealent dans un cocktail sonore aux Ateliers de Bitche. Le collectif <strong data-start=\"288\" data-end=\"308\">Le Filtre \u00e0 Sons<\/strong> t\u2019invite \u00e0 une exploration musicale avec : <strong data-start=\"374\" data-end=\"386\" data-is-only-node=\"\">Cromorne<\/strong> \u2013 transe kraut \u00e9lectro trad (Dijon), <strong data-start=\"428\" data-end=\"442\">Bodies Can<\/strong> \u2013 drum solo hypnotique (Paris) et <strong data-start=\"479\" data-end=\"493\">Eijra Woon<\/strong> \u2013 \u00e9lectro doom indus (Rennes) !<\/p>\n<p> <strong>O\u00f9<\/strong>Les Ateliers de Bitche<br \/><strong>Quand<\/strong>apr\u00e8s-demain<br \/><strong>Horaires<\/strong>De 20h00 \u00e0 23h00<br \/><strong>Tarif<\/strong>Prix libre<\/p>\n<p>  Minuit \u00e0 l\u2019Agronaute  Le vendredi 25 avril, Laterale Pop propose une soir\u00e9e unique \u00e0 l\u2019Agronaute. Entre pop drag et DJ set la soir\u00e9e \u00ab\u00a0minuit \u00e0 l\u2019Agronaute\u00a0\u00bb promet d\u2019\u00eatre festive\u00a0!<\/p>\n<p> <strong>O\u00f9<\/strong>L\u2019Agronaute<br \/><strong>Quand<\/strong>apr\u00e8s-demain<br \/><strong>Horaires<\/strong>De 20h00 \u00e0 01h00<br \/><strong>Tarif<\/strong>Payant<\/p>\n<p>  FEDER d\u00e9barque \u00e0 Nantes !  Pour cette soir\u00e9e plac\u00e9e sous le signe de l\u2019afro &amp; deep house,\u00a0 FEDER pr\u00e9sente SAFANA, un projet qui promet de t&#8217;emmener au plus fort de la Deep &amp; Afro House. V\u00e9ritable pilier de la sc\u00e8ne \u00e9lectronique fran\u00e7aise, il t&rsquo;attend au tournant !<\/p>\n<p> <strong>O\u00f9<\/strong>Warehouse<br \/><strong>Quand<\/strong>apr\u00e8s-demain<br \/><strong>Horaires<\/strong>De 23h59 \u00e0 06h30<br \/><strong>Tarif<\/strong>Payant<\/p>\n<p>  Bailando : Soir\u00e9e Latino avec Onda Libr\u00e9 en live  Ambiance caliente en perspective avec le retour de <strong data-start=\"178\" data-end=\"190\">Bailando<\/strong>, la soir\u00e9e latino de La Chaumi\u00e8re<strong> ce vendredi 25 avril !<\/strong> Au programme : <strong data-start=\"242\" data-end=\"252\">DJ set<\/strong>, <strong data-start=\"254\" data-end=\"270\">concert live<\/strong> d\u2019Onda Libr\u00e9, <strong data-start=\"285\" data-end=\"309\">empanadas argentines<\/strong> sign\u00e9es CALMA, <strong data-start=\"325\" data-end=\"338\">cocktails<\/strong>, <strong data-start=\"340\" data-end=\"351\">tequila<\/strong> et plein d\u2019activit\u00e9s festives en open air. Entre <strong data-start=\"401\" data-end=\"417\">jeux en bois<\/strong>, <strong data-start=\"419\" data-end=\"440\">stands paillettes<\/strong>, <strong data-start=\"442\" data-end=\"464\">galettes et cr\u00eapes<\/strong>, c\u2019est une belle soir\u00e9e qui t&rsquo;attend !<\/p>\n<p> <strong>O\u00f9<\/strong>La Chaumi\u00e8re<br \/><strong>Quand<\/strong>apr\u00e8s-demain<br \/><strong>Horaires<\/strong>De 17h00 \u00e0 17h00<br \/><strong>Tarif<\/strong>Prix libre<\/p>\n<p>  Vendredi et  Samedi   14\u00e8me \u00e9dition des Gourmandises Nantaises !  C&rsquo;est la 14\u00e8me \u00e9dition des Gourmandises Nantaises ! On t&rsquo;attend du 25 au 26 avril pour profiter du march\u00e9 du terroir et des saveurs ! Au programme : march\u00e9 de producteurs, restauration sur place, vide-greniers&#8230; Et en plus de \u00e7a, les produits peuvent \u00eatre d\u00e9gust\u00e9s sur place ou \u00e0 emporter ! Alors, tu viens de r\u00e9galer ?<\/p>\n<p> <strong>O\u00f9<\/strong>Place du Bouffay<br \/><strong>Quand<\/strong>apr\u00e8s-demain<br \/><strong>Tarif<\/strong>Gratuit <\/p>\n<p>  Samedi   Le March\u00e9 des 5 Ponts \u00e0 Nantes  Le march\u00e9 des 5 Ponts d\u00e9barque au <strong>Quartier R\u00e9publique<\/strong> le <strong>samedi 26 avril 2025 <\/strong>d\u00e8s 14h. Au programme, exposition des cr\u00e9ations de cr\u00e9ateurs et cr\u00e9atrices dans une ambiance conviviale et festive suivie de concerts du groupe de batucada, percussions br\u00e9siliennes, Yemayaba et du groupe pop rock Kiwi Vandale.  \u00a0  \u00a0<\/p>\n<p> <strong>O\u00f9<\/strong>Quartier R\u00e9publique<br \/><strong>Quand<\/strong>26 avril 2025<br \/><strong>Tarif<\/strong>Gratuit <\/p>\n<p>  Ouverture du Black Shelter \u00e0 Orvault <\/p>\n<p>Un nouvel Irish Pub Black Shelter ouvre ses portes \u00e0 <strong>Orvault<\/strong> le<strong>\u00a0samedi 26 avril 2025<\/strong>\u00a0<strong>\u00e0 midi.<\/strong> Au programme, d\u00e9couverte du nouveau restaurant et DJ sets de Wilfried et Looping. Grande nouveaut\u00e9: LE Brunch du dimanche avec musique irlandaise !<\/p>\n<p> <strong>O\u00f9<\/strong>Black Shelter \u00e0 Orvault<br \/><strong>Quand<\/strong>26 avril 2025<br \/><strong>Tarif<\/strong>Gratuit <\/p>\n<p>  Tremplin des caisses \u00e0 savon Divattaises <\/p>\n<p>Le Tremplin des Caisses \u00e0 savon Divattaises fait son grand retour le<strong> samedi 26 avril 2025<\/strong> \u00e0 la <strong>salle de la Chapelaine \u00e0 Divatte-sur-Loire<\/strong>. Une soir\u00e9e de s\u00e9lection o\u00f9 4 groupes amateurs vont performer pour tenter de d\u00e9crocher leur place en 1\u00e8re partie du Festival !<\/p>\n<p> <strong>O\u00f9<\/strong>salle de la Chapelaine<br \/><strong>Quand<\/strong>26 avril 2025<br \/><strong>Tarif<\/strong>Gratuit <\/p>\n<p>  Vide Grenier \u00e0 Bouffay  On t&rsquo;attends en face des Gourmandises Nantaises pour le grand vide grenier de Bouffay ! Habits, bibelots, disques, meubles et bien plus encore ! Pr\u00eat \u00e0 remplir ton grenier ?<\/p>\n<p> <strong>O\u00f9<\/strong>Carr\u00e9 Feydeau<br \/><strong>Quand<\/strong>26 avril 2025<br \/><strong>Horaires<\/strong>De 08h00 \u00e0 18h00<br \/><strong>Tarif<\/strong>Gratuit <\/p>\n<p>  Troc et vente de plantes Green Mess  Avis aux mains vertes, le Green Mess t&rsquo;attend ! Et oui, le 26 avril, tu pourras aller troquer tes meilleures plantes et red\u00e9corer ton chez toi ! Au programme : troc de plantes en continue, vente de plantes par l&rsquo;association SHANER, atelier vannerie et balade botanique par Audrey Pernis ! On compte sur toi pour pas te planter, alors ram\u00e8ne ta fraise !<\/p>\n<p> <strong>O\u00f9<\/strong>Caserne Mellinet<br \/><strong>Quand<\/strong>26 avril 2025<br \/><strong>Horaires<\/strong>De 14h30 \u00e0 18h00<br \/><strong>Tarif<\/strong>Gratuit <\/p>\n<p>  Le Grabuge f\u00eate ses 1 an !  Le bistrot bar <strong>Le Grabuge<\/strong> f\u00eate ses 1 an le<strong> samedi 26 avril 2025<\/strong>. Au programme, DJ set de Tom B et concert de la fanfare de Lentilles Saucisses. C\u00f4t\u00e9 food, ils t&rsquo;ont pr\u00e9par\u00e9 une cuisine sp\u00e9ciale pour te faire plaisir durant cette journ\u00e9e avec un rougail saucisse ou des acras \u00e0 partager.<\/p>\n<p> <strong>O\u00f9<\/strong>Le Grabuge Bistrot Bar<br \/><strong>Quand<\/strong>26 avril 2025<br \/><strong>Horaires<\/strong>De 16h00 \u00e0 02h00<br \/><strong>Tarif<\/strong>Gratuit <\/p>\n<p>  Un Diner Piano \u00e0 Nantes ! <\/p>\n<p>Le <strong>samedi 26 avril 2025<\/strong>, le <strong>Little Atlantique Brewery<\/strong> propose la toute premi\u00e8re \u00e9dition du Diner Piano, o\u00f9 saveur et musique se rencontrent dans un cadre chaleureux et authentique. Au programme, diner en trois temps accompagn\u00e9 du pianiste et compositeur fran\u00e7ais Gr\u00e9goire Jokic. C\u00f4t\u00e9 cuisine, le chef Diego Cort\u00e9s et son \u00e9quipe te proposent un menu en accord mets &amp; bi\u00e8res.<\/p>\n<p> <strong>O\u00f9<\/strong>Little Atlantique Brewery<br \/><strong>Quand<\/strong>26 avril 2025<br \/><strong>Horaires<\/strong>De 20h00 \u00e0 22h30<br \/><strong>Tarif<\/strong>Payant<\/p>\n<p>  Croisi\u00e8re drag show  Imagine : tu navigues au fil de l\u2019Erdre, un verre \u00e0 la main, un bon d\u00eener devant toi\u2026 et sur sc\u00e8ne, trois drag queens survolt\u00e9es qui mettent le feu ! Anne-Marie Kondom, Viktoria Hanuli et Jodye Coaster t\u2019embarquent pour un show plein de paillettes, de rires et de glamour.<\/p>\n<p> <strong>O\u00f9<\/strong>Quai de la motte rouge<br \/><strong>Quand<\/strong>26 avril 2025<br \/><strong>Horaires<\/strong>De 20h30 \u00e0 23h00<br \/><strong>Tarif<\/strong>Payant<\/p>\n<p>  Samedi et  Dimanche   Abalone Marathon de Nantes  Les <strong>26 et 27 avril 2025<\/strong>, le <strong>Marathon de Nantes, le Semi-Marathon et les Foul\u00e9es de l&rsquo;\u00e9l\u00e9phant<\/strong> font leur grand retour ! Dans une ambiance de dingue, quelques milliers de coureurs vont pouvoir d\u00e9couvrir les tr\u00e9sors de Nantes \u00e0 travers des parcours de 42km, 21km ou 10km. <strong>Alors, pr\u00eats \u00e0 relever le d\u00e9fi ?<\/strong><\/p>\n<p> <strong>O\u00f9<\/strong>Les Nefs des Machines de l\u2019\u00cele<br \/><strong>Quand<\/strong>26 avril 2025<br \/><strong>Tarif<\/strong>Payant<\/p>\n<p>  Les Halles en f\u00eate : Un grand week-end cr\u00e9atif sur l\u2019\u00cele de Nantes  Les <strong>26 et 27 avril<\/strong>, <a href=\"https:\/\/chtiiing-nantes.fr\/\" target=\"_blank\" rel=\"noopener\">Chtiiing<\/a> revient sur l\u2019\u00eele de Nantes avec <strong>Les Halles en f\u00eate,<\/strong> <strong>un week-end d\u00e9di\u00e9 \u00e0 la cr\u00e9ativit\u00e9 et accessible \u00e0 toutes et tous<\/strong>. Au programme : expo-vente d\u2019art et d\u2019artisanat avec plus de 80 cr\u00e9ateur\u00b7ices, ateliers participatifs, friperie solidaire, march\u00e9 de cr\u00e9ateurs, vente de plantes, bal folk, podcasts et exp\u00e9riences sonores. C\u00f4t\u00e9 jeunes et familles : ateliers coding LEGO et cr\u00e9ation de jeux avec la Scientific Game Jam. Sans oublier deux expos gratuites \u00e0 l\u2019\u00c9cole des Beaux-Arts. <strong>Un concentr\u00e9 d\u2019art, d\u2019imagination et de bonne humeur \u00e0 ne pas manquer !<\/strong><\/p>\n<p> <strong>O\u00f9<\/strong>\u00cele de Nantes<br \/><strong>Quand<\/strong>26 avril 2025<br \/><strong>Tarif<\/strong>Gratuit <\/p>\n<p>  La f\u00eate de la fermentation est de retour ! <\/p>\n<p>La F\u00eate de la Fermentation est de retour pour une quatri\u00e8me \u00e9dition les <strong>26 et 27 avril 2025<\/strong> \u00e0 <strong>l&rsquo;Agronaute\u00a0<\/strong>! Au programme march\u00e9 de producteur\u00b7ices d&rsquo;une s\u00e9lection unique de produits ferment\u00e9s, \u00a0\u00e9change autour du monde de la fermentation, ateliers pour fermenter tes propres aliments et boissons et pour cl\u00f4turer cette journ\u00e9e gourmande, un.e chef.fe pr\u00e9parera un menu enti\u00e8rement d\u00e9di\u00e9 aux saveurs de la fermentation.<\/p>\n<p> <strong>O\u00f9<\/strong>L\u2019Agronaute<br \/><strong>Quand<\/strong>26 avril 2025<br \/><strong>Horaires<\/strong>De 11h00 \u00e0 19h00<br \/><strong>Tarif<\/strong>Payant<\/p>\n<p>  Un marathon du Seigneur des Anneaux \u00e0 Nantes  Si tu es fan de hobbits, d\u2019elfes et de batailles \u00e9piques, direction le <strong data-start=\"125\" data-end=\"147\">cin\u00e9ma Bonne Garde le 26 avril 2025<\/strong> pour une nuit enti\u00e8re Seigneur des Anneaux : la trilogie en version longue, de 18h \u00e0 8h !  \u00a0<\/p>\n<p> <strong>O\u00f9<\/strong>Cin\u00e9ma Bonne Garde<br \/><strong>Quand<\/strong>26 avril 2025<br \/><strong>Horaires<\/strong>De 18h00 \u00e0 08h00<br \/><strong>Tarif<\/strong>Payant<\/p>\n<p>  Dimanche   V\u00e9lorution d\u2019avril  Chaque<strong> dernier dimanche du mois<\/strong>, rendez-vous \u00e0 <strong data-start=\"91\" data-end=\"117\">14h Cours Saint-Pierre<\/strong>\u00a0pour une\u00a0<strong>grande<\/strong>\u00a0<strong data-start=\"127\" data-end=\"157\">d\u00e9ambulation cyclo-festive : la V\u00e9lorution<\/strong>. Ce mois-ci, sors tes\u00a0tenues carnavalesques, paillettes et bonne humeur pour f\u00eater le retour du beau temps ! L\u2019occasion parfaite de reprendre l\u2019espace urbain\u00a0et affirmer la place du v\u00e9lo en ville.<\/p>\n<p> <strong>O\u00f9<\/strong>Cours Saint-Pierre<br \/><strong>Quand<\/strong>27 avril 2025<br \/><strong>Tarif<\/strong>Gratuit <\/p>\n<p>  Un vide dressing \u00e0 deux pas de Talensac <\/p>\n<p>Amateur\u00b7rice\u00b7s de bonnes affaires et de jolies fringues, viens chiner des p\u00e9pites \u00e0 petit prix le<strong> dimanche 27 avril 2025<\/strong> au <strong>BAR303.<\/strong> Fais un tour dans le vide-dressing d\u2019Ombline, Chlo\u00e9 et Emma. Accessoires, fringues, chaussures\u2026 il y en a pour tous les go\u00fbts !<\/p>\n<p> <strong>O\u00f9<\/strong>Bar 303<br \/><strong>Quand<\/strong>27 avril 2025<br \/><strong>Horaires<\/strong>De 11h00 \u00e0 17h00<br \/><strong>Tarif<\/strong>Gratuit <\/p>\n<p>  Cin\u00e9-concert : Wunder der Sch\u00f6pfung  Une soir\u00e9e cosmique t&rsquo;attend \u00e0 Stereolux <strong>ce dimanche 27 avril \u00e0 16h<\/strong> ! C&rsquo;est ici le th\u00e8me central de cette soir\u00e9e alliant musique et visuels. La musique onirique de Wilfried Thierry vient rencontrer les visuels envoutants du film \u00ab\u00a0Miracle de la Cr\u00e9ation\u00a0\u00bb par Hanns Walter Kornblum. Alors, pr\u00eat \u00e0 voyager dans l&rsquo;espace le temps d&rsquo;une soir\u00e9e ?<\/p>\n<p> <strong>O\u00f9<\/strong>Stereolux<br \/><strong>Quand<\/strong>27 avril 2025<br \/><strong>Horaires<\/strong>De 16h00 \u00e0 17h20<br \/><strong>Tarif<\/strong>Payant<\/p>\n<p class=\"has-cyan-bluish-gray-color has-text-color\">Photo \u00e0 la une :  \u00a9<\/p>\n<p>\u00c0 faire chaque week-end<\/p>\n","protected":false},"excerpt":{"rendered":"Le mois d\u2019avril touche d\u00e9j\u00e0 \u00e0 sa fin, et tu dois absolument en profiter ! Sur Nantes, les&hellip;\n","protected":false},"author":2,"featured_media":47400,"comment_status":"","ping_status":"","sticky":false,"template":"","format":"standard","meta":{"footnotes":""},"categories":[2818],"tags":[1111,11,4156,4157,1777,674,1011,27,766,12,2636,25,953,1669,3140,4064],"class_list":{"0":"post-47399","1":"post","2":"type-post","3":"status-publish","4":"format-standard","5":"has-post-thumbnail","7":"category-nantes","8":"tag-actu","9":"tag-actualites","10":"tag-concerts","11":"tag-dj-sets","12":"tag-eu","13":"tag-europe","14":"tag-fr","15":"tag-france","16":"tag-nantes","17":"tag-news","18":"tag-pays-de-la-loire","19":"tag-republique-francaise","20":"tag-soiree","21":"tag-sorties","22":"tag-spectacle","23":"tag-week-end"},"share_on_mastodon":{"url":"https:\/\/pubeurope.com\/@fr\/114389051252035990","error":""},"_links":{"self":[{"href":"https:\/\/www.europesays.com\/fr\/wp-json\/wp\/v2\/posts\/47399","targetHints":{"allow":["GET"]}}],"collection":[{"href":"https:\/\/www.europesays.com\/fr\/wp-json\/wp\/v2\/posts"}],"about":[{"href":"https:\/\/www.europesays.com\/fr\/wp-json\/wp\/v2\/types\/post"}],"author":[{"embeddable":true,"href":"https:\/\/www.europesays.com\/fr\/wp-json\/wp\/v2\/users\/2"}],"replies":[{"embeddable":true,"href":"https:\/\/www.europesays.com\/fr\/wp-json\/wp\/v2\/comments?post=47399"}],"version-history":[{"count":0,"href":"https:\/\/www.europesays.com\/fr\/wp-json\/wp\/v2\/posts\/47399\/revisions"}],"wp:featuredmedia":[{"embeddable":true,"href":"https:\/\/www.europesays.com\/fr\/wp-json\/wp\/v2\/media\/47400"}],"wp:attachment":[{"href":"https:\/\/www.europesays.com\/fr\/wp-json\/wp\/v2\/media?parent=47399"}],"wp:term":[{"taxonomy":"category","embeddable":true,"href":"https:\/\/www.europesays.com\/fr\/wp-json\/wp\/v2\/categories?post=47399"},{"taxonomy":"post_tag","embeddable":true,"href":"https:\/\/www.europesays.com\/fr\/wp-json\/wp\/v2\/tags?post=47399"}],"curies":[{"name":"wp","href":"https:\/\/api.w.org\/{rel}","templated":true}]}}