{"id":473994,"date":"2025-10-19T04:09:15","date_gmt":"2025-10-19T04:09:15","guid":{"rendered":"https:\/\/www.europesays.com\/fr\/473994\/"},"modified":"2025-10-19T04:09:15","modified_gmt":"2025-10-19T04:09:15","slug":"du-chocolat-et-des-lettres-au-10e-salon-du-livre-et-du-chocolat-de-sainte-marie-la-mer","status":"publish","type":"post","link":"https:\/\/www.europesays.com\/fr\/473994\/","title":{"rendered":"Du chocolat et des lettres au 10e salon du livre et du chocolat de Sainte-Marie la Mer"},"content":{"rendered":"<p>\n                                                                Les amoureux du livre sont souvent des fins gourmets. Le 10e salon du livre et du chocolat devrait donc les mettre au pas. Un accord cacao et litt\u00e9rature, o\u00f9 comment savourer un roman tout en laissant fondre un carr\u00e9 de chocolat \u00e0 forte teneur cacaot\u00e9e sous la langue. Une belle repr\u00e9sentation de cette c\u00e9r\u00e9monie vous sera donn\u00e9e le 25 et 26 octobre au complexe Om\u00e9ga de Sainte-Marie la Mer.\n                            <\/p>\n<p>Le couple Thierry Heckmann et Dominique Doyen ont fait de leur demeure l\u2019antre livresque de leurs envies. \u00c7a croule sous les livres \u00e0 chaque pi\u00e8ce. Bon signe, surtout quand on est \u00e0 l\u2019origine de l\u2019\u00e9v\u00e9nement que nous vous annon\u00e7ons pr\u00e9sentement. \u00c0 l\u2019origine, Dominique a mont\u00e9 en 2012 une maison d\u2019\u00e9dition, \u00ab\u2005Alexandra de Saint-Prix\u2005\u00bb pour, dit-elle, bien traiter les auteurs et faire partager ses coups de c\u0153ur avec le public. Se faire plaisir aussi, car ce m\u00e9tier difficile qu\u2019est l\u2019\u00e9dition, quand on ne fait pas partie de la guilde des grands \u00e9diteurs parisiens, peut s\u2019av\u00e9rer tr\u00e8s compliqu\u00e9 pour exister dans ce mar\u00e9cage d\u2019auteurs peu connus et d\u2019autres, une minorit\u00e9, port\u00e9e aux nues par la critique. Comment exister face aux tanks que sont les Nothomb, Houellebecq ou Levy\u2005? \u00c9viter de s\u2019y frotter et cr\u00e9er des \u00e9v\u00e9nements parall\u00e8les qui font sens pour une partie du lectorat, ne se reconnaissant pas dans les quadriges de t\u00eate de la litt\u00e9rature hexagonale.<\/p>\n<p>        <img decoding=\"async\" class=\"std-img__img responsive-img\" src=\"https:\/\/www.europesays.com\/fr\/wp-content\/uploads\/2025\/10\/1760846953_735_image.jpg\" alt=\"Les amoureux du livre et du chocolat peuvent encore profiter des flots bleus\"\/><\/p>\n<p>                Les amoureux du livre et du chocolat peuvent encore profiter des flots bleus<br \/>\n                                    Thierry Grillet<\/p>\n<p>        <img decoding=\"async\" class=\"std-img__img responsive-img\" src=\"https:\/\/www.europesays.com\/fr\/wp-content\/uploads\/2025\/10\/1760846954_467_image.jpg\" alt=\"70 auteurs sont en d\u00e9dicaces au salon du livre\"\/><\/p>\n<p>                70 auteurs sont en d\u00e9dicaces au salon du livre<br \/>\n                                    Photo Prod<\/p>\n<p>70 auteurs et 4 chocolatiers<\/p>\n<p>Avec plus de 120 auteurs et 195 ouvrages \u00e0 son catalogue, les \u00c9ditions d\u2019Alexandra de Saint-Prix, suivent leurs auteurs sur tous les salons, mais avant tout, ont pig\u00e9 qu\u2019il fallait \u00eatre \u00e0 l\u2019origine de l\u2019\u00e9v\u00e9nement. Et si possible, en faire des petits. Ce qu\u2019ils font \u00e0 Canoh\u00e8s en co-organisation avec la mairie pour le salon du 23 novembre prochain. De 700 personnes la premi\u00e8re ann\u00e9e \u00e0 Sainte-Marie, ils en sont \u00e0 plus de 2000. 70 auteurs pr\u00e9sents, et de nombreux refus pour l\u2019obtention d\u2019un m\u00e8tre carr\u00e9 d\u2019exposition, car la salle Om\u00e9ga n\u2019est pas extensible. Se rajoutent dans le voisinage c\u00f4t\u00e9 gustatif, quatre chocolatiers de la confr\u00e9rie des chocolatiers catalans qui les suit depuis le d\u00e9but, dont les Thellier de Palau del Vidre et Parra de Saint F\u00e9liu. Une fid\u00e9lit\u00e9 qui se traduit sur place par des conf\u00e9rences sur les deux jours du salon et une \u0153uvre majeure qui sera expos\u00e9e \u00e0 l\u2019entr\u00e9e par la confr\u00e9rie, sous la direction de Robert Barajas. Pour les joueurs, et ils sont nombreux, \u00e0 tort ou \u00e0 raison, une maxitombola de 100 lots \u00e9gr\u00e8nera le week-end. De belles initiatives sont lanc\u00e9es, comme ce concours de nouvelles, avec plus de douze nouvelles s\u00e9lectionn\u00e9es et fra\u00eechement \u00e9dit\u00e9es pour l\u2019occasion, et remise de prix pour le laur\u00e9at.<\/p>\n<p>        <img decoding=\"async\" class=\"std-img__img responsive-img\" src=\"https:\/\/www.europesays.com\/fr\/wp-content\/uploads\/2025\/10\/1760846955_324_image.jpg\" alt=\"La salle Omega de Sainte Marie accueille le salon\"\/><\/p>\n<p>                La salle Omega de Sainte Marie accueille le salon<br \/>\n                                    Photo Prod<\/p>\n<p>Seul salon du livre et du chocolat de l&rsquo;hexagone<\/p>\n<p>M\u00eame le fabuleux moulin de Brousse dans l\u2019Aude, est de la partie, en recyclant la cabosse de cacao pour en faire une p\u00e2te \u00e0 papier originale. Dans une tout autre sph\u00e8re, le massage \u00e0 l\u2019huile de cacao, avec d\u00e9monstration sur sc\u00e8ne va faire des envieux et des nerveux. On se calme, ce n\u2019est pas non plus le salon d\u2019\u00c9ros et des parties fines libidineuses des salons bourgeois de Neuilly. Juste une d\u00e9mo pour vous expliquer les bienfaits de ce genre de pratique huileuse. Dans le seul salon du livre et du chocolat de l\u2019hexagone \u2013 marque d\u00e9pos\u00e9e nous certifient-ils \u2013 l\u2019int\u00e9r\u00eat de d\u00e9nicher des auteurs qui mettent en parall\u00e8le ces deux univers est une priorit\u00e9 pour le couple. L\u2019essentiel est donc dans le carr\u00e9 de chocolat noir, mais pas que. Sur les nombreux stands, des Thrillers, de l\u2019histoire r\u00e9gionale, de la Fantasy (avec l\u2019auteur Drake Manakete et les six tomes de son roman Fantasy \u00ab\u2005Thennan\u2005\u00bb \u00e9dit\u00e9 chez Alexandra de Saint-Prix et qui marche plut\u00f4t bien) sans oublier la litt\u00e9rature jeunesse, toujours aussi prolifique et singuli\u00e8re par le choix des th\u00e8mes et des illustrations dont elle s\u2019honore. Relever les ventes de livres par une mise en bouche chocolat\u00e9e, fait de ce couple pas adult\u00e9rin, un vrai plaisir des sens.On peut rajouter que laisser filer un doigt de cognac derri\u00e8re tout \u00e7a, nous comblera de bonheur. Mais bien entendu, cet avis, n\u2019engage que notre personne<\/p>\n","protected":false},"excerpt":{"rendered":"Les amoureux du livre sont souvent des fins gourmets. Le 10e salon du livre et du chocolat devrait&hellip;\n","protected":false},"author":2,"featured_media":473995,"comment_status":"","ping_status":"","sticky":false,"template":"","format":"standard","meta":{"footnotes":""},"categories":[1357],"tags":[1379,58,59,1011,27,1380],"class_list":{"0":"post-473994","1":"post","2":"type-post","3":"status-publish","4":"format-standard","5":"has-post-thumbnail","7":"category-livres","8":"tag-books","9":"tag-divertissement","10":"tag-entertainment","11":"tag-fr","12":"tag-france","13":"tag-livres"},"share_on_mastodon":{"url":"https:\/\/pubeurope.com\/@fr\/115398873714421165","error":""},"_links":{"self":[{"href":"https:\/\/www.europesays.com\/fr\/wp-json\/wp\/v2\/posts\/473994","targetHints":{"allow":["GET"]}}],"collection":[{"href":"https:\/\/www.europesays.com\/fr\/wp-json\/wp\/v2\/posts"}],"about":[{"href":"https:\/\/www.europesays.com\/fr\/wp-json\/wp\/v2\/types\/post"}],"author":[{"embeddable":true,"href":"https:\/\/www.europesays.com\/fr\/wp-json\/wp\/v2\/users\/2"}],"replies":[{"embeddable":true,"href":"https:\/\/www.europesays.com\/fr\/wp-json\/wp\/v2\/comments?post=473994"}],"version-history":[{"count":0,"href":"https:\/\/www.europesays.com\/fr\/wp-json\/wp\/v2\/posts\/473994\/revisions"}],"wp:featuredmedia":[{"embeddable":true,"href":"https:\/\/www.europesays.com\/fr\/wp-json\/wp\/v2\/media\/473995"}],"wp:attachment":[{"href":"https:\/\/www.europesays.com\/fr\/wp-json\/wp\/v2\/media?parent=473994"}],"wp:term":[{"taxonomy":"category","embeddable":true,"href":"https:\/\/www.europesays.com\/fr\/wp-json\/wp\/v2\/categories?post=473994"},{"taxonomy":"post_tag","embeddable":true,"href":"https:\/\/www.europesays.com\/fr\/wp-json\/wp\/v2\/tags?post=473994"}],"curies":[{"name":"wp","href":"https:\/\/api.w.org\/{rel}","templated":true}]}}