{"id":474006,"date":"2025-10-19T04:17:12","date_gmt":"2025-10-19T04:17:12","guid":{"rendered":"https:\/\/www.europesays.com\/fr\/474006\/"},"modified":"2025-10-19T04:17:12","modified_gmt":"2025-10-19T04:17:12","slug":"des-chercheurs-expliquent-enfin-pourquoi-il-pleut-dans-latmosphere-du-soleil","status":"publish","type":"post","link":"https:\/\/www.europesays.com\/fr\/474006\/","title":{"rendered":"Des chercheurs expliquent enfin pourquoi il pleut dans l\u2019atmosph\u00e8re du Soleil"},"content":{"rendered":"<p>Lorsque l\u2019on parle de pluies solaires, elles ne sont \u00e9videmment pas compos\u00e9es d\u2019eau (<a href=\"https:\/\/www.presse-citron.net\/cette-video-incroyable-montre-la-surface-hyperactive-du-soleil-avec-un-niveau-de-detail-inoui\/\" target=\"_blank\" rel=\"noopener\">la surface du Soleil<\/a> et sa couronne \u00e9tant bien trop chaudes pour que l\u2019eau puisse y exister), mais de \u00ab\u00a0pluies de feu\u00a0\u00bb. Des filaments de plasma tr\u00e8s denses, refroidis, qui <strong>chutent depuis la couronne solaire pour retomber vers le bas de son atmosph\u00e8re<\/strong>. \u00ab\u00a0Pluies coronales\u00a0\u00bb est le terme scientifique le plus exact pour caract\u00e9riser ce ph\u00e9nom\u00e8ne, connu depuis les ann\u00e9es 1970.<\/p>\n<p>Si l\u2019on observait bien ces condensations de plasma se former et s\u2019\u00e9couler, la raison exacte de leur d\u00e9clenchement restait une \u00e9nigme pour les astrophysiciens. Comment une mati\u00e8re port\u00e9e \u00e0 plus d\u2019un million de degr\u00e9s parvient-elle \u00e0 se refroidir au point de former des pluies de plasma, visibles parfois lors des <a href=\"https:\/\/www.presse-citron.net\/quest-ce-quune-eruption-solaire\/\" target=\"_blank\" rel=\"noopener\">\u00e9ruptions solaires<\/a>\u00a0? Le 1\u1d49\u02b3 octobre, des chercheurs de l\u2019American Astronomical Society ont publi\u00e9 une \u00e9tude <a href=\"https:\/\/iopscience.iop.org\/article\/10.3847\/1538-4357\/ae019d\" target=\"_blank\" rel=\"false noopener\">dans la revue The Astrophysical Journal<\/a>, expliquant enfin l<strong>a cause physique de ces \u00ab\u00a0averses\u00a0\u00bb un peu particuli\u00e8res<\/strong>.<\/p>\n<p> Le Soleil\u00a0: un brasier avec ses nuages et ses pluies <\/p>\n<p>Sur la Terre, ce sont les nuages, compos\u00e9s de vapeur d\u2019eau, qui provoquent les pluies. Sur le Soleil, le ph\u00e9nom\u00e8ne est similaire, mais leur composition est tout autre. Ce sont des nuages de plasma (principalement de l\u2019hydrog\u00e8ne et de l\u2019h\u00e9lium ionis\u00e9s). Ces amas, port\u00e9s \u00e0 des millions de degr\u00e9s dans la couronne solaire, <strong>se refroidissent brusquement<\/strong> (aux alentours de 50\u00a0000 kelvins), se condensent, avant de retomber vers le bas de l\u2019atmosph\u00e8re, le long des lignes du champ magn\u00e9tique.<\/p>\n<p>Malgr\u00e9 les nombreuses observations satellitaires du Soleil et d\u2019innombrables mod\u00e8les informatiques, personne ne parvenait \u00e0 comprendre le m\u00e9canisme exact \u00e0 l\u2019origine de ce refroidissement.<\/p>\n<p>Ces chercheurs ont d\u00e9couvert que les \u00e9l\u00e9ments \u00e0 faible FIP (First Ionization Potential : \u00e9nergie minimale requise pour ioniser un atome une premi\u00e8re fois), comme le fer, le silicium ou le magn\u00e9sium, s\u2019accumulent dans certaines zones tandis que d\u2019autres s\u2019en \u00e9chappent, modifiant, en certains endroits, la quantit\u00e9 d\u2019\u00e9nergie que le plasma parvient \u00e0 \u00e9vacuer par rayonnement. Ces d\u00e9s\u00e9quilibres chimiques cr\u00e9ent <strong>des r\u00e9gions dans lesquelles le plasma se refroidit plus vite qu\u2019ailleurs<\/strong> : c\u2019est ici que se forment les pluies coronales.<\/p>\n<p>Pour comprendre cette dynamique, Luke Fushimi Benavitz et Jeffrey Reep, deux co-auteurs de cette \u00e9tude, ont d\u00e9velopp\u00e9 une nouvelle version du mod\u00e8le <strong>servant \u00e0 \u00e9tudier l\u2019hydrodynamique solaire\u00a0: HYDRAD<\/strong>. Cet outil sert principalement \u00e0 simuler les mouvements de plasma lorsqu\u2019il se d\u00e9place le long des boucles magn\u00e9tiques du Soleil.<\/p>\n<p>Cette modification a n\u00e9cessit\u00e9 d\u2019int\u00e9grer \u00e0 ce mod\u00e8le une nouvelle variable\u00a0: le comportement spatio-temporel des \u00e9l\u00e9ments qui composent le plasma, afin de <strong>simuler plus fid\u00e8lement la physique complexe du Soleil<\/strong>.<\/p>\n<p>Cela leur a permis de visualiser le d\u00e9roulement complet de ce ph\u00e9nom\u00e8ne. Dans leurs simulations, les zones enrichies en \u00e9l\u00e9ments \u00e0 faible FIP provoquent une baisse de pression, qui attire le plasma environnant. Ce flux de mati\u00e8re accentue encore le refroidissement de ces zones, d\u00e9j\u00e0 pr\u00eates \u00e0 se refroidir, jusqu\u2019\u00e0 ce que se <strong>d\u00e9clenche la condensation du plasma au sommet des boucles magn\u00e9tiques<\/strong>.<\/p>\n<p>Une fois form\u00e9es, ces poches de plasma dense et froid n\u2019ont plus assez d\u2019\u00e9nergie pour rester en suspension. Guid\u00e9es par les lignes du champ magn\u00e9tique, elles chutent alors vers les couches inf\u00e9rieures du Soleil, <strong>dessinant ces filaments lumineux observ\u00e9s lors des \u00e9ruptions<\/strong> : les fameuses pluies coronales.<\/p>\n<p>\u00ab\u00a0Les variations spatio-temporelles des abondances \u00e9l\u00e9mentaires [NDLR : la proportion des diff\u00e9rents \u00e9l\u00e9ments chimiques pr\u00e9sents dans le plasma solaire] sont essentielles pour comprendre le refroidissement du plasma dans l\u2019atmosph\u00e8re du Soleil et, comme nous l\u2019avons montr\u00e9, peuvent directement provoquer la formation de pluie coronale\u00a0\u00bb, notent les auteurs. Les anciens mod\u00e8les avaient, sans le vouloir,<strong> invisibilis\u00e9 la composition du plasma<\/strong>, ce qui nous avait conduit \u00e0 <strong>simplifier \u00e0 l\u2019exc\u00e8s la physique de notre \u00e9toile<\/strong>. L\u2019ajout de ce facteur dans nos simulations pourrait am\u00e9liorer la pr\u00e9diction <a href=\"https:\/\/www.presse-citron.net\/soleil-semballe-chercheurs-nasa-savent-pas-lexpliquer\/\" target=\"_blank\" rel=\"noopener\">des pics d\u2019activit\u00e9 solaire<\/a>, et nous aider \u00e0 <strong>mieux comprendre les conditions physiques qui d\u00e9clenchent les \u00e9ruptions solaires<\/strong>. Les plus violentes peuvent, dans certains cas, provoquer d\u2019importants dommages sur nos syst\u00e8mes \u00e9lectriques et nos satellites,<strong> d\u2019o\u00f9 l\u2019importance de mieux anticiper ces \u00e9pisodes<\/strong>.<\/p>\n<ul class=\"tldr\">\n<li>Des chercheurs ont d\u00e9couvert que les \u00ab\u00a0pluies solaires\u00a0\u00bb proviennent de zones du Soleil o\u00f9 la composition chimique du plasma varie, provoquant un refroidissement soudain du gaz ionis\u00e9.<\/li>\n<li>En modifiant un mod\u00e8le de simulation, ils ont montr\u00e9 que l\u2019accumulation d\u2019\u00e9l\u00e9ments comme le fer ou le magn\u00e9sium d\u00e9clenche la condensation du plasma et la formation de ces averses de mati\u00e8re.<\/li>\n<li>Cette avanc\u00e9e permet de mieux comprendre les m\u00e9canismes internes du Soleil et pourrait am\u00e9liorer la pr\u00e9vision des \u00e9pisodes d\u2019activit\u00e9 solaire les plus intenses.<\/li>\n<\/ul>\n<blockquote>\n<p class=\"text-base text-neutral-700 dark:text-neutral-300\">\ud83d\udccd Pour ne manquer aucune actualit\u00e9 de Presse-citron, suivez-nous sur <a href=\"https:\/\/news.google.com\/publications\/CAAqBggKMIPiNTC70wU?hl=fr&amp;gl=FR&amp;ceid=FR%3Afr\" target=\"_blank\" rel=\"noopener\">Google Actualit\u00e9s<\/a> et <a href=\"https:\/\/whatsapp.com\/channel\/0029VaCkGuz4NViitBXbEr0b\" target=\"_blank\" rel=\"noopener\">WhatsApp<\/a>.<\/p>\n<\/blockquote>\n","protected":false},"excerpt":{"rendered":"Lorsque l\u2019on parle de pluies solaires, elles ne sont \u00e9videmment pas compos\u00e9es d\u2019eau (la surface du Soleil et&hellip;\n","protected":false},"author":2,"featured_media":474007,"comment_status":"","ping_status":"","sticky":false,"template":"","format":"standard","meta":{"footnotes":""},"categories":[7],"tags":[386,1011,27,43,40,41,39,42,44],"class_list":{"0":"post-474006","1":"post","2":"type-post","3":"status-publish","4":"format-standard","5":"has-post-thumbnail","7":"category-sciences-et-technologies","8":"tag-espace","9":"tag-fr","10":"tag-france","11":"tag-science","12":"tag-science-and-technology","13":"tag-sciences","14":"tag-sciences-et-technologies","15":"tag-technologies","16":"tag-technology"},"share_on_mastodon":{"url":"https:\/\/pubeurope.com\/@fr\/115398904688622399","error":""},"_links":{"self":[{"href":"https:\/\/www.europesays.com\/fr\/wp-json\/wp\/v2\/posts\/474006","targetHints":{"allow":["GET"]}}],"collection":[{"href":"https:\/\/www.europesays.com\/fr\/wp-json\/wp\/v2\/posts"}],"about":[{"href":"https:\/\/www.europesays.com\/fr\/wp-json\/wp\/v2\/types\/post"}],"author":[{"embeddable":true,"href":"https:\/\/www.europesays.com\/fr\/wp-json\/wp\/v2\/users\/2"}],"replies":[{"embeddable":true,"href":"https:\/\/www.europesays.com\/fr\/wp-json\/wp\/v2\/comments?post=474006"}],"version-history":[{"count":0,"href":"https:\/\/www.europesays.com\/fr\/wp-json\/wp\/v2\/posts\/474006\/revisions"}],"wp:featuredmedia":[{"embeddable":true,"href":"https:\/\/www.europesays.com\/fr\/wp-json\/wp\/v2\/media\/474007"}],"wp:attachment":[{"href":"https:\/\/www.europesays.com\/fr\/wp-json\/wp\/v2\/media?parent=474006"}],"wp:term":[{"taxonomy":"category","embeddable":true,"href":"https:\/\/www.europesays.com\/fr\/wp-json\/wp\/v2\/categories?post=474006"},{"taxonomy":"post_tag","embeddable":true,"href":"https:\/\/www.europesays.com\/fr\/wp-json\/wp\/v2\/tags?post=474006"}],"curies":[{"name":"wp","href":"https:\/\/api.w.org\/{rel}","templated":true}]}}