{"id":474015,"date":"2025-10-19T04:22:13","date_gmt":"2025-10-19T04:22:13","guid":{"rendered":"https:\/\/www.europesays.com\/fr\/474015\/"},"modified":"2025-10-19T04:22:13","modified_gmt":"2025-10-19T04:22:13","slug":"apres-un-nouvel-accident-une-aire-de-jeux-fermee","status":"publish","type":"post","link":"https:\/\/www.europesays.com\/fr\/474015\/","title":{"rendered":"apr\u00e8s un nouvel accident, une aire de jeux ferm\u00e9e"},"content":{"rendered":"<p>Depuis le printemps, le parc de la Verch\u00e8re offre un nouveau visage\u00a0: des plantations, un monument aux morts prot\u00e9g\u00e9 et des aires de jeux totalement r\u00e9am\u00e9nag\u00e9es avec une \u00ab\u00a0araign\u00e9e\u00a0\u00bb pour l\u2019escalade et un \u00ab\u00a0ch\u00e2teau fort\u00a0\u00bb aux utilisations multiples.<\/p>\n<p>Les usagers appr\u00e9cient la situation centrale du site, qui est clos, proche des deux \u00e9coles et qui b\u00e9n\u00e9ficie de nombreux ombrages. C\u2019est un lieu de rencontre pour les parents et les enfants, certains parcourant m\u00eame plusieurs kilom\u00e8tres depuis diff\u00e9rentes communes pour profiter des lieux. Les jeux sont appr\u00e9ci\u00e9s de tous pour leur qualit\u00e9.<\/p>\n<p>Mais vendredi 10\u00a0octobre apr\u00e8s-midi,&#8230;<\/p>\n","protected":false},"excerpt":{"rendered":"Depuis le printemps, le parc de la Verch\u00e8re offre un nouveau visage\u00a0: des plantations, un monument aux morts&hellip;\n","protected":false},"author":2,"featured_media":474016,"comment_status":"","ping_status":"","sticky":false,"template":"","format":"standard","meta":{"footnotes":""},"categories":[9653],"tags":[1111,11,2430,1687,7539,1777,674,274,1011,27,12,25,12491,4001,17929],"class_list":{"0":"post-474015","1":"post","2":"type-post","3":"status-publish","4":"format-standard","5":"has-post-thumbnail","7":"category-saint-etienne","8":"tag-actu","9":"tag-actualites","10":"tag-auvergne-rhone-alpes","11":"tag-culture-loisirs","12":"tag-edition-loire-sud","13":"tag-eu","14":"tag-europe","15":"tag-faits-divers-justice","16":"tag-fr","17":"tag-france","18":"tag-news","19":"tag-republique-francaise","20":"tag-roche-la-moliere-bassin","21":"tag-saint-etienne","22":"tag-saint-genest-lerpt"},"share_on_mastodon":{"url":"https:\/\/pubeurope.com\/@fr\/115398924285047072","error":""},"_links":{"self":[{"href":"https:\/\/www.europesays.com\/fr\/wp-json\/wp\/v2\/posts\/474015","targetHints":{"allow":["GET"]}}],"collection":[{"href":"https:\/\/www.europesays.com\/fr\/wp-json\/wp\/v2\/posts"}],"about":[{"href":"https:\/\/www.europesays.com\/fr\/wp-json\/wp\/v2\/types\/post"}],"author":[{"embeddable":true,"href":"https:\/\/www.europesays.com\/fr\/wp-json\/wp\/v2\/users\/2"}],"replies":[{"embeddable":true,"href":"https:\/\/www.europesays.com\/fr\/wp-json\/wp\/v2\/comments?post=474015"}],"version-history":[{"count":0,"href":"https:\/\/www.europesays.com\/fr\/wp-json\/wp\/v2\/posts\/474015\/revisions"}],"wp:featuredmedia":[{"embeddable":true,"href":"https:\/\/www.europesays.com\/fr\/wp-json\/wp\/v2\/media\/474016"}],"wp:attachment":[{"href":"https:\/\/www.europesays.com\/fr\/wp-json\/wp\/v2\/media?parent=474015"}],"wp:term":[{"taxonomy":"category","embeddable":true,"href":"https:\/\/www.europesays.com\/fr\/wp-json\/wp\/v2\/categories?post=474015"},{"taxonomy":"post_tag","embeddable":true,"href":"https:\/\/www.europesays.com\/fr\/wp-json\/wp\/v2\/tags?post=474015"}],"curies":[{"name":"wp","href":"https:\/\/api.w.org\/{rel}","templated":true}]}}