{"id":474017,"date":"2025-10-19T04:23:11","date_gmt":"2025-10-19T04:23:11","guid":{"rendered":"https:\/\/www.europesays.com\/fr\/474017\/"},"modified":"2025-10-19T04:23:11","modified_gmt":"2025-10-19T04:23:11","slug":"la-nouvelle-vie-du-palais-des-spectacles-transforme-en-studio-de-cinema","status":"publish","type":"post","link":"https:\/\/www.europesays.com\/fr\/474017\/","title":{"rendered":"la nouvelle vie du Palais des spectacles, transform\u00e9 en studio de cin\u00e9ma"},"content":{"rendered":"<p>Il a accueilli des milliers d\u2019\u00e9v\u00e9nements \u00e0 la Plaine-Achille. Sportifs au d\u00e9but, puis artistiques. Inaugur\u00e9 en 1970, l\u2019embl\u00e9matique \u00e9quipement du Palais des spectacles, construit par l\u2019architecte Pierre Dufau et labellis\u00e9 \u00ab\u00a0Architecture contemporaine remarquable\u00a0\u00bb depuis 2003, a \u00e9teint ses projecteurs en 2008.<\/p>\n<p>S\u2019il a encore h\u00e9berg\u00e9 ensuite quelques concerts du festival Paroles et musiques, le Z\u00e9nith et le Fil tout proches l\u2019ont d\u00e9finitivement mis dans l\u2019ombre \u00e0 partir de 2018. Mais depuis, discr\u00e8tement, des projecteurs se sont rallum\u00e9s. Ceux du cin\u00e9ma.<\/p>\n<p>C\u2019est la s\u00e9rie de Canal +\u00a0 Les Sauvages , dont une partie avait \u00e9t\u00e9 tourn\u00e9e \u00e0 Saint-\u00c9tienne et au Palais des spectacles en 2018, qui a lanc\u00e9 le projet. Et tout r\u00e9cemment, la deuxi\u00e8me saison de la s\u00e9rie Immeuble partag\u00e9 a \u00e9t\u00e9 tourn\u00e9e sur place. Comme cela avait d\u00e9j\u00e0 \u00e9t\u00e9 le cas pour la premi\u00e8re saison, actuellement diffus\u00e9e sur France 2 chaque samedi soir.<\/p>\n<p>19&#8230;                        <\/p>\n","protected":false},"excerpt":{"rendered":"Il a accueilli des milliers d\u2019\u00e9v\u00e9nements \u00e0 la Plaine-Achille. Sportifs au d\u00e9but, puis artistiques. Inaugur\u00e9 en 1970, l\u2019embl\u00e9matique&hellip;\n","protected":false},"author":2,"featured_media":474018,"comment_status":"","ping_status":"","sticky":false,"template":"","format":"standard","meta":{"footnotes":""},"categories":[9653],"tags":[1111,11,2430,4749,650,1687,33,7539,1777,674,1011,27,12,25,4001,7538,104,2205],"class_list":{"0":"post-474017","1":"post","2":"type-post","3":"status-publish","4":"format-standard","5":"has-post-thumbnail","7":"category-saint-etienne","8":"tag-actu","9":"tag-actualites","10":"tag-auvergne-rhone-alpes","11":"tag-btp-et-chantiers","12":"tag-cinema","13":"tag-culture-loisirs","14":"tag-economie","15":"tag-edition-loire-sud","16":"tag-eu","17":"tag-europe","18":"tag-fr","19":"tag-france","20":"tag-news","21":"tag-republique-francaise","22":"tag-saint-etienne","23":"tag-saint-etienne-ville","24":"tag-societe","25":"tag-television-medias"},"share_on_mastodon":{"url":"https:\/\/pubeurope.com\/@fr\/115398928210990780","error":""},"_links":{"self":[{"href":"https:\/\/www.europesays.com\/fr\/wp-json\/wp\/v2\/posts\/474017","targetHints":{"allow":["GET"]}}],"collection":[{"href":"https:\/\/www.europesays.com\/fr\/wp-json\/wp\/v2\/posts"}],"about":[{"href":"https:\/\/www.europesays.com\/fr\/wp-json\/wp\/v2\/types\/post"}],"author":[{"embeddable":true,"href":"https:\/\/www.europesays.com\/fr\/wp-json\/wp\/v2\/users\/2"}],"replies":[{"embeddable":true,"href":"https:\/\/www.europesays.com\/fr\/wp-json\/wp\/v2\/comments?post=474017"}],"version-history":[{"count":0,"href":"https:\/\/www.europesays.com\/fr\/wp-json\/wp\/v2\/posts\/474017\/revisions"}],"wp:featuredmedia":[{"embeddable":true,"href":"https:\/\/www.europesays.com\/fr\/wp-json\/wp\/v2\/media\/474018"}],"wp:attachment":[{"href":"https:\/\/www.europesays.com\/fr\/wp-json\/wp\/v2\/media?parent=474017"}],"wp:term":[{"taxonomy":"category","embeddable":true,"href":"https:\/\/www.europesays.com\/fr\/wp-json\/wp\/v2\/categories?post=474017"},{"taxonomy":"post_tag","embeddable":true,"href":"https:\/\/www.europesays.com\/fr\/wp-json\/wp\/v2\/tags?post=474017"}],"curies":[{"name":"wp","href":"https:\/\/api.w.org\/{rel}","templated":true}]}}