{"id":474021,"date":"2025-10-19T04:26:13","date_gmt":"2025-10-19T04:26:13","guid":{"rendered":"https:\/\/www.europesays.com\/fr\/474021\/"},"modified":"2025-10-19T04:26:13","modified_gmt":"2025-10-19T04:26:13","slug":"en-direct-basket-betclicelite-j4-suivez-le-match-du-limoges-csp-a-nancy","status":"publish","type":"post","link":"https:\/\/www.europesays.com\/fr\/474021\/","title":{"rendered":"EN DIRECT &#8211; Basket BetclicElite (J4) : suivez le match du Limoges CSP \u00e0 Nancy"},"content":{"rendered":"<p>Le Limoges CSP joue sur le parquet de Nancy ce samedi soir (18h20). Une rencontre \u00e0 vivre en int\u00e9gralit\u00e9 sur votre radio ICI Limousin. Prise d&rsquo;antenne \u00e0 18h10.<\/p>\n<p>Le Limoges CSP enchaine un 3e d\u00e9placement en 2 semaines ce samedi, avec l&rsquo;espoir d&rsquo;accrocher une 1\u00e8re victoire loin de Beaublanc cette saison. Apr\u00e8s leur d\u00e9faite en coupe de France \u00e0 Saint Chamond, les joueurs de Dario Gjergja ont failli l&#8217;emporter le week-end dernier \u00e0 Nanterre (91-89). Ils ont m\u00eame eu le ballon de la gagne. Finalement,\u00a0<a class=\"IciLink ici-link IciArticleLink g-ici-body-regular-1 underline brand svelte-lu7k6w\" href=\"https:\/\/www.francebleu.fr\/emissions\/ici-limousin-sport\/basket-le-limoges-csp-s-incline-a-nanterre-mais-n-a-pas-a-rougir-aux-yeux-des-deux-entraineurs-6517687\" rel=\"nofollow noopener\" target=\"_blank\">ils n&rsquo;ont obtenu que les louanges du coach adverse Julien Mah\u00e9<\/a>. Cela fait toujours plaisir \u00e0 entendre mais cela ne fait pas le bonheur de Limougeauds bien d\u00e9cid\u00e9s \u00e0 faire un coup ce samedi sur le parquet de Nancy.<\/p>\n<p>Frank Mason de retour en Lorraine<\/p>\n<p>Pour l&rsquo;occasion, le meneur am\u00e9ricain\u00a0<a class=\"IciLink ici-link IciArticleLink g-ici-body-regular-1 underline brand svelte-lu7k6w\" href=\"https:\/\/www.francebleu.fr\/sports\/basket-handball-volley\/basket-franck-mason-et-le-sluc-c-est-fini-5969494\" rel=\"nofollow noopener\" target=\"_blank\">Frank Mason fera son retour en Lorraine o\u00f9 il a brill\u00e9 avant de partir par la petite porte<\/a>. En jambe dans les Hauts-de-Seine le week-end dernier (19 points, 4 passes d\u00e9cisives, 21 d&rsquo;\u00e9valuation en 30 minutes), il sera l&rsquo;une des cl\u00e9s du match pour le groupe de Dario Gjergja, o\u00f9 les int\u00e9rieurs auront aussi un r\u00f4le important. Notamment\u00a0<a class=\"IciLink ici-link IciArticleLink g-ici-body-regular-1 underline brand svelte-lu7k6w\" href=\"https:\/\/www.francebleu.fr\/emissions\/ici-limousin-sport\/limoges-csp-le-pivot-serbe-et-francophone-nikola-jovanovic-un-super-gars-humble-un-joueur-d-equipe-1255355\" rel=\"nofollow noopener\" target=\"_blank\">le pivot serbe Nikola Jovanovic, encore loin de ses standards, mais qui monte peu \u00e0 peu en puissance<\/a>. Un match \u00e0 vivre en int\u00e9gralit\u00e9 sur ICI Limousin ce samedi. Prise d&rsquo;antenne \u00e0 18h10.<\/p>\n<p>loading<\/p>\n","protected":false},"excerpt":{"rendered":"Le Limoges CSP joue sur le parquet de Nancy ce samedi soir (18h20). Une rencontre \u00e0 vivre en&hellip;\n","protected":false},"author":2,"featured_media":474022,"comment_status":"","ping_status":"","sticky":false,"template":"","format":"standard","meta":{"footnotes":""},"categories":[9635],"tags":[1111,11,1777,674,1011,27,775,1702,12,25],"class_list":{"0":"post-474021","1":"post","2":"type-post","3":"status-publish","4":"format-standard","5":"has-post-thumbnail","7":"category-nancy","8":"tag-actu","9":"tag-actualites","10":"tag-eu","11":"tag-europe","12":"tag-fr","13":"tag-france","14":"tag-grand-est","15":"tag-nancy","16":"tag-news","17":"tag-republique-francaise"},"share_on_mastodon":{"url":"https:\/\/pubeurope.com\/@fr\/115398940018192577","error":""},"_links":{"self":[{"href":"https:\/\/www.europesays.com\/fr\/wp-json\/wp\/v2\/posts\/474021","targetHints":{"allow":["GET"]}}],"collection":[{"href":"https:\/\/www.europesays.com\/fr\/wp-json\/wp\/v2\/posts"}],"about":[{"href":"https:\/\/www.europesays.com\/fr\/wp-json\/wp\/v2\/types\/post"}],"author":[{"embeddable":true,"href":"https:\/\/www.europesays.com\/fr\/wp-json\/wp\/v2\/users\/2"}],"replies":[{"embeddable":true,"href":"https:\/\/www.europesays.com\/fr\/wp-json\/wp\/v2\/comments?post=474021"}],"version-history":[{"count":0,"href":"https:\/\/www.europesays.com\/fr\/wp-json\/wp\/v2\/posts\/474021\/revisions"}],"wp:featuredmedia":[{"embeddable":true,"href":"https:\/\/www.europesays.com\/fr\/wp-json\/wp\/v2\/media\/474022"}],"wp:attachment":[{"href":"https:\/\/www.europesays.com\/fr\/wp-json\/wp\/v2\/media?parent=474021"}],"wp:term":[{"taxonomy":"category","embeddable":true,"href":"https:\/\/www.europesays.com\/fr\/wp-json\/wp\/v2\/categories?post=474021"},{"taxonomy":"post_tag","embeddable":true,"href":"https:\/\/www.europesays.com\/fr\/wp-json\/wp\/v2\/tags?post=474021"}],"curies":[{"name":"wp","href":"https:\/\/api.w.org\/{rel}","templated":true}]}}