{"id":474036,"date":"2025-10-19T04:37:32","date_gmt":"2025-10-19T04:37:32","guid":{"rendered":"https:\/\/www.europesays.com\/fr\/474036\/"},"modified":"2025-10-19T04:37:32","modified_gmt":"2025-10-19T04:37:32","slug":"a-rennes-des-migrants-sans-papiers-cultivent-la-solidarite","status":"publish","type":"post","link":"https:\/\/www.europesays.com\/fr\/474036\/","title":{"rendered":"\u00c0 Rennes, des migrants sans-papiers cultivent la solidarit\u00e9"},"content":{"rendered":"<p>\n                                                Ils sont une dizaine de demandeurs d&rsquo;asile regroup\u00e9s au sein du collectif des Agriculteurs migrants de Rennes. Ils se sont rencontr\u00e9s dans les centres de distributions alimentaires et dans des h\u00e9bergements de fortune avant de se retrouver autour d\u2019un projet agricole commun \u00e0 Melesse \u00e0 une quinzaine de kilom\u00e8tres de Rennes dans le nord-ouest de la France. Une habitante leur a pr\u00eat\u00e9 un hectare de parcelle pour leur projet. Ces migrants originaires d\u2019Afrique subsaharienne, notamment de la C\u00f4te d\u2019Ivoire et du Cameroun, cultivent des fruits et des l\u00e9gumes qu\u2019ils donnent \u00e0 des associations comme les Restos du C\u0153ur et le Secours populaire.                    <\/p>\n<p>De notre envoy\u00e9e sp\u00e9ciale de retour de Rennes,<\/p>\n<p>Eddy-Val\u00e8re Djonang Ngandjeu, originaire du <strong><a href=\"https:\/\/www.rfi.fr\/fr\/tag\/cameroun\/\" target=\"_self\" class=\"gtm-add-suggested-tag\" rel=\"nofollow noopener\">Cameroun<\/a><\/strong>, est sans-papiers et n\u2019a pas le droit de travailler. Pour s\u2019occuper et ayant des connaissances dans l\u2019agriculture, il a cr\u00e9\u00e9 le collectif des Agriculteurs migrants de Rennes et lanc\u00e9 un projet avec d\u2019autres personnes dans la m\u00eame situation que lui.<\/p>\n<p>Ce matin, ils r\u00e9coltent des poireaux, des poivrons et des potirons. Des l\u00e9gumes qui seront distribu\u00e9s aux b\u00e9n\u00e9ficiaires d\u2019associations aidant les personnes en situation de pr\u00e9carit\u00e9. \u00ab\u00a0Lorsqu&rsquo;on partait chercher \u00e0 manger aux Restos du C\u0153ur, on voyait que les Restos du C\u0153ur et le Secours populaire partaient prendre les invendus dans les march\u00e9s pour nous les donner, se souvient\u00a0Eddy-Val\u00e8re Djonang Ngandjeu. On s&rsquo;est demand\u00e9s si on ne pouvait pas \u00e9galement travailler pour accompagner ces \u00e9tablissements alimentaires. Donc, voil\u00e0 comment on s&rsquo;est lanc\u00e9.\u00a0\u00bb<\/p>\n<p>Le collectif des Agriculteurs migrants de Rennes a donn\u00e9 gratuitement pr\u00e8s d\u2019une tonne de l\u00e9gumes au Secours populaire. Malgr\u00e9 le succ\u00e8s de cet essai, Eddy a parfois du mal \u00e0 convaincre d\u2019autres demandeurs d\u2019asile de se joindre \u00e0 eux\u00a0: \u00ab\u00a0Il y en a certains qui, en venant ici, pensaient que la France \u00e9tait un eldorado o\u00f9 tout se donne, o\u00f9 tout se ramasse. Ils ne cessent de nous dire qu\u2019on ne peut pas laisser la terre pour venir la travailler ici. Mais si tout le monde faisaient comme eux, qui travaillerait la terre pour que les autres mangent\u00a0?\u00a0\u00bb<\/p>\n<p> <strong>\u00ab Je veux continuer, c&rsquo;est mon projet\u00a0\u00bb<\/strong> <\/p>\n<p>Kassiri Gbeuli Ellogne travaille avec Eddy. Il souhaite continuer dans l\u2019agriculture\u00a0: \u00ab\u00a0En <strong><a href=\"https:\/\/www.rfi.fr\/fr\/tag\/c\u00f4te-d-ivoire\/\" target=\"_self\" class=\"gtm-add-suggested-tag\" rel=\"nofollow noopener\">C\u00f4te d&rsquo;Ivoire<\/a><\/strong>,\u00a0j&rsquo;\u00e9tais planteur, \u00e9leveur. Je n&rsquo;ai pas chang\u00e9, je veux continuer parce que je sais ce que la terre produit. Donc, j&rsquo;ai eu de la chance d\u2019avoir de la terre ici. Je veux continuer, c&rsquo;est mon projet.\u00a0\u00bb<\/p>\n<p>Pour que ce projet puisse \u00eatre une r\u00e9alit\u00e9, le collectif Campagnes ouvertes et solidaires avait lanc\u00e9 un appel \u00e0 la solidarit\u00e9 qui a fait effet selon Maxime, membre de ce mouvement citoyen\u00a0: \u00ab\u00a0Dans notre collectif, beaucoup sont \u00e0 la Conf\u00e9d\u00e9ration paysanne, syndicat agricole. On a donc relay\u00e9 le message. C&rsquo;est comme \u00e7a qu&rsquo;un paysan a r\u00e9pondu qu\u2019il \u00e9tait pr\u00eat \u00e0 pr\u00eater des terres \u00e0 leur collectif. On a r\u00e9colt\u00e9 du mat\u00e9riel dans une ferme pas tr\u00e8s loin et on leur a amen\u00e9. Et puis apr\u00e8s, le bouche-\u00e0-oreille a fait qu\u2019ils ont re\u00e7u des trucs au fur et \u00e0 mesure.\u00a0\u00bb<\/p>\n<p>Eddy Val\u00e8re et ses camarades ont ouvert une cagnotte pour leur permettre de poursuivre ce projet agricole.<\/p>\n<p class=\"a-read-more\">\u00c0 \u00e9couter aussi<a href=\"https:\/\/www.rfi.fr\/fr\/podcasts\/un-jour-au-village\/20251018-\u00e0-la-rencontre-des-agriculteurs-migrants-de-rennes\" target=\"_self\" class=\"a-read-more__link\" rel=\"nofollow noopener\">\u00c0 la rencontre des agriculteurs migrants de Rennes<\/a><\/p>\n","protected":false},"excerpt":{"rendered":"Ils sont une dizaine de demandeurs d&rsquo;asile regroup\u00e9s au sein du collectif des Agriculteurs migrants de Rennes. Ils&hellip;\n","protected":false},"author":2,"featured_media":474037,"comment_status":"","ping_status":"","sticky":false,"template":"","format":"standard","meta":{"footnotes":""},"categories":[2821],"tags":[1111,11,879,4652,829,1777,674,1011,27,1061,12,584,12373,25],"class_list":{"0":"post-474036","1":"post","2":"type-post","3":"status-publish","4":"format-standard","5":"has-post-thumbnail","7":"category-rennes","8":"tag-actu","9":"tag-actualites","10":"tag-afrique","11":"tag-agriculture-et-peche","12":"tag-bretagne","13":"tag-eu","14":"tag-europe","15":"tag-fr","16":"tag-france","17":"tag-immigration","18":"tag-news","19":"tag-rennes","20":"tag-reportage-afrique","21":"tag-republique-francaise"},"share_on_mastodon":{"url":"https:\/\/pubeurope.com\/@fr\/115398983171728814","error":""},"_links":{"self":[{"href":"https:\/\/www.europesays.com\/fr\/wp-json\/wp\/v2\/posts\/474036","targetHints":{"allow":["GET"]}}],"collection":[{"href":"https:\/\/www.europesays.com\/fr\/wp-json\/wp\/v2\/posts"}],"about":[{"href":"https:\/\/www.europesays.com\/fr\/wp-json\/wp\/v2\/types\/post"}],"author":[{"embeddable":true,"href":"https:\/\/www.europesays.com\/fr\/wp-json\/wp\/v2\/users\/2"}],"replies":[{"embeddable":true,"href":"https:\/\/www.europesays.com\/fr\/wp-json\/wp\/v2\/comments?post=474036"}],"version-history":[{"count":0,"href":"https:\/\/www.europesays.com\/fr\/wp-json\/wp\/v2\/posts\/474036\/revisions"}],"wp:featuredmedia":[{"embeddable":true,"href":"https:\/\/www.europesays.com\/fr\/wp-json\/wp\/v2\/media\/474037"}],"wp:attachment":[{"href":"https:\/\/www.europesays.com\/fr\/wp-json\/wp\/v2\/media?parent=474036"}],"wp:term":[{"taxonomy":"category","embeddable":true,"href":"https:\/\/www.europesays.com\/fr\/wp-json\/wp\/v2\/categories?post=474036"},{"taxonomy":"post_tag","embeddable":true,"href":"https:\/\/www.europesays.com\/fr\/wp-json\/wp\/v2\/tags?post=474036"}],"curies":[{"name":"wp","href":"https:\/\/api.w.org\/{rel}","templated":true}]}}