{"id":474038,"date":"2025-10-19T04:39:22","date_gmt":"2025-10-19T04:39:22","guid":{"rendered":"https:\/\/www.europesays.com\/fr\/474038\/"},"modified":"2025-10-19T04:39:22","modified_gmt":"2025-10-19T04:39:22","slug":"les-supporters-ont-elu-le-meilleur-joueur-parisien-2","status":"publish","type":"post","link":"https:\/\/www.europesays.com\/fr\/474038\/","title":{"rendered":"Les supporters ont \u00e9lu le meilleur joueur parisien"},"content":{"rendered":"<p><strong><b>Vendredi <\/b>au Parc des Princes, le Paris Saint-Germain a fait match nul lors de la <b>8e journ\u00e9e de Ligue 1 <\/b>2025-2026 face \u00e0 <b>Strasbourg\u00a0<\/b>sur le score de 3-3 (<b><a href=\"https:\/\/www.parisfans.fr\/videos-psg\/resume-video-psg-strasbourg-3-3-match-fou-au-parc-des-princes-865220.html\" target=\"_blank\" rel=\"noopener\">r\u00e9sum\u00e9 vid\u00e9o PSG\/Strasbourg<\/a><\/b>). Nous avons ensuite demand\u00e9 \u00e0 nos lecteurs, comme apr\u00e8s chaque match dor\u00e9navant, de voter pour le meilleur parisien de la rencontre. Warren Za\u00efre-Emery (milieu de 19 ans), s\u2019est impos\u00e9.<\/strong><\/p>\n<p><img loading=\"lazy\" decoding=\"async\" class=\"aligncenter size-full wp-image-882432 lazyload\" alt=\"\" width=\"470\" height=\"337\" data-eio=\"p\" src=\"https:\/\/www.europesays.com\/fr\/wp-content\/uploads\/2025\/10\/elu.png\"  data- data-eio-rwidth=\"470\" data-eio-rheight=\"337\"\/><\/p>\n<p>Un succ\u00e8s qui semble assez logique tant le Titi a \u00e9t\u00e9 pr\u00e9cieux au PSG. Fort \u00e0 la r\u00e9cup\u00e9ration du ballon, il a aussi \u00e9t\u00e9 plus entreprenant et pr\u00e9cis dans le jeu que pendant sa p\u00e9riode compliqu\u00e9e. C\u2019est un plaisir de revoir Za\u00efre-Emery \u00e0 ce niveau, on esp\u00e8re qu\u2019il pourra encha\u00eener et monter encore en puissance.<\/p>\n<p>Pour le reste du podium, on retrouve sans surprise les joueurs qui ont \u00e9t\u00e9 d\u00e9cisifs, sans \u00eatre parfaits non plus. Mais Bradley Barcola (attaquant de 23 ans auteur d\u2019un but) et Senny Mayulu (milieu de 19 ans qui a aussi marqu\u00e9), avec D\u00e9sir\u00e9 Dou\u00e9 (milieu\/attaquant de 20 ans auteur d\u2019une passe d\u00e9cisive) jute derri\u00e8re, ont aussi manqu\u00e9 un peu de concurrence dans ce PSG un peu irr\u00e9gulier. On est plus surpris par la 5e place de Lucas Chevalier (gardien de 23 ans).<\/p>\n<p>Merci en tout cas pour vos votes. Pour rappel, le podium de chaque match est utilis\u00e9 ensuite pour l\u2019\u00e9lection du joueur du mois.<\/p>\n<p>\t\t\t\t\t\t\t\t\t\t\t\t\t\t\t\t\t\t\t\t\t\t\t<img loading=\"lazy\" src=\"https:\/\/www.europesays.com\/fr\/wp-content\/uploads\/2025\/04\/ParisFans_Logo.png\" decoding=\"async\" class=\"lazyload\" width=\"240\" height=\"54\" data-eio-rwidth=\"240\" data-eio-rheight=\"54\"\/><\/p>\n","protected":false},"excerpt":{"rendered":"Vendredi au Parc des Princes, le Paris Saint-Germain a fait match nul lors de la 8e journ\u00e9e de&hellip;\n","protected":false},"author":2,"featured_media":474039,"comment_status":"","ping_status":"","sticky":false,"template":"","format":"standard","meta":{"footnotes":""},"categories":[2820],"tags":[1111,11,1777,674,1011,27,775,12,50653,25,640,96],"class_list":{"0":"post-474038","1":"post","2":"type-post","3":"status-publish","4":"format-standard","5":"has-post-thumbnail","7":"category-strasbourg","8":"tag-actu","9":"tag-actualites","10":"tag-eu","11":"tag-europe","12":"tag-fr","13":"tag-france","14":"tag-grand-est","15":"tag-news","16":"tag-psg-strasbourg","17":"tag-republique-francaise","18":"tag-strasbourg","19":"tag-une"},"share_on_mastodon":{"url":"https:\/\/pubeurope.com\/@fr\/115398991656936720","error":""},"_links":{"self":[{"href":"https:\/\/www.europesays.com\/fr\/wp-json\/wp\/v2\/posts\/474038","targetHints":{"allow":["GET"]}}],"collection":[{"href":"https:\/\/www.europesays.com\/fr\/wp-json\/wp\/v2\/posts"}],"about":[{"href":"https:\/\/www.europesays.com\/fr\/wp-json\/wp\/v2\/types\/post"}],"author":[{"embeddable":true,"href":"https:\/\/www.europesays.com\/fr\/wp-json\/wp\/v2\/users\/2"}],"replies":[{"embeddable":true,"href":"https:\/\/www.europesays.com\/fr\/wp-json\/wp\/v2\/comments?post=474038"}],"version-history":[{"count":0,"href":"https:\/\/www.europesays.com\/fr\/wp-json\/wp\/v2\/posts\/474038\/revisions"}],"wp:featuredmedia":[{"embeddable":true,"href":"https:\/\/www.europesays.com\/fr\/wp-json\/wp\/v2\/media\/474039"}],"wp:attachment":[{"href":"https:\/\/www.europesays.com\/fr\/wp-json\/wp\/v2\/media?parent=474038"}],"wp:term":[{"taxonomy":"category","embeddable":true,"href":"https:\/\/www.europesays.com\/fr\/wp-json\/wp\/v2\/categories?post=474038"},{"taxonomy":"post_tag","embeddable":true,"href":"https:\/\/www.europesays.com\/fr\/wp-json\/wp\/v2\/tags?post=474038"}],"curies":[{"name":"wp","href":"https:\/\/api.w.org\/{rel}","templated":true}]}}