{"id":474042,"date":"2025-10-19T04:41:18","date_gmt":"2025-10-19T04:41:18","guid":{"rendered":"https:\/\/www.europesays.com\/fr\/474042\/"},"modified":"2025-10-19T04:41:18","modified_gmt":"2025-10-19T04:41:18","slug":"estrosi-et-ciotti-furieux-de-linterruption-du-match-nice-lyon-pour-des-chants-anti-daech","status":"publish","type":"post","link":"https:\/\/www.europesays.com\/fr\/474042\/","title":{"rendered":"Estrosi et Ciotti furieux de l\u2019interruption du match Nice-Lyon pour des chants anti-Daech"},"content":{"rendered":"<p>Christian Estrosi et \u00c9ric Ciotti sont pour une fois d\u2019accord. Le premier, maire de Nice, et son principal opposant <a href=\"https:\/\/www.20minutes.fr\/politique\/4169796-20250827-elections-municipales-2026-eric-ciotti-annonce-candidature-mairie-nice\" target=\"_blank\" class=\"c-link c-link--is-underlined\" rel=\"nofollow noopener\">aux prochaines \u00e9lections municipales<\/a> ont tous les deux d\u00e9nonc\u00e9 l\u2019interruption momentan\u00e9e du <a href=\"https:\/\/www.20minutes.fr\/sport\/football\/ligue-1\/4180077-20251018-direct-nice-ol-lyon-risque-etre-marque-couac-face-toulouse-suivez-match-ligue-1-16h30\" target=\"_blank\" class=\"c-link c-link--is-underlined\" rel=\"nofollow noopener\">match de Ligue 1 Nice-Lyon<\/a> samedi \u00e0 cause de chants anti-Daech entonn\u00e9s par les supporteurs ni\u00e7ois et jug\u00e9s <a href=\"https:\/\/www.20minutes.fr\/societe\/4171491-20250905-homophobie-pense-tout-profs-lgbt-sentent-assez-proteges\" target=\"_blank\" class=\"c-link c-link--is-underlined\" rel=\"nofollow noopener\">homophobes<\/a>.<\/p>\n<p>Christian Estrosi a regrett\u00e9 sur X la \u00ab\u00a0d\u00e9cision totalement incompr\u00e9hensible d\u2019interrompre la partie \u00e0 la 86e minute, apr\u00e8s le traditionnel chant de nos supporters de la Populaire sud contre Daech et en forme d\u2019hommage aux victimes de l\u2019attentat du 14\u00a0juillet\u00a0\u00bb, ajoutant qu&rsquo;\u00ab\u00a0un peu de pr\u00e9paration et de discernement ne feraient pas de mal dans ces situations\u00a0\u00bb.<\/p>\n<p>L\u2019arbitre aurait \u00ab\u00a0pr\u00e9sent\u00e9 ses excuses\u00a0\u00bb<\/p>\n<p>\u00c9ric Ciotti a lui d\u00e9plor\u00e9 sur le m\u00eame r\u00e9seau social \u00ab\u00a0le manque total de discernement\u00a0\u00bb de l\u2019arbitre et du d\u00e9l\u00e9gu\u00e9 de la rencontre. \u00ab\u00a0Depuis\u00a02016, la (tribune) populaire Sud et de nombreux supporteurs expriment ce que nous pensons tous\u00a0: un message contre Daesh, en hommage aux victimes. Je veux ce soir leur dire mon soutien\u00a0\u00bb, a-t-il \u00e9crit.<\/p>\n<\/p>\n<p>Le pr\u00e9sident de l\u2019OGC Nice Fabrice Bocquet a lui aussi d\u00e9nonc\u00e9 sur les r\u00e9seaux du club \u00ab\u00a0un manque de respect pour les victimes du 14\u00a0juillet, leurs familles et toute la ville de Nice\u00a0\u00bb. Il a expliqu\u00e9 que l\u2019arbitre lui avait dit \u00ab\u00a0avoir voulu appliquer les consignes\u00a0\u00bb et avait \u00ab\u00a0pr\u00e9sent\u00e9 ses excuses\u00a0\u00bb.<\/p>\n<p>Le jeu interrompu deux minutes<\/p>\n<p>\u00c0 l\u2019Allianz Riviera, \u00e0 la 86e minute (comme le nombre de victimes de l\u2019attentat du 14\u00a0juillet 2016) de chaque rencontre de l\u2019OGCN depuis\u00a02016, un c\u0153ur form\u00e9 du nom des victimes s\u2019affiche sur les \u00e9crans du stade et le public se manifeste avec des milliers de lumi\u00e8res de t\u00e9l\u00e9phones mobiles, ainsi que des chants, venus de la tribune populaire sud (\u00ab Daech, Daech, on t\u2019enc\u2026\u00a0\u00bb).<\/p>\n<p><a href=\"https:\/\/www.20minutes.fr\/dossier\/terrorisme\" target=\"_blank\" class=\"c-link c-btn c-btn--primary\" rel=\"nofollow noopener\">Notre dossier sur le Terrorisme<\/a><\/p>\n<p>Samedi, l\u2019arbitre a demand\u00e9 au speaker officiel de faire cesser les chants. Le jeu a \u00e9t\u00e9 interrompu deux minutes puis les m\u00eames exclamations ont repris durant plusieurs secondes d\u00e8s que le jeu a repris.<\/p>\n","protected":false},"excerpt":{"rendered":"Christian Estrosi et \u00c9ric Ciotti sont pour une fois d\u2019accord. Le premier, maire de Nice, et son principal&hellip;\n","protected":false},"author":2,"featured_media":474043,"comment_status":"","ping_status":"","sticky":false,"template":"","format":"standard","meta":{"footnotes":""},"categories":[2819],"tags":[1111,47,11,59746,2397,33909,6537,1777,674,63,1011,27,8717,12,2401,316,882,25,517,133],"class_list":{"0":"post-474042","1":"post","2":"type-post","3":"status-publish","4":"format-standard","5":"has-post-thumbnail","7":"category-nice","8":"tag-actu","9":"tag-actualite","10":"tag-actualites","11":"tag-attentat-du-14-juillet-a-nice","12":"tag-christian-estrosi","13":"tag-daesh","14":"tag-eric-ciotti","15":"tag-eu","16":"tag-europe","17":"tag-football","18":"tag-fr","19":"tag-france","20":"tag-homophobie","21":"tag-news","22":"tag-nice","23":"tag-politique","24":"tag-provence-alpes-cote-dazur","25":"tag-republique-francaise","26":"tag-sport","27":"tag-video"},"share_on_mastodon":{"url":"https:\/\/pubeurope.com\/@fr\/115398998930912194","error":""},"_links":{"self":[{"href":"https:\/\/www.europesays.com\/fr\/wp-json\/wp\/v2\/posts\/474042","targetHints":{"allow":["GET"]}}],"collection":[{"href":"https:\/\/www.europesays.com\/fr\/wp-json\/wp\/v2\/posts"}],"about":[{"href":"https:\/\/www.europesays.com\/fr\/wp-json\/wp\/v2\/types\/post"}],"author":[{"embeddable":true,"href":"https:\/\/www.europesays.com\/fr\/wp-json\/wp\/v2\/users\/2"}],"replies":[{"embeddable":true,"href":"https:\/\/www.europesays.com\/fr\/wp-json\/wp\/v2\/comments?post=474042"}],"version-history":[{"count":0,"href":"https:\/\/www.europesays.com\/fr\/wp-json\/wp\/v2\/posts\/474042\/revisions"}],"wp:featuredmedia":[{"embeddable":true,"href":"https:\/\/www.europesays.com\/fr\/wp-json\/wp\/v2\/media\/474043"}],"wp:attachment":[{"href":"https:\/\/www.europesays.com\/fr\/wp-json\/wp\/v2\/media?parent=474042"}],"wp:term":[{"taxonomy":"category","embeddable":true,"href":"https:\/\/www.europesays.com\/fr\/wp-json\/wp\/v2\/categories?post=474042"},{"taxonomy":"post_tag","embeddable":true,"href":"https:\/\/www.europesays.com\/fr\/wp-json\/wp\/v2\/tags?post=474042"}],"curies":[{"name":"wp","href":"https:\/\/api.w.org\/{rel}","templated":true}]}}