{"id":47405,"date":"2025-04-23T20:01:13","date_gmt":"2025-04-23T20:01:13","guid":{"rendered":"https:\/\/www.europesays.com\/fr\/47405\/"},"modified":"2025-04-23T20:01:13","modified_gmt":"2025-04-23T20:01:13","slug":"soiree-aux-abattoirs-musique-a-la-halle-de-la-machine-expos-onze-idees-de-sorties-a-toulouse","status":"publish","type":"post","link":"https:\/\/www.europesays.com\/fr\/47405\/","title":{"rendered":"Soir\u00e9e aux Abattoirs, musique \u00e0 la Halle de la machine, expos&#8230; Onze id\u00e9es de sorties \u00e0 Toulouse"},"content":{"rendered":"<p>            Par<br \/>\n        <strong><br \/>\n            <a href=\"https:\/\/actu.fr\/auteur\/gabriel-kenedi\" title=\"Consulter tous les articles de Gabriel Kenedi\" rel=\"nofollow noopener\" target=\"_blank\">Gabriel Kenedi<\/a><br \/>\n        <\/strong><\/p>\n<p>        Publi\u00e9 le<\/p>\n<p>            23 avr. 2025 \u00e0 17h47        <\/p>\n<p>C\u2019est une fin de mois d\u2019avril riche en \u00e9v\u00e9nements culturels qui s\u2019annonce \u00e0 <a href=\"https:\/\/actu.fr\/toulouse\/\" rel=\"nofollow noopener\" target=\"_blank\">Toulouse<\/a>. Concerts, th\u00e9\u00e2tre, expositions, foire\u2026 Voici notre s\u00e9lection de rendez-vous \u00e0 faire dans la Ville rose \u00e0 partir du vendredi 25 avril et pendant tout le week-end.<\/p>\n<p>#1. Soir\u00e9e festive aux Abattoirs<br \/>\n      <img   decoding=\"async\" loading=\"lazy\" src=\"https:\/\/www.europesays.com\/fr\/wp-content\/uploads\/2025\/04\/expo-oli-abattoirs-commissaire-toulouse-lf-960x640.jpg\" alt=\"Une soir\u00e9e festive est organis\u00e9e aux Abattoirs autour de l'exposition d'Oli.\" width=\"960\" height=\"640\"\/><br \/>\n    Une soir\u00e9e festive est organis\u00e9e aux Abattoirs autour de l\u2019exposition d\u2019Oli. (\u00a9actu.fr\/L.F.)<\/p>\n<p class=\" wall-content\">\u00ab\u00a0Le Mus\u00e9e imaginaire d\u2019Oli\u00a0\u00bb, l\u2019expo \u00e9v\u00e9nement \u00e0 voir aux Abattoirs, qui a d\u00e9j\u00e0 attir\u00e9 plus de 90 000 visiteurs, va fermer ses portes le 4 mai. Avant cela, <a href=\"https:\/\/actu.fr\/occitanie\/toulouse_31555\/les-abattoirs-annoncent-une-soiree-de-cloture-dejantee-pour-le-musee-imaginaire-d-oli_62494313.html#:~:text=La%20soir%C3%A9e%20de%20cl%C3%B4ture%20du,de%2018h%2030%20%C3%A0%2023h.\" rel=\"nofollow noopener\" target=\"_blank\">une soir\u00e9e de cl\u00f4ture en musique, vendredi 25 avril, avec des artistes de renom<\/a> (<strong>Cut Killer, Veekee, Jiddybruh, Julien Granel<\/strong>\u2026 et un invit\u00e9 surprise !). Bars et restaurations seront \u00e9galement disponibles sur place. Une soir\u00e9e \u00e0 ne pas manquer !\u00a0<\/p>\n<p>Le 25 avril, de 18h30 \u00e0 22h30, au mus\u00e9e des Abattoirs. Tarif : 23 \u20ac. Infos : lesabattoirs.org<\/p>\n<p>#2. Music\u2019halle \u00e0 la Halle de la machine<br \/>\n      <img   decoding=\"async\" loading=\"lazy\" src=\"https:\/\/www.europesays.com\/fr\/wp-content\/uploads\/2025\/04\/araignee-halle-de-la-machine-toulouse-lf-960x640.jpg\" alt=\"mi\" width=\"960\" height=\"640\"\/><br \/>\n    Un week-end musical \u00e0 la Halle de la Machine.(\u00a9Actu.fr\/L.F.)<\/p>\n<p class=\" wall-content\">Le dernier week-end d\u2019avril sera musical ou ne sera pas : les V\u00e9ritables Machinistes musiciens de la Halle de La Machine se r\u00e9unissent autour de Mino Malan, compositeur et chef d\u2019orchestre de la Cie La Machine, <strong>afin de faire vibrer le bestiaire m\u00e9canique<\/strong>. \u00c7a va swinguer !<\/p>\n<p>Les 26 et 27 avril, de 10 heures \u00e0 18 heures. Temps fort compris dans le billet d\u2019entr\u00e9e. Infos halledelamachine.fr<\/p>\n<p>#3. Pierre Garnier au z\u00e9nith<br \/>\n      <img   decoding=\"async\" loading=\"lazy\" src=\"https:\/\/www.europesays.com\/fr\/wp-content\/uploads\/2025\/04\/5280164065e76a680164065e7ba801v-960x640.jpg\" alt=\"Rendez-vous au z\u00e9nith de Toulouse avec Pierre Garnier.\" width=\"960\" height=\"640\"\/><br \/>\n    Rendez-vous au z\u00e9nith de Toulouse avec Pierre Garnier. (\u00a9G\u00e9rard Piwtorak)<\/p>\n<p class=\" wall-content\">Le chanteur Pierre Garnier, <strong>grand vainqueur de la Star Academy en 2024<\/strong>, a connu un immense succ\u00e8s avec son titre \u00ab\u00a0Ceux qu\u2019on \u00e9tait\u00a0\u00bb (vous l\u2019avez ?). Le Normand \u00e2g\u00e9 de 22 ans a m\u00eame \u00e9t\u00e9 depuis r\u00e9compens\u00e9 par deux Victoires de la Musique (r\u00e9velation masculine et chanson de l\u2019ann\u00e9e). Sa venue \u00e0 Toulouse est donc un \u00e9v\u00e9nement.\u00a0<\/p>\n<p>Le 25 avril, \u00e0 partir de 20 heures.\u00a0<\/p>\n<p>#4. Grand classique \u00e0 la Halle aux grains<\/p>\n<p class=\" wall-content\">Un grand concert symphonique sous la direction de <strong>Ton Koopman<\/strong> aura lieu \u00e0 la Halle aux Grains, vendredi 25 avril.\u00a0<\/p>\n<p class=\" wall-content\">Deux chefs-d\u2019\u0153uvre (la Symphonie n\u00b036 dite \u00a0\u00bb Linz \u00a0\u00bb de Mozart et Stabat Mater de Giovanni Battista Pergolesi) seront jou\u00e9s et chant\u00e9s ce soir-l\u00e0 avec la participation de la Ma\u00eetrise de Toulouse cr\u00e9\u00e9e et anim\u00e9e par Mark Opstad. Voil\u00e0 qui s\u2019annonce grandiose !<\/p>\n<p>\u00c0 20 heures. Tarif : de 18 \u00e0 68 \u20ac. Infos<a href=\"https:\/\/onct.toulouse.fr\/\" rel=\"nofollow noopener\" target=\"_blank\"> sur le site de l\u2019ONCT<\/a>.#5. Vu au Grand Rond\u00a0<br \/>\n      <img   decoding=\"async\" loading=\"lazy\" src=\"https:\/\/www.europesays.com\/fr\/wp-content\/uploads\/2025\/04\/vu-theatre-du-grand-rond-960x640.jpg\" alt=\"Vu, \u00e0 voir au Grand Rond.\" width=\"960\" height=\"640\"\/><br \/>\n    Vu, \u00e0 voir au Grand Rond. (\u00a9DR)<\/p>\n<p class=\" wall-content\">\u00c0 la crois\u00e9e du th\u00e9\u00e2tre d\u2019objet, du cirque miniature et du clown involontaire, le spectacle Vu, solo pour manipulateurs d\u2019objets usuels, met en sc\u00e8ne un personnage m\u00e9ticuleux, d\u00e9licat et ordonn\u00e9 \u00e0 outrance. Dans ce spectacle sans parole, la tension monte et in\u00e9vitablement, l\u2019histoire d\u00e9rape. On rit autant que l\u2019on s\u2019\u00e9merveille des micro-bricolages en direct. On s\u2019attendrit autant que l\u2019on s\u2019inqui\u00e8te pour ce personnage miroir de nos propres folies.<\/p>\n<p>Les 25 et 26 avril, \u00e0 21 heures, <a href=\"https:\/\/actu.fr\/occitanie\/toulouse_31555\/c-est-la-saison-de-la-derniere-chance-menace-de-fermeture-un-theatre-de-toulouse-appelle-a-l-aide_61927408.html\" rel=\"nofollow noopener\" target=\"_blank\">au th\u00e9\u00e2tre du Grand Rond<\/a>. Toutes les infos<a href=\"https:\/\/www.grand-rond.org\/\" rel=\"nofollow noopener\" target=\"_blank\"> sur le site de la salle<\/a>.#6. Foire de Toulouse au MEETT\u00a0<br \/>\n      <img   decoding=\"async\" loading=\"lazy\" src=\"https:\/\/www.europesays.com\/fr\/wp-content\/uploads\/2025\/04\/img-1926-960x640.jpeg\" alt=\"Rendez-vous \u00e0 la foire de Toulouse, au MEETT.\" width=\"960\" height=\"640\"\/><br \/>\n    Rendez-vous \u00e0 la foire de Toulouse, au MEETT. (\u00a9L\u00e9a Afonso \/ Actu Toulouse )<\/p>\n<p class=\" wall-content\">Rendez-vous incontournable,<a href=\"https:\/\/actu.fr\/occitanie\/toulouse_31555\/voici-les-deux-nouveautes-a-ne-surtout-pas-rater-cette-annee-a-la-foire-internationale-de-toulouse_62525721.html\" rel=\"nofollow noopener\" target=\"_blank\"> la Foire de Toulouse se poursuit jusqu\u2019au dimanche 27 avril<\/a>, au Meett, le parc des expos de Toulouse M\u00e9tropole situ\u00e9 \u00e0 Aussonne. 550 exposants mais aussi<strong> des man\u00e8ges et de nombreuses animations vous attendent<\/strong>. \u00c0 ne pas manquer non plus, une nocturne anim\u00e9e par des bandas, le 25 avril, de 18h30 \u00e0 22h30.\u00a0<\/p>\n<p>Plus d\u2019infos <a href=\"https:\/\/www.foiredetoulouse.com\/fr\" rel=\"nofollow noopener\" target=\"_blank\">sur le site de la manifestation<\/a>#7. Hippocampe Fou au Rex<\/p>\n<p class=\" wall-content\">Apr\u00e8s des \u00e9tudes de cin\u00e9ma,<strong> Hippocampe Fou<\/strong> d\u00e9bute sa carri\u00e8re musicale au sein du trio 100% vocal \u2018La Secte Phon\u00e9tik\u2019 avant de se lancer en solo. S\u2019inspirant autant de Busta Rhymes que de Georges Brassens, il manie flows acrobatiques, jeux de mots et story-telling avec une dext\u00e9rit\u00e9 surprenante. Il a sorti trois albums et plusieurs EP, truff\u00e9s de textes percussifs et pertinents. Un concert \u00e0 ne pas manquer !<\/p>\n<p>Le 25 avril, \u00e0 partir de 19h30. Tarif : d\u00e8s 23 euros.\u00a0<\/p>\n<p>#8. Keen\u2019V \u00e0 Muret\u00a0<br \/>\n      <img   decoding=\"async\" loading=\"lazy\" src=\"https:\/\/www.europesays.com\/fr\/wp-content\/uploads\/2025\/04\/af8d940825e36d49d940825e3989d9v-960x640.jpg\" alt=\"Keen\u2019v sera au Rex, \u00e0 Toulouse.\" width=\"960\" height=\"640\"\/><br \/>\n    Keen\u2019v sera bient\u00f4t \u00e0 Muret. (\u00a9Ludovic AMELINE\/La Presse de la Manche)<\/p>\n<p class=\" wall-content\">Le <strong>chanteur Keen\u2019V sera sur la sc\u00e8ne de la salle Horizon \u00e0 Muret<\/strong>, pour pr\u00e9senter son nouveau spectacle, \u00ab\u00a0Equilibre Tour\u00a0\u00bb. L\u2019occasion pour l\u2019artiste de c\u00e9l\u00e9brer ses 15 ans de carri\u00e8re. Un concert qui s\u2019annonce forc\u00e9ment festif, comme la musique de l\u2019auteur des tubes \u00ab\u00a0Tahiti\u00a0\u00bb, \u00ab\u00a0J\u2019aimerais trop\u00a0\u00bb ou \u00ab\u00a0Rien qu\u2019une fois\u00a0\u00bb.\u00a0<\/p>\n<p>Le 26 avril, \u00e0 20h30. Tarifs : 44 \u00e0 52 \u20ac. Infos <a href=\"https:\/\/horizon.mairie-muret.fr\/\" rel=\"nofollow noopener\" target=\"_blank\">sur le site d\u00e9di\u00e9<\/a>.#9. Mathame au Bikini\u00a0<br \/>\n      <img   decoding=\"async\" loading=\"lazy\" src=\"https:\/\/www.europesays.com\/fr\/wp-content\/uploads\/2025\/04\/9f7f01ac12086938f01ac1208678f0v-960x640.jpg\" alt=\"Mathame va faire le show !\" width=\"960\" height=\"640\"\/><br \/>\n    Mathame va faire le show ! (\u00a9Wikimedia Commons)<\/p>\n<p class=\" wall-content\">Attention, <a href=\"https:\/\/actu.fr\/occitanie\/toulouse_31555\/sortir-a-toulouse-lun-des-plus-gros-shows-electro-du-moment-debarque-au-bikini_62533114.html\" rel=\"nofollow noopener\" target=\"_blank\">le ph\u00e9nom\u00e8ne Mathame d\u00e9barque<\/a> vendredi 25 avril 2025 au Bikini ! Un projet de techno m\u00e9lodique port\u00e9 par deux fr\u00e8res, <strong>Matteo et Amedeo Giovanell<\/strong>i. Deux fr\u00e8res qui se distinguent par leur capacit\u00e9 \u00e0 cr\u00e9er de la magie avec des paysages sonores \u00e9motionnels et cin\u00e9matographiques, fa\u00e7onnant des mondes de science-fiction et des \u00e9nergies \u00e9th\u00e9r\u00e9es qui persistent dans l\u2019air comme des bougies dans une grande cath\u00e9drale.\u00a0<\/p>\n<p>Vendredi 25 avril 2025. Ouverture des portes : 23h55. Tarifs : 33 \u20ac sur place. Plus d\u2019infos<a href=\"https:\/\/lebikini.com\/\" rel=\"nofollow noopener\" target=\"_blank\"> sur le site du Bikini<\/a>.#10. Red\u00e9couvrir la chapelle des Carm\u00e9lites\u00a0<br \/>\n      <img   decoding=\"async\" loading=\"lazy\" src=\"https:\/\/www.europesays.com\/fr\/wp-content\/uploads\/2025\/04\/img-5051-960x640.jpg\" alt=\"La Chapelle des Carm\u00e9lites propose une programmation culturelle.\" width=\"960\" height=\"640\"\/><br \/>\n    La Chapelle des Carm\u00e9lites propose une programmation culturelle. (\u00a9Romain Piccolo \/ Actu Toulouse)<\/p>\n<p class=\" wall-content\">Apr\u00e8s trois mois de travaux, <a href=\"https:\/\/actu.fr\/occitanie\/toulouse_31555\/toulouse-apres-travaux-cette-magnifique-chapelle-rouvre-au-public-et-offre-un-nouveau-lieu-d-expo_62511728.html\" rel=\"nofollow noopener\" target=\"_blank\">la \u00ab\u00a0chapelle sixtine de Toulouse\u00a0\u00bb vient de rouvrir<\/a>. Une r\u00e9ouverture qui correspond avec le <strong>lancement de la programmation culturelle des lieux<\/strong>, avec de nombreux rendez-vous ces jours prochains, comme le concert la Voix des femmes le 26 avril, les Clefs de Saint-Pierre le 28 avril ou encore le Bourgeois gentilhomme, le 3 mai.<\/p>\n<p>La Chapelle des Carm\u00e9lites, 1 rue du P\u00e9rigord \u00e0 Toulouse.<br \/>Horaires d\u2019ouverture : du mercredi au vendredi de 12 heures \u00e0 19 heures et le samedi et le dimanche de 10 heures \u00e0 19 heures.<\/p>\n<p>#11. Aller dans une expo<\/p>\n<p class=\" wall-content\">Toulouse regorge d\u2019expositions \u00e0 d\u00e9couvrir en ce printemps 2025. Et il y en a pour tous les go\u00fbts. D\u00e9couvrez notre s\u00e9lection dans cet article d\u00e9di\u00e9, <a href=\"https:\/\/actu.fr\/occitanie\/toulouse_31555\/sortie-a-toulouse-voici-les-10-expositions-a-ne-pas-manquer-ce-printemps_62468146.html\" rel=\"nofollow noopener\" target=\"_blank\">en cliquant sur le lien suivant<\/a>.<\/p>\n<p class=\" wall-content\">Suivez toute l\u2019actualit\u00e9 de vos villes et m\u00e9dias favoris en vous inscrivant \u00e0 <a href=\"https:\/\/moncompte.actu.fr\" title=\"D\u00e9couvez Mon Actu\" rel=\"nofollow noopener\" data-trk=\"{&quot;cta&quot;:{&quot;action&quot;:&quot;https:\\\/\\\/moncompte.actu.fr&quot;,&quot;category&quot;:&quot;mon compte&quot;,&quot;from&quot;:&quot;article footer&quot;,&quot;name&quot;:&quot;Mon actu&quot;,&quot;type&quot;:&quot;cta&quot;}}\" target=\"_blank\">Mon Actu<\/a>.<\/p>\n","protected":false},"excerpt":{"rendered":"Par Gabriel Kenedi Publi\u00e9 le 23 avr. 2025 \u00e0 17h47 C\u2019est une fin de mois d\u2019avril riche en&hellip;\n","protected":false},"author":2,"featured_media":47406,"comment_status":"","ping_status":"","sticky":false,"template":"","format":"standard","meta":{"footnotes":""},"categories":[2816],"tags":[1111,11,1777,674,1011,27,1652,12,2680,25,1341,2312],"class_list":{"0":"post-47405","1":"post","2":"type-post","3":"status-publish","4":"format-standard","5":"has-post-thumbnail","7":"category-toulouse","8":"tag-actu","9":"tag-actualites","10":"tag-eu","11":"tag-europe","12":"tag-fr","13":"tag-france","14":"tag-loisirs-culture","15":"tag-news","16":"tag-occitanie","17":"tag-republique-francaise","18":"tag-sortir-a-toulouse","19":"tag-toulouse"},"share_on_mastodon":{"url":"https:\/\/pubeurope.com\/@fr\/114389063280351702","error":""},"_links":{"self":[{"href":"https:\/\/www.europesays.com\/fr\/wp-json\/wp\/v2\/posts\/47405","targetHints":{"allow":["GET"]}}],"collection":[{"href":"https:\/\/www.europesays.com\/fr\/wp-json\/wp\/v2\/posts"}],"about":[{"href":"https:\/\/www.europesays.com\/fr\/wp-json\/wp\/v2\/types\/post"}],"author":[{"embeddable":true,"href":"https:\/\/www.europesays.com\/fr\/wp-json\/wp\/v2\/users\/2"}],"replies":[{"embeddable":true,"href":"https:\/\/www.europesays.com\/fr\/wp-json\/wp\/v2\/comments?post=47405"}],"version-history":[{"count":0,"href":"https:\/\/www.europesays.com\/fr\/wp-json\/wp\/v2\/posts\/47405\/revisions"}],"wp:featuredmedia":[{"embeddable":true,"href":"https:\/\/www.europesays.com\/fr\/wp-json\/wp\/v2\/media\/47406"}],"wp:attachment":[{"href":"https:\/\/www.europesays.com\/fr\/wp-json\/wp\/v2\/media?parent=47405"}],"wp:term":[{"taxonomy":"category","embeddable":true,"href":"https:\/\/www.europesays.com\/fr\/wp-json\/wp\/v2\/categories?post=47405"},{"taxonomy":"post_tag","embeddable":true,"href":"https:\/\/www.europesays.com\/fr\/wp-json\/wp\/v2\/tags?post=47405"}],"curies":[{"name":"wp","href":"https:\/\/api.w.org\/{rel}","templated":true}]}}