{"id":474058,"date":"2025-10-19T04:51:11","date_gmt":"2025-10-19T04:51:11","guid":{"rendered":"https:\/\/www.europesays.com\/fr\/474058\/"},"modified":"2025-10-19T04:51:11","modified_gmt":"2025-10-19T04:51:11","slug":"marseille-cette-maman-attaque-lhopital-elle-navait-pas-signe-pour-le-traitement-experimental-de-sa-fille","status":"publish","type":"post","link":"https:\/\/www.europesays.com\/fr\/474058\/","title":{"rendered":"Marseille. Cette maman attaque l&rsquo;h\u00f4pital, elle n&rsquo;avait pas sign\u00e9 pour le traitement \u00ab\u00a0exp\u00e9rimental\u00a0\u00bb de sa fille"},"content":{"rendered":"<p>            Par<br \/>\n        <strong><br \/>\n            <a href=\"https:\/\/actu.fr\/auteur\/redaction-marseille\" title=\"Consulter tous les articles de R\u00e9daction Marseille\" target=\"_blank\" rel=\"noopener\">R\u00e9daction Marseille<\/a><br \/>\n        <\/strong><\/p>\n<p>        Publi\u00e9 le<\/p>\n<p>            19 oct. 2025 \u00e0 6h10        <\/p>\n<p>La juge des r\u00e9f\u00e9r\u00e9s du tribunal administratif de <a href=\"https:\/\/actu.fr\/marseille\/\" target=\"_blank\" rel=\"noopener\">Marseille<\/a> a rejet\u00e9 coup sur coup, \u00e0 vingt-quatre heures d\u2019intervalle, deux recours d\u2019une m\u00e8re de famille qui contestait le protocole \u00ab\u2009exp\u00e9rimental\u2009\u00bb appliqu\u00e9 \u00e0 sa fille au <strong>centre hospitalier de la Timone,<\/strong> dans le 5e arrondissement de Marseille (<a href=\"https:\/\/actu.fr\/provence-alpes-cote-d-azur\/bouches-du-rhone_13\" target=\"_blank\" rel=\"noopener\">Bouches-du-Rh\u00f4ne<\/a>). Cette enfant est atteinte d\u2019\u00ab acrom\u00e9galie\u2009\u00bb, selon un diagnostic port\u00e9 en f\u00e9vrier 2025\u2009: cette maladie hormonale rare, \u00e9galement connue sous le nom de <strong>\u00ab\u2009maladie de Pierre Marie\u2009\u00bb,<\/strong> entra\u00eene une augmentation progressive de la taille des mains, des pieds et des traits du visage.<\/p>\n<p>Son \u00e9tat de sant\u00e9 \u00ab\u2009s\u2019aggrave\u2009\u00bb<\/p>\n<p class=\" wall-content\">Dans la foul\u00e9e de ce diagnostic, les m\u00e9decins du\u00a0centre hospitalier universitaire (CHU) de la Timone\u00a0avaient donc mis en place <strong>un \u00ab\u2009protocole de soins\u2009\u00bb<\/strong> pour la fille de la requ\u00e9rante. Mais le 16\u00a0septembre 2025, la m\u00e8re de famille avait saisi une premi\u00e8re fois la juge des r\u00e9f\u00e9r\u00e9s du tribunal administratif de Marseille pour faire suspendre ce traitement \u00ab\u2009exp\u00e9rimental\u2009\u00bb.<\/p>\n<p class=\" wall-content\">Il \u00ab\u2009porte atteinte de mani\u00e8re grave et imm\u00e9diate au droit fondamental \u00e0 la vie et \u00e0 la sant\u00e9\u2009\u00bb de sa fille, selon elle, puisque son \u00e9tat de sant\u00e9 \u00ab\u2009s\u2019aggrave depuis la premi\u00e8re injection de somatuline en juin\u00a02025\u2009\u00bb. La requ\u00e9rante assurait n\u2019avoir d\u2019ailleurs <strong>\u00ab\u2009jamais sign\u00e9 aucun consentement pour ce traitement exp\u00e9rimental\u2009\u00bb.<\/strong><\/p>\n<p>Vers le juge de l\u2019exc\u00e8s de pouvoir ?<\/p>\n<p class=\" wall-content\">Mais par une premi\u00e8re ordonnance en date du 23\u00a0septembre 2025 qui vient d\u2019\u00eatre rendue publique, la juge des r\u00e9f\u00e9r\u00e9s du tribunal administratif de Marseille a estim\u00e9 qu\u2019un \u00ab\u2009protocole de soins ne constitue pas une d\u00e9cision susceptible d\u2019\u00eatre d\u00e9f\u00e9r\u00e9e au juge de l\u2019exc\u00e8s de pouvoir\u2009\u00bb.<\/p>\n<p class=\" wall-content\">\u00ab\u2009En outre, la pr\u00e9sente requ\u00eate soumet \u00e9galement au juge un d\u00e9saccord parental sur un traitement m\u00e9dical dont il n\u2019appartient pas au juge administratif de conna\u00eetre\u2009\u00bb, rappelle la magistrate.<\/p>\n<p>D\u2019autres juridictions comp\u00e9tentes<\/p>\n<p class=\" wall-content\">En cas de d\u00e9saccord m\u00e9dical, c\u2019est en fait<strong> le\u00a0juge civil des r\u00e9f\u00e9r\u00e9s<\/strong> qui est comp\u00e9tent. Mais dans le cas de cette jeune fille, la m\u00e8re pourrait aussi se tourner vers <strong>le juge aux affaires familiales,<\/strong> comp\u00e9tent pour trancher les d\u00e9saccords parentaux sur le traitement m\u00e9dical d\u2019un enfant.<\/p>\n<p class=\" wall-content\">Dans une seconde ordonnance en date du lendemain, soit le 24\u00a0septembre 2025, la juge a \u00e9galement \u00e9cart\u00e9 les conclusions \u00ab\u2009manifestement irrecevables\u2009\u00bb de la requ\u00e9rante pour faire suspendre le protocole. \u00ab\u2009La requ\u00eate n\u2019est au demeurant pas accompagn\u00e9e d\u2019une copie de la requ\u00eate au fond\u2009\u00bb, fait observer la juge.<\/p>\n<p class=\" wall-content\"><strong>MJ et GF \/ PressPepper<\/strong><\/p>\n<p class=\" wall-content\">Personnalisez votre actualit\u00e9 en ajoutant vos villes et m\u00e9dias en favori avec <a href=\"https:\/\/moncompte.actu.fr\" title=\"D\u00e9couvez Mon Actu\" rel=\"nofollow noopener\" data-trk=\"{&quot;cta&quot;:{&quot;action&quot;:&quot;https:\\\/\\\/moncompte.actu.fr&quot;,&quot;category&quot;:&quot;mon compte&quot;,&quot;from&quot;:&quot;article footer&quot;,&quot;name&quot;:&quot;Mon actu&quot;,&quot;type&quot;:&quot;cta&quot;}}\" target=\"_blank\">Mon Actu<\/a>.<\/p>\n","protected":false},"excerpt":{"rendered":"Par R\u00e9daction Marseille Publi\u00e9 le 19 oct. 2025 \u00e0 6h10 La juge des r\u00e9f\u00e9r\u00e9s du tribunal administratif de&hellip;\n","protected":false},"author":2,"featured_media":474059,"comment_status":"","ping_status":"","sticky":false,"template":"","format":"standard","meta":{"footnotes":""},"categories":[2814],"tags":[1111,11,1719,1777,674,1011,27,1184,884,12,882,25,71,104],"class_list":{"0":"post-474058","1":"post","2":"type-post","3":"status-publish","4":"format-standard","5":"has-post-thumbnail","7":"category-marseille","8":"tag-actu","9":"tag-actualites","10":"tag-enfants","11":"tag-eu","12":"tag-europe","13":"tag-fr","14":"tag-france","15":"tag-la-timone","16":"tag-marseille","17":"tag-news","18":"tag-provence-alpes-cote-dazur","19":"tag-republique-francaise","20":"tag-sante","21":"tag-societe"},"share_on_mastodon":{"url":"https:\/\/pubeurope.com\/@fr\/115399038371096584","error":""},"_links":{"self":[{"href":"https:\/\/www.europesays.com\/fr\/wp-json\/wp\/v2\/posts\/474058","targetHints":{"allow":["GET"]}}],"collection":[{"href":"https:\/\/www.europesays.com\/fr\/wp-json\/wp\/v2\/posts"}],"about":[{"href":"https:\/\/www.europesays.com\/fr\/wp-json\/wp\/v2\/types\/post"}],"author":[{"embeddable":true,"href":"https:\/\/www.europesays.com\/fr\/wp-json\/wp\/v2\/users\/2"}],"replies":[{"embeddable":true,"href":"https:\/\/www.europesays.com\/fr\/wp-json\/wp\/v2\/comments?post=474058"}],"version-history":[{"count":0,"href":"https:\/\/www.europesays.com\/fr\/wp-json\/wp\/v2\/posts\/474058\/revisions"}],"wp:featuredmedia":[{"embeddable":true,"href":"https:\/\/www.europesays.com\/fr\/wp-json\/wp\/v2\/media\/474059"}],"wp:attachment":[{"href":"https:\/\/www.europesays.com\/fr\/wp-json\/wp\/v2\/media?parent=474058"}],"wp:term":[{"taxonomy":"category","embeddable":true,"href":"https:\/\/www.europesays.com\/fr\/wp-json\/wp\/v2\/categories?post=474058"},{"taxonomy":"post_tag","embeddable":true,"href":"https:\/\/www.europesays.com\/fr\/wp-json\/wp\/v2\/tags?post=474058"}],"curies":[{"name":"wp","href":"https:\/\/api.w.org\/{rel}","templated":true}]}}