{"id":474060,"date":"2025-10-19T04:52:11","date_gmt":"2025-10-19T04:52:11","guid":{"rendered":"https:\/\/www.europesays.com\/fr\/474060\/"},"modified":"2025-10-19T04:52:11","modified_gmt":"2025-10-19T04:52:11","slug":"lyon-ces-agressions-explosent-en-ville-la-justice-en-alerte-cest-une-vraie-priorite","status":"publish","type":"post","link":"https:\/\/www.europesays.com\/fr\/474060\/","title":{"rendered":"Lyon. Ces agressions explosent en ville, la justice en alerte : \u00ab\u00a0C\u2019est une vraie priorit\u00e9\u00a0\u00bb"},"content":{"rendered":"<p>            Par<br \/>\n        <strong><br \/>\n            <a href=\"https:\/\/actu.fr\/auteur\/anthony-soudani\" title=\"Consulter tous les articles de Anthony Soudani\" target=\"_blank\" rel=\"noopener\">Anthony Soudani<\/a><br \/>\n        <\/strong><\/p>\n<p>        Publi\u00e9 le<\/p>\n<p>            19 oct. 2025 \u00e0 6h08        <\/p>\n<p>C\u2019est une pr\u00e9occupation des Lyonnais. <strong>Les arrachages de colliers ont explos\u00e9<\/strong> dans la capitale des Gaules entre 2024 et 2025. Que ce soit en <a href=\"https:\/\/actu.fr\/tag\/presqu-ile\" target=\"_blank\" rel=\"noopener\">Presqu\u2019\u00eele<\/a> ou dans d\u2019autres quartiers, ce ph\u00e9nom\u00e8ne prend une ampleur inqui\u00e9tante.<\/p>\n<p class=\" wall-content\">Comment stopper ces actes de d\u00e9linquance ? Quels sont les moyens de la justice pour y faire face ? Un r\u00e9seau est-il \u00e0 l\u2019\u0153uvre derri\u00e8re ces vols parfois tr\u00e8s violents ? Le procureur de la R\u00e9publique de <a href=\"https:\/\/actu.fr\/auvergne-rhone-alpes\/lyon_69123\" target=\"_blank\" rel=\"noopener\">Lyon<\/a>, Thierry Dran, r\u00e9pond.<\/p>\n<p>\u00ab\u00a0C\u2019est une vraie priorit\u00e9\u00a0\u00bb<\/p>\n<p class=\" wall-content\">\u00ab\u00a0C\u2019est une vraie priorit\u00e9\u00a0\u00bb, affirme le magistrat. \u00ab\u00a0Il y a effectivement <strong>une explosion de ces agressions<\/strong>, en particulier dans la Presqu\u2019\u00eele, qui est tr\u00e8s fr\u00e9quent\u00e9e et festive. Les voleurs cherchent de l\u2019or, donc ils vont l\u00e0 o\u00f9 il y a des gens en portent, mais on en constate aussi dans le 6e arrondissement\u00a0\u00bb, souligne-t-il dans une <a href=\"https:\/\/actu.fr\/auvergne-rhone-alpes\/lyon_69123\/une-hausse-des-violences-a-lyon-thierry-dran-procureur-de-la-republique-repond_63309153.html\" target=\"_blank\" rel=\"noopener\">interview exclusive accord\u00e9e \u00e0 actu Lyon<\/a>.<\/p>\n<p class=\" wall-content\">Face \u00e0 cette d\u00e9linquance qui monte, les forces de s\u00e9curit\u00e9 int\u00e9rieure ont \u00ab\u00a0renforc\u00e9 leur pr\u00e9sence\u00a0\u00bb. \u00ab\u00a0Si vous vous promenez dans ces quartiers, vous verrez qu\u2019il y a souvent des patrouilles, \u00e0 la fois en uniforme et en civil. Cela permet d\u2019en interpeller un certain nombre r\u00e9guli\u00e8rement\u00a0\u00bb, assure le procureur de la R\u00e9publique de Lyon.<\/p>\n<p>    <img   decoding=\"async\" loading=\"lazy\" src=\"https:\/\/www.europesays.com\/fr\/wp-content\/uploads\/2025\/10\/thierry-dran-procureur-de-lyon-3-960x640.jpg\" alt=\"Thierry Dran, procureur de la R\u00e9publique de Lyon, r\u00e9pond aux questions d'actu Lyon.\" width=\"960\" height=\"640\"\/><br \/>\n    Thierry Dran, procureur de la R\u00e9publique de Lyon, explique comment la justice fait face \u00e0 l\u2019explosion des arrachages de colliers en ville. (\u00a9Anthony Soudani \/ actu Lyon)<\/p>\n<p class=\" wall-content\">Thierry Dran explique en d\u00e9tail comment se passe les arrestations qui se font parfois au moment des faits mais aussi, plus tard, dans d\u2019autres affaires : \u00ab\u00a0Ils laissent leur ADN, leurs empreintes, ou sont reconnus par les victimes. Ce n\u2019est pas parce qu\u2019on ne les attrape pas tout de suite qu\u2019ils \u00e9chappent \u00e0 la justice. Ils sont syst\u00e9matiquement d\u00e9f\u00e9r\u00e9s, qu\u2019ils soient mineurs ou majeurs. Et je tiens \u00e0 pr\u00e9ciser que nous pla\u00e7ons aussi des mineurs en d\u00e9tention pour ce type de faits, contrairement \u00e0 ce qu\u2019on peut entendre.\u00a0\u00bb<\/p>\n<p>\u00ab\u00a0Nous travaillons actuellement \u00e0 d\u00e9manteler des r\u00e9seaux\u00a0\u00bb<\/p>\n<p class=\" wall-content\">Le procureur de la R\u00e9publique explique pourquoi les vols de colliers explosent depuis un an. \u00ab\u00a0Le cours de l\u2019or a fortement augment\u00e9, ce qui rend ces vols plus tentants.\u00a0\u00bb<\/p>\n<p>Votre r\u00e9gion, votre actu !<\/p>\n<p>Recevez chaque jour les infos qui comptent pour vous.<\/p>\n<p>\t<a href=\"https:\/\/actu.fr\/newsletter\" class=\"ac-btn ac-btn--corner ac-btn--medium ac-btn--blue800\" target=\"_blank\" rel=\"noopener\">S&rsquo;incrire<\/a><\/p>\n<p class=\" wall-content\">Il poursuit : \u00ab\u00a0Derri\u00e8re, <strong>il y a \u00e9videmment des r\u00e9seaux de revente<\/strong>. Nous travaillons actuellement \u00e0 d\u00e9manteler ces fili\u00e8res.\u00a0\u00bb Le magistrat ne peut pas en dire plus pour le bien de l\u2019enqu\u00eate en cours.<\/p>\n<p class=\" wall-content\">Thierry Dran indique que Lyon n\u2019est pas la seule m\u00e9tropole touch\u00e9e en France. \u00ab\u00a0Il me semble qu\u2019\u00e0 Paris, notamment autour du Champ-de-Mars, ils rencontrent les m\u00eames difficult\u00e9s. Mais \u00e0 Lyon, c\u2019est un vrai sujet d\u2019inqui\u00e9tude.\u00a0\u00bb<\/p>\n<p class=\" wall-content\">Personnalisez votre actualit\u00e9 en ajoutant vos villes et m\u00e9dias en favori avec <a href=\"https:\/\/moncompte.actu.fr\" title=\"D\u00e9couvez Mon Actu\" rel=\"nofollow noopener\" data-trk=\"{&quot;cta&quot;:{&quot;action&quot;:&quot;https:\\\/\\\/moncompte.actu.fr&quot;,&quot;category&quot;:&quot;mon compte&quot;,&quot;from&quot;:&quot;article footer&quot;,&quot;name&quot;:&quot;Mon actu&quot;,&quot;type&quot;:&quot;cta&quot;}}\" target=\"_blank\">Mon Actu<\/a>.<\/p>\n","protected":false},"excerpt":{"rendered":"Par Anthony Soudani Publi\u00e9 le 19 oct. 2025 \u00e0 6h08 C\u2019est une pr\u00e9occupation des Lyonnais. Les arrachages de&hellip;\n","protected":false},"author":2,"featured_media":474061,"comment_status":"","ping_status":"","sticky":false,"template":"","format":"standard","meta":{"footnotes":""},"categories":[1889],"tags":[1111,11,2430,1777,674,1011,27,2825,303,2428,12,25,104],"class_list":{"0":"post-474060","1":"post","2":"type-post","3":"status-publish","4":"format-standard","5":"has-post-thumbnail","7":"category-lyon","8":"tag-actu","9":"tag-actualites","10":"tag-auvergne-rhone-alpes","11":"tag-eu","12":"tag-europe","13":"tag-fr","14":"tag-france","15":"tag-insecurite","16":"tag-justice","17":"tag-lyon","18":"tag-news","19":"tag-republique-francaise","20":"tag-societe"},"share_on_mastodon":{"url":"https:\/\/pubeurope.com\/@fr\/115399042733962292","error":""},"_links":{"self":[{"href":"https:\/\/www.europesays.com\/fr\/wp-json\/wp\/v2\/posts\/474060","targetHints":{"allow":["GET"]}}],"collection":[{"href":"https:\/\/www.europesays.com\/fr\/wp-json\/wp\/v2\/posts"}],"about":[{"href":"https:\/\/www.europesays.com\/fr\/wp-json\/wp\/v2\/types\/post"}],"author":[{"embeddable":true,"href":"https:\/\/www.europesays.com\/fr\/wp-json\/wp\/v2\/users\/2"}],"replies":[{"embeddable":true,"href":"https:\/\/www.europesays.com\/fr\/wp-json\/wp\/v2\/comments?post=474060"}],"version-history":[{"count":0,"href":"https:\/\/www.europesays.com\/fr\/wp-json\/wp\/v2\/posts\/474060\/revisions"}],"wp:featuredmedia":[{"embeddable":true,"href":"https:\/\/www.europesays.com\/fr\/wp-json\/wp\/v2\/media\/474061"}],"wp:attachment":[{"href":"https:\/\/www.europesays.com\/fr\/wp-json\/wp\/v2\/media?parent=474060"}],"wp:term":[{"taxonomy":"category","embeddable":true,"href":"https:\/\/www.europesays.com\/fr\/wp-json\/wp\/v2\/categories?post=474060"},{"taxonomy":"post_tag","embeddable":true,"href":"https:\/\/www.europesays.com\/fr\/wp-json\/wp\/v2\/tags?post=474060"}],"curies":[{"name":"wp","href":"https:\/\/api.w.org\/{rel}","templated":true}]}}