{"id":474062,"date":"2025-10-19T04:53:12","date_gmt":"2025-10-19T04:53:12","guid":{"rendered":"https:\/\/www.europesays.com\/fr\/474062\/"},"modified":"2025-10-19T04:53:12","modified_gmt":"2025-10-19T04:53:12","slug":"lyon-un-nouvel-escalier-de-rue-entierement-peint-voici-ou-ladmirer","status":"publish","type":"post","link":"https:\/\/www.europesays.com\/fr\/474062\/","title":{"rendered":"Lyon. Un nouvel escalier de rue enti\u00e8rement peint, voici o\u00f9 l&rsquo;admirer"},"content":{"rendered":"<p>            Par<br \/>\n        <strong><br \/>\n            <a href=\"https:\/\/actu.fr\/auteur\/ludivine-caporal\" title=\"Consulter tous les articles de Ludivine Caporal\" target=\"_blank\" rel=\"noopener\">Ludivine Caporal<\/a><br \/>\n        <\/strong><\/p>\n<p>        Publi\u00e9 le<\/p>\n<p>            19 oct. 2025 \u00e0 6h04        <\/p>\n<p>Un an apr\u00e8s la partie basse, <strong>la partie haute<\/strong> de l\u2019escalier de la rue Pouteau dans les pentes de la <a href=\"https:\/\/actu.fr\/tag\/croix-rousse\" target=\"_blank\" rel=\"noopener\">Croix-Rousse<\/a> (1er) est d\u00e9sormais enti\u00e8rement color\u00e9e.<\/p>\n<p class=\" wall-content\">Cette nouvelle fresque, tout juste inaugur\u00e9e ce vendredi 17\u00a0octobre, a \u00e9t\u00e9 r\u00e9alis\u00e9e par l\u2019artiste lyonnaise Romane Bonsoir et repr\u00e9sente diff\u00e9rents \u00e9l\u00e9ments de l\u2019oc\u00e9an. De quoi se fondre parfaitement dans le paysage, les marches du bas \u00e9tant d\u00e9j\u00e0 <a href=\"https:\/\/actu.fr\/auvergne-rhone-alpes\/lyon_69123\/lyon-un-nouvel-escalier-a-ete-peint-et-son-look-est-incroyable-voici-ou-le-decouvrir_61679852.html\" target=\"_blank\" rel=\"noopener\">d\u00e9cor\u00e9es en bleu, avec de grandes carpes.<\/a><\/p>\n<p>Plus de 3\u2009000 votes des habitants<\/p>\n<p class=\" wall-content\">\u00ab\u2009Une \u0153uvre participative haute en couleurs, fruit de la cr\u00e9ativit\u00e9 de Romane Bonsoir et de l\u2019\u00e9nergie collective des habitantes et habitants des Pentes\u2009\u00bb, commente, ravie, la mairie du 1\u1d49\u02b3 arrondissement. La fresque, l\u2019artiste et le lieu s\u00e9lectionn\u00e9 ont en effet \u00e9t\u00e9 <strong>soumis aux votes<\/strong> des Lyonnais, qui ont \u00e9t\u00e9 plus de 3\u2009000 \u00e0 participer.<\/p>\n<p class=\" wall-content\">\u00ab\u2009Les escaliers peints font d\u00e9sormais partie de l\u2019identit\u00e9 des Pentes \u2014 et l\u2019enthousiasme autour du projet des escaliers Pouteau en est une nouvelle preuve\u2009!\u2009\u00bb, se f\u00e9licite la collectivit\u00e9.<\/p>\n<p>    <a href=\"https:\/\/www.google.com\/maps\/embed?pb=!1m18!1m12!1m3!1d2782.967310446717!2d4.833315167327844!3d45.77184537340413!2m3!1f0!2f0!3f0!3m2!1i1024!2i768!4f13.1!3m3!1m2!1s0x47f4eafd1c0f98cf%3A0x579bf5109c8d4827!2s1%20Rue%20Diderot%2C%2069001%20Lyon!5e0!3m2!1sfr!2sfr!4v1760624345867!5m2!1sfr!2sfr\" title=\"Ouvrie le lien\" target=\"_blank\" rel=\"noopener\">Cliquez ici pour visualiser le contenu<\/a><\/p>\n<p class=\" wall-content\">Pour retrouver facilement cette nouvelle \u0153uvre, il suffit de se rendre \u00e0 l\u2019intersection de la rue Diderot et de la rue Pouteau. \u00c0 vos appareils photos\u2009!<\/p>\n<p class=\" wall-content\">Personnalisez votre actualit\u00e9 en ajoutant vos villes et m\u00e9dias en favori avec <a href=\"https:\/\/moncompte.actu.fr\" title=\"D\u00e9couvez Mon Actu\" rel=\"nofollow noopener\" data-trk=\"{&quot;cta&quot;:{&quot;action&quot;:&quot;https:\\\/\\\/moncompte.actu.fr&quot;,&quot;category&quot;:&quot;mon compte&quot;,&quot;from&quot;:&quot;article footer&quot;,&quot;name&quot;:&quot;Mon actu&quot;,&quot;type&quot;:&quot;cta&quot;}}\" target=\"_blank\">Mon Actu<\/a>.<\/p>\n","protected":false},"excerpt":{"rendered":"Par Ludivine Caporal Publi\u00e9 le 19 oct. 2025 \u00e0 6h04 Un an apr\u00e8s la partie basse, la partie&hellip;\n","protected":false},"author":2,"featured_media":474063,"comment_status":"","ping_status":"","sticky":false,"template":"","format":"standard","meta":{"footnotes":""},"categories":[1889],"tags":[1111,11,2430,2838,1777,674,1011,27,2428,12,25,104,7189],"class_list":{"0":"post-474062","1":"post","2":"type-post","3":"status-publish","4":"format-standard","5":"has-post-thumbnail","7":"category-lyon","8":"tag-actu","9":"tag-actualites","10":"tag-auvergne-rhone-alpes","11":"tag-croix-rousse","12":"tag-eu","13":"tag-europe","14":"tag-fr","15":"tag-france","16":"tag-lyon","17":"tag-news","18":"tag-republique-francaise","19":"tag-societe","20":"tag-street-art"},"share_on_mastodon":{"url":"https:\/\/pubeurope.com\/@fr\/115399046156864482","error":""},"_links":{"self":[{"href":"https:\/\/www.europesays.com\/fr\/wp-json\/wp\/v2\/posts\/474062","targetHints":{"allow":["GET"]}}],"collection":[{"href":"https:\/\/www.europesays.com\/fr\/wp-json\/wp\/v2\/posts"}],"about":[{"href":"https:\/\/www.europesays.com\/fr\/wp-json\/wp\/v2\/types\/post"}],"author":[{"embeddable":true,"href":"https:\/\/www.europesays.com\/fr\/wp-json\/wp\/v2\/users\/2"}],"replies":[{"embeddable":true,"href":"https:\/\/www.europesays.com\/fr\/wp-json\/wp\/v2\/comments?post=474062"}],"version-history":[{"count":0,"href":"https:\/\/www.europesays.com\/fr\/wp-json\/wp\/v2\/posts\/474062\/revisions"}],"wp:featuredmedia":[{"embeddable":true,"href":"https:\/\/www.europesays.com\/fr\/wp-json\/wp\/v2\/media\/474063"}],"wp:attachment":[{"href":"https:\/\/www.europesays.com\/fr\/wp-json\/wp\/v2\/media?parent=474062"}],"wp:term":[{"taxonomy":"category","embeddable":true,"href":"https:\/\/www.europesays.com\/fr\/wp-json\/wp\/v2\/categories?post=474062"},{"taxonomy":"post_tag","embeddable":true,"href":"https:\/\/www.europesays.com\/fr\/wp-json\/wp\/v2\/tags?post=474062"}],"curies":[{"name":"wp","href":"https:\/\/api.w.org\/{rel}","templated":true}]}}