{"id":474078,"date":"2025-10-19T05:04:13","date_gmt":"2025-10-19T05:04:13","guid":{"rendered":"https:\/\/www.europesays.com\/fr\/474078\/"},"modified":"2025-10-19T05:04:13","modified_gmt":"2025-10-19T05:04:13","slug":"185-migrants-secourus-en-24-heures","status":"publish","type":"post","link":"https:\/\/www.europesays.com\/fr\/474078\/","title":{"rendered":"185 migrants secourus en 24 heures"},"content":{"rendered":"<p>&#13;<br \/>\n                        Travers\u00e9es vers l&rsquo;Angleterre : 185 migrants secourus en 24 heures&#13;\n                    <\/p>\n<p style=\"text-align:\">Cent quatre-vingt-cinq migrants ont \u00e9t\u00e9 secourus entre le 17 et 18 octobre dans les eaux fran\u00e7aises alors qu&rsquo;ils tentaient de rejoindre l&rsquo;Angleterre \u00e0 bord d&#8217;embarcations clandestines, a indiqu\u00e9 samedi 18 octobre la pr\u00e9fecture maritime de la Manche et de la mer du Nord.<\/p>\n<p><a href=\"https:\/\/lecourrier.vn\/sur-la-manche-le-ballet-de-canots-taxis-venant-chercher-des-migrants\/1285929.html\" title=\"Sur la Manche, le ballet de canots-taxis venant chercher des migrants\" target=\"_blank\" rel=\"noopener\">&gt;&gt; Sur la Manche, le ballet de canots-taxis venant chercher des migrants<\/a><\/p>\n<p><a href=\"https:\/\/lecourrier.vn\/espagne-sept-migrants-retrouves-morts-sur-des-plages-andalouses\/1290123.html\" title=\"Espagne : sept migrants retrouv\u00e9s morts sur des plages andalouses\" target=\"_blank\" rel=\"noopener\">&gt;&gt; Espagne : sept migrants retrouv\u00e9s morts sur des plages andalouses<\/a><\/p>\n<p><a href=\"https:\/\/lecourrier.vn\/grece-deux-morts-dans-un-nouveau-naufrage-de-migrants-en-mer-egee\/1293173.html\" title=\"Gr\u00e8ce : deux morts dans un nouveau naufrage de migrants en mer \u00c9g\u00e9e\" target=\"_blank\" rel=\"noopener\">&gt;&gt; Gr\u00e8ce : deux morts dans un nouveau naufrage de migrants en mer \u00c9g\u00e9e<\/a><\/p>\n<tr>\n<td class=\"pic\"><img decoding=\"async\" class=\"lazyload\" src=\"https:\/\/www.europesays.com\/fr\/wp-content\/uploads\/2025\/10\/111028-2.jpg\" alt=\"\"\/><\/td>\n<\/tr>\n<tr>\n<td class=\"caption\">Des migrants \u00e0 bord de bateaux de passeurs tentent de traverser la Manche au large de la plage de Gravelines, dans le Nord, le 27 septembre.<\/td>\n<\/tr>\n<tr align=\"right\">\n<td class=\"author\">Photo : AFP\/VNA\/CVN<\/td>\n<\/tr>\n<p style=\"text-align:left\">Le 17 octobre au matin, deux op\u00e9rations de sauvetage ont respectivement men\u00e9 \u00e0 la prise en charge de 81 passagers d&rsquo;une embarcation partie de la baie de Somme, et \u00e0 celle de 80 personnes demandant \u00e0 \u00eatre secourues \u00e0 la suite de l&rsquo;avarie de leur bateau au large d&rsquo;Equihen-Plage (Pas-de-Calais), indique la pr\u00e9fecture maritime (Pr\u00e9mar) dans un communiqu\u00e9.<\/p>\n<p style=\"text-align:left\">Enfin, dans la nuit du 17 au 18 octobre, 24 passagers d&rsquo;une autre embarcation ont \u00e9t\u00e9 pris en charge lors d&rsquo;une tentative de travers\u00e9e partie des dunes de la Slack (Pas-de-Calais), tandis que les autres passagers de l&#8217;embarcation ont souhait\u00e9 poursuivre leur route.<\/p>\n<p style=\"text-align:left\">D&rsquo;apr\u00e8s les chiffres officiels du Home Office (minist\u00e8re de l&rsquo;Int\u00e9rieur) britannique, aucun \u00ab\u00a0small boat\u00a0\u00bb, du nom des embarcations de fortune utilis\u00e9es pour ces tentatives clandestines de travers\u00e9e de la Manche, n&rsquo;est arriv\u00e9 en Angleterre le 17 octobre.<\/p>\n<p style=\"text-align:left\">Malgr\u00e9 le renforcement r\u00e9gulier des moyens fran\u00e7ais pour emp\u00eacher ces travers\u00e9es &#8211; avec un soutien financier cons\u00e9quent du Royaume-Uni &#8211; ces d\u00e9parts ne faiblissent pas: plus de 36.300 migrants sont arriv\u00e9s en Angleterre \u00e0 bord de \u00ab\u00a0small boats\u00a0\u00bb depuis le 1er janvier, selon les autorit\u00e9s britanniques. C&rsquo;est presque autant que sur la m\u00eame p\u00e9riode en 2022 (37.600), ann\u00e9e record en termes de travers\u00e9es de la Manche par \u00ab\u00a0small boats\u00a0\u00bb.<\/p>\n<p style=\"text-align:left\">Au moins 27 migrants sont morts cette ann\u00e9e lors de tentatives de travers\u00e9es clandestines de la fronti\u00e8re franco-britannique, selon un d\u00e9compte de l&rsquo;AFP \u00e0 partir de donn\u00e9es officielles.<\/p>\n<p style=\"text-align:left\">Un nouvel accord migratoire entre Londres et Paris, entr\u00e9 en vigueur en ao\u00fbt, pr\u00e9voit des \u00e9changes de migrants entre les deux pays sur le principe du \u00ab\u00a0un pour un\u00a0\u00bb : pour une personne renvoy\u00e9e du Royaume-Uni, Londres accepte l&rsquo;entr\u00e9e d&rsquo;une autre venant de France, par voie l\u00e9gale.<\/p>\n<p style=\"text-align:left\">Mais ce dispositif, tr\u00e8s critiqu\u00e9 par les ONG et expos\u00e9 \u00e0 des recours en justice, n&rsquo;a qu&rsquo;une port\u00e9e essentiellement symbolique pour l&rsquo;instant, ne dissuadant gu\u00e8re l&rsquo;immense majorit\u00e9 des candidats \u00e0 l&rsquo;exil de tenter des travers\u00e9es clandestines.<\/p>\n<p style=\"text-align:right\"><b>AFP\/VNA\/CVN<\/b><\/p>\n","protected":false},"excerpt":{"rendered":"&#13; Travers\u00e9es vers l&rsquo;Angleterre : 185 migrants secourus en 24 heures&#13; Cent quatre-vingt-cinq migrants ont \u00e9t\u00e9 secourus entre&hellip;\n","protected":false},"author":2,"featured_media":474079,"comment_status":"","ping_status":"","sticky":false,"template":"","format":"standard","meta":{"footnotes":""},"categories":[1588],"tags":[11,4708,1777,674,27,14653,1251,12,473,1853,1851,1850,1852],"class_list":{"0":"post-474078","1":"post","2":"type-post","3":"status-publish","4":"format-standard","5":"has-post-thumbnail","7":"category-royaume-uni","8":"tag-actualites","9":"tag-angleterre","10":"tag-eu","11":"tag-europe","12":"tag-france","13":"tag-manche","14":"tag-migrants","15":"tag-news","16":"tag-royaume-uni","17":"tag-royaume-uni-de-grande-bretagne-et-dirlande-du-nord","18":"tag-uk","19":"tag-united-kingdom","20":"tag-united-kingdom-of-great-britain-and-northern-ireland"},"share_on_mastodon":{"url":"https:\/\/pubeurope.com\/@fr\/115399090136334387","error":""},"_links":{"self":[{"href":"https:\/\/www.europesays.com\/fr\/wp-json\/wp\/v2\/posts\/474078","targetHints":{"allow":["GET"]}}],"collection":[{"href":"https:\/\/www.europesays.com\/fr\/wp-json\/wp\/v2\/posts"}],"about":[{"href":"https:\/\/www.europesays.com\/fr\/wp-json\/wp\/v2\/types\/post"}],"author":[{"embeddable":true,"href":"https:\/\/www.europesays.com\/fr\/wp-json\/wp\/v2\/users\/2"}],"replies":[{"embeddable":true,"href":"https:\/\/www.europesays.com\/fr\/wp-json\/wp\/v2\/comments?post=474078"}],"version-history":[{"count":0,"href":"https:\/\/www.europesays.com\/fr\/wp-json\/wp\/v2\/posts\/474078\/revisions"}],"wp:featuredmedia":[{"embeddable":true,"href":"https:\/\/www.europesays.com\/fr\/wp-json\/wp\/v2\/media\/474079"}],"wp:attachment":[{"href":"https:\/\/www.europesays.com\/fr\/wp-json\/wp\/v2\/media?parent=474078"}],"wp:term":[{"taxonomy":"category","embeddable":true,"href":"https:\/\/www.europesays.com\/fr\/wp-json\/wp\/v2\/categories?post=474078"},{"taxonomy":"post_tag","embeddable":true,"href":"https:\/\/www.europesays.com\/fr\/wp-json\/wp\/v2\/tags?post=474078"}],"curies":[{"name":"wp","href":"https:\/\/api.w.org\/{rel}","templated":true}]}}