{"id":474088,"date":"2025-10-19T05:11:16","date_gmt":"2025-10-19T05:11:16","guid":{"rendered":"https:\/\/www.europesays.com\/fr\/474088\/"},"modified":"2025-10-19T05:11:16","modified_gmt":"2025-10-19T05:11:16","slug":"municipales-2026-tensions-au-sein-de-la-france-insoumise-de-nancy","status":"publish","type":"post","link":"https:\/\/www.europesays.com\/fr\/474088\/","title":{"rendered":"Municipales 2026. Tensions au sein de la France insoumise de Nancy"},"content":{"rendered":"<p>En route vers le premier tour des \u00e9lections municipales de 2026 pour les Insoumis de Nancy.<\/p>\n<p>Les militantes et militants du parti fond\u00e9 par <a href=\"https:\/\/www.estrepublicain.fr\/p\/jean-luc-melenchon\" target=\"_blank\" rel=\"noopener\">Jean-Luc M\u00e9lenchon<\/a>, et coordonn\u00e9 aujourd\u2019hui par <a href=\"https:\/\/www.estrepublicain.fr\/p\/manuel-bompard\" target=\"_blank\" rel=\"noopener\">Manuel Bompard<\/a>, ont d\u00e9marr\u00e9 leur campagne en mai\u00a02025 apr\u00e8s avoir officialis\u00e9 la nomination d\u2019 <a href=\"https:\/\/www.estrepublicain.fr\/elections\/2025\/05\/23\/les-insoumis-se-mettent-en-marche-a-nancy\" target=\"_blank\" rel=\"noopener\">Hadrien Fournet et de Sarah Farghaly<\/a> comme \u00ab\u00a0bin\u00f4me paritaire de chefs de file en vue des \u00e9lections\u00a0\u00bb.<\/p>\n<p>Selon nos informations, les Insoumis nanc\u00e9iens sont convoqu\u00e9s \u00e0 une \u00ab\u00a0assembl\u00e9e municipale\u00a0\u00bb, comme on dit chez les Insoumis, le mercredi 29\u00a0octobre, \u00e0 18\u00a0h, \u00e0 la r\u00e9sidence Habitat Jeunes Mara\u00e9, rue Saint-Georges, pour valider une t\u00eate de liste pour mars prochain.<\/p>\n<p>\u00c0 cette heure, tout porte \u00e0 croire qu\u2019Hadrien Fournet sera t\u00eate de liste. Au grand dam d\u2019une trentaine de militants locaux\u2026 Car la position d\u2019Hadrien Fournet est contest\u00e9e.<\/p>\n<p>  Courrier \u00e0 Paris<\/p>\n<p>Avant l\u2019\u00e9t\u00e9, ces militants m\u00e9contents ont \u00e9crit une lettre au \u00ab\u00a0comit\u00e9 \u00e9lectoral\u00a0\u00bb de la France insoumise, passage Dubail, \u00e0 Paris. Dans ce courrier de deux pages, ils d\u00e9noncent l\u2019installation du bin\u00f4me Fournet-Farghaly. \u00ab\u00a0Lors de l\u2019assembl\u00e9e municipale du 1er \u00a0avril, ce bin\u00f4me n\u2019a aucunement fait consensus\u00a0\u00bb, expliquent les militants.<\/p>\n<p>Ils ajoutent\u00a0: \u00ab\u00a0Ce bin\u00f4me n\u2019est pas en mesure de r\u00e9unir les Insoumis et Insoumises de Nancy. Il est impensable que l\u2019avis des militants soit si peu consid\u00e9r\u00e9. Nous demandons de revoir une d\u00e9cision qui risque d\u2019\u00eatre pr\u00e9judiciable \u00e0 la mobilisation et \u00e0 l\u2019unit\u00e9 du mouvement local, et d\u2019aider \u00e0 trouver une r\u00e9solution v\u00e9ritablement consensuelle\u2026\u00a0\u00bb<\/p>\n<p>Contact\u00e9s jeudi 16\u00a0octobre, deux de ces militants, qui souhaitent demeurer anonymes, par \u00ab\u00a0peur de repr\u00e9sailles\u00a0\u00bb, expliquent que la \u00ab\u00a0gestion humaine locale par le bin\u00f4me install\u00e9 pose des difficult\u00e9s \u00e0 beaucoup\u00a0: crises de col\u00e8re r\u00e9guli\u00e8re, management autoritaire\u00a0\u00bb.<\/p>\n<p>\u00ab\u00a0Chez LFI, on discute normalement avec tout le monde. L\u00e0, ce n\u2019est plus le cas. Et Paris ne s\u2019en rend plus compte, c\u2019est terrible pour nous\u00a0\u00bb, commentent-ils.<\/p>\n<p>  \u00ab\u00a0Des d\u00e9bats en notre sein\u00a0\u00bb<\/p>\n<p>Sollicit\u00e9 ce samedi 18\u00a0octobre, Hadrien Fournet r\u00e9pond\u00a0: \u00ab\u00a0La d\u00e9signation de notre bin\u00f4me s\u2019est faite apr\u00e8s une assembl\u00e9e municipale o\u00f9 chaque militant de la France insoumise a pu d\u00e9fendre son choix de candidature et de strat\u00e9gie, et a \u00e9t\u00e9 valid\u00e9e par le comit\u00e9 \u00e9lectoral de la France insoumise.\u00a0Ce bin\u00f4me rassemble aujourd\u2019hui tr\u00e8s largement.\u00a0Comme dans toute organisation politique, il existe des d\u00e9bats en notre sein et certaines personnes peuvent \u00eatre en d\u00e9saccord avec la strat\u00e9gie ou les candidatures retenues. Elles ont pu l\u2019exprimer, pour celles et ceux qui s\u2019y sont d\u00e9plac\u00e9s, lors des assembl\u00e9es municipales, en toute libert\u00e9. Mais le choix tr\u00e8s majoritaire du collectif militant doit \u00eatre respect\u00e9, et les d\u00e9saccords doivent s\u2019exprimer dans le respect des principes de fonctionnement de la France insoumise, et non par voie de presse\u00a0\u00bb.<\/p>\n<p>Hadrien Fournet ne veut pas \u00e9voquer la future t\u00eate de liste\u00a0: \u00ab\u00a0Les Insoumis et Insoumises de Nancy se r\u00e9uniront en effet prochainement en assembl\u00e9e municipale pour discuter collectivement du choix de la t\u00eate de liste. Chacun pourra y participer et exprimer son opinion. Nous ne pouvons pas aujourd\u2019hui vous indiquer qui occupera cette fonction importante, puisqu\u2019elle sera d\u00e9cid\u00e9e collectivement.\u00a0\u00bb <\/p>\n<p>  Premier tour d\u00e9cevant en 2020<\/p>\n<p>Il y a six ans, lors du dernier scrutin municipal, Nordine Jouira avait pr\u00e9sent\u00e9 au premier tour <a href=\"https:\/\/www.estrepublicain.fr\/politique\/2020\/02\/26\/presentation-de-la-liste-nancy-en-commun-avec-nordine-jouira\" target=\"_blank\" rel=\"noopener\">la liste \u00ab\u00a0Nancy en commun\u00a0\u00bb<\/a> , soutenue par La France Insoumise.<\/p>\n<p>Nordine Jouira affirmait \u00e0 l\u2019\u00e9poque \u00ab\u00a0s\u2019engager dans cette \u00e9lection avec une \u00e9quipe \u00e9galitaire, soud\u00e9e et motiv\u00e9e, chacune avec son r\u00f4le \u00e0 jouer pour r\u00e9pondre au mieux aux urgences \u00e9cologiques, d\u00e9mocratiques et sociales\u00a0\u00bb.<\/p>\n<p>Hadrien Fournet \u00e9tait d\u00e9j\u00e0 aux avant-postes du combat local, troisi\u00e8me sur la liste.<\/p>\n<p>La formule avait moyennement march\u00e9 pour eux alors\u00a0: la liste n\u2019avait r\u00e9colt\u00e9 <a href=\"https:\/\/www.estrepublicain.fr\/elections\/resultats\/elections-municipales-2020?commune=54395\" target=\"_blank\" rel=\"noopener\"> que 819 voix<\/a> , soit 4,48\u00a0% des suffrages.<\/p>\n","protected":false},"excerpt":{"rendered":"En route vers le premier tour des \u00e9lections municipales de 2026 pour les Insoumis de Nancy. Les militantes&hellip;\n","protected":false},"author":2,"featured_media":474089,"comment_status":"","ping_status":"","sticky":false,"template":"","format":"standard","meta":{"footnotes":""},"categories":[4],"tags":[11,1704,4188,1011,27,2338,1702,1703,12,316,25],"class_list":{"0":"post-474088","1":"post","2":"type-post","3":"status-publish","4":"format-standard","5":"has-post-thumbnail","7":"category-france","8":"tag-actualites","9":"tag-edition-nancy-et-agglomeration","10":"tag-elections-municipales","11":"tag-fr","12":"tag-france","13":"tag-la-france-insoumise","14":"tag-nancy","15":"tag-nancy-ville-54b","16":"tag-news","17":"tag-politique","18":"tag-republique-francaise"},"share_on_mastodon":{"url":"https:\/\/pubeurope.com\/@fr\/115399116846650294","error":""},"_links":{"self":[{"href":"https:\/\/www.europesays.com\/fr\/wp-json\/wp\/v2\/posts\/474088","targetHints":{"allow":["GET"]}}],"collection":[{"href":"https:\/\/www.europesays.com\/fr\/wp-json\/wp\/v2\/posts"}],"about":[{"href":"https:\/\/www.europesays.com\/fr\/wp-json\/wp\/v2\/types\/post"}],"author":[{"embeddable":true,"href":"https:\/\/www.europesays.com\/fr\/wp-json\/wp\/v2\/users\/2"}],"replies":[{"embeddable":true,"href":"https:\/\/www.europesays.com\/fr\/wp-json\/wp\/v2\/comments?post=474088"}],"version-history":[{"count":0,"href":"https:\/\/www.europesays.com\/fr\/wp-json\/wp\/v2\/posts\/474088\/revisions"}],"wp:featuredmedia":[{"embeddable":true,"href":"https:\/\/www.europesays.com\/fr\/wp-json\/wp\/v2\/media\/474089"}],"wp:attachment":[{"href":"https:\/\/www.europesays.com\/fr\/wp-json\/wp\/v2\/media?parent=474088"}],"wp:term":[{"taxonomy":"category","embeddable":true,"href":"https:\/\/www.europesays.com\/fr\/wp-json\/wp\/v2\/categories?post=474088"},{"taxonomy":"post_tag","embeddable":true,"href":"https:\/\/www.europesays.com\/fr\/wp-json\/wp\/v2\/tags?post=474088"}],"curies":[{"name":"wp","href":"https:\/\/api.w.org\/{rel}","templated":true}]}}